{"id":7412,"date":"2020-03-18T17:00:44","date_gmt":"2020-03-18T20:00:44","guid":{"rendered":"https:\/\/justicapotiguar.com.br\/?p=7412"},"modified":"2020-03-18T14:16:18","modified_gmt":"2020-03-18T17:16:18","slug":"prova-anual-de-vida-de-aposentados-e-pensionistas-esta-suspensa-por-120-dias-no-trt-rn","status":"publish","type":"post","link":"https:\/\/justicapotiguar.com.br\/index.php\/2020\/03\/18\/prova-anual-de-vida-de-aposentados-e-pensionistas-esta-suspensa-por-120-dias-no-trt-rn\/","title":{"rendered":"Prova anual de vida de aposentados e pensionistas est\u00e1 suspensa por 120 dias no TRT-RN"},"content":{"rendered":"\n<div class=\"wp-block-image\"><figure class=\"aligncenter\"><img loading=\"lazy\" width=\"350\" height=\"230\" src=\"https:\/\/justicapotiguar.com.br\/wp-content\/uploads\/2020\/03\/TRT-RN-Preven\u00e7\u00e3o-Coronav\u00edrus_0.jpg\" alt=\"\" class=\"wp-image-7413\" srcset=\"https:\/\/justicapotiguar.com.br\/wp-content\/uploads\/2020\/03\/TRT-RN-Preven\u00e7\u00e3o-Coronav\u00edrus_0.jpg 350w, https:\/\/justicapotiguar.com.br\/wp-content\/uploads\/2020\/03\/TRT-RN-Preven\u00e7\u00e3o-Coronav\u00edrus_0-300x197.jpg 300w\" sizes=\"(max-width: 350px) 100vw, 350px\" \/><figcaption><strong>Foto: Ilustrativa<\/strong><\/figcaption><\/figure><\/div>\n\n\n\n<p>O ato publicado pela Presid\u00eancia do Tribunal Regional do Trabalho da 21\u00aa Regi\u00e3o (TRT-RN) nessa ter\u00e7a-feira (17) sobre medidas de preven\u00e7\u00e3o ao coronav\u00edrus trouxe uma informa\u00e7\u00e3o importante para os aposentados e pensionistas: a suspens\u00e3o da prova anual de vida.<\/p>\n\n\n\n<p>A informa\u00e7\u00e3o consta no artigo 5\u00ba do ato: &#8220;Fica suspensa a prova de vida anual obrigat\u00f3ria de aposentados e pensionistas, pelo prazo de 120 dias&#8221;.<\/p>\n\n\n\n<p>O ato foi elaborado em conson\u00e2ncia com o Comit\u00ea Permanente de Avalia\u00e7\u00e3o de Medidas Preventivas para monitorar e integrar a\u00e7\u00f5es de enfrentamento ao novo coronav\u00edrus no \u00e2mbito da Justi\u00e7a do Trabalho do Rio Grande do Norte.<\/p><div class=\"yykxz69ef4e5c8736d\" ><!--<a href=\"https:\/\/bit.ly\/3QdrqTZ\" target=\"_blank\">\n<img src=\"https:\/\/justicapotiguar.com.br\/wp-content\/uploads\/2023\/09\/mobile-geral.gif\"\/><a\/>--><\/div><style type=\"text\/css\">\r\n.yykxz69ef4e5c8736d {\r\ntext-align: center;\r\n}\r\n@media screen and (min-width: 1201px) {\r\n.yykxz69ef4e5c8736d {\r\ndisplay: none;\r\n}\r\n}\r\n@media screen and (min-width: 993px) and (max-width: 1200px) {\r\n.yykxz69ef4e5c8736d {\r\ndisplay: none;\r\n}\r\n}\r\n@media screen and (min-width: 769px) and (max-width: 992px) {\r\n.yykxz69ef4e5c8736d {\r\ndisplay: none;\r\n}\r\n}\r\n@media screen and (min-width: 768px) and (max-width: 768px) {\r\n.yykxz69ef4e5c8736d {\r\ndisplay: block;\r\n}\r\n}\r\n@media screen and (max-width: 767px) {\r\n.yykxz69ef4e5c8736d {\r\ndisplay: block;\r\n}\r\n}\r\n<\/style>\r\n<div class=\"qtinr69ef4e5c87350\" ><!--<a href=\"https:\/\/bit.ly\/3QdrqTZ\" target=\"_blank\">\n<img src=\"https:\/\/justicapotiguar.com.br\/wp-content\/uploads\/2023\/09\/desktop-geral.gif\"\/><a\/>--><\/div><style type=\"text\/css\">\r\n.qtinr69ef4e5c87350 {\r\ntext-align: center;\nmargin-bottom: 1em;\r\n}\r\n@media screen and (min-width: 1201px) {\r\n.qtinr69ef4e5c87350 {\r\ndisplay: block;\r\n}\r\n}\r\n@media screen and (min-width: 993px) and (max-width: 1200px) {\r\n.qtinr69ef4e5c87350 {\r\ndisplay: block;\r\n}\r\n}\r\n@media screen and (min-width: 769px) and (max-width: 992px) {\r\n.qtinr69ef4e5c87350 {\r\ndisplay: block;\r\n}\r\n}\r\n@media screen and (min-width: 768px) and (max-width: 768px) {\r\n.qtinr69ef4e5c87350 {\r\ndisplay: none;\r\n}\r\n}\r\n@media screen and (max-width: 767px) {\r\n.qtinr69ef4e5c87350 {\r\ndisplay: none;\r\n}\r\n}\r\n<\/style>\r\n\n\n\n\n<p>Confira o ato na \u00edntegra:\u00a0<a href=\"http:\/\/bit.ly\/2WrKLET\">http:\/\/bit.ly\/2WrKLET<\/a><\/p>\n\n\n\n<p><strong>TRT RN<\/strong><\/p>\n","protected":false},"excerpt":{"rendered":"<p>Fica suspensa a prova de vida anual obrigat\u00f3ria de aposentados e pensionistas, pelo prazo de 120 dias.<br \/><a class=\"more-link\" href=\"https:\/\/justicapotiguar.com.br\/index.php\/2020\/03\/18\/prova-anual-de-vida-de-aposentados-e-pensionistas-esta-suspensa-por-120-dias-no-trt-rn\/\">Mais&#8230;<\/a><\/p>\n","protected":false},"author":6,"featured_media":7413,"comment_status":"open","ping_status":"open","sticky":false,"template":"","format":"standard","meta":[],"categories":[3],"tags":[],"_links":{"self":[{"href":"https:\/\/justicapotiguar.com.br\/index.php\/wp-json\/wp\/v2\/posts\/7412"}],"collection":[{"href":"https:\/\/justicapotiguar.com.br\/index.php\/wp-json\/wp\/v2\/posts"}],"about":[{"href":"https:\/\/justicapotiguar.com.br\/index.php\/wp-json\/wp\/v2\/types\/post"}],"author":[{"embeddable":true,"href":"https:\/\/justicapotiguar.com.br\/index.php\/wp-json\/wp\/v2\/users\/6"}],"replies":[{"embeddable":true,"href":"https:\/\/justicapotiguar.com.br\/index.php\/wp-json\/wp\/v2\/comments?post=7412"}],"version-history":[{"count":1,"href":"https:\/\/justicapotiguar.com.br\/index.php\/wp-json\/wp\/v2\/posts\/7412\/revisions"}],"predecessor-version":[{"id":7414,"href":"https:\/\/justicapotiguar.com.br\/index.php\/wp-json\/wp\/v2\/posts\/7412\/revisions\/7414"}],"wp:featuredmedia":[{"embeddable":true,"href":"https:\/\/justicapotiguar.com.br\/index.php\/wp-json\/wp\/v2\/media\/7413"}],"wp:attachment":[{"href":"https:\/\/justicapotiguar.com.br\/index.php\/wp-json\/wp\/v2\/media?parent=7412"}],"wp:term":[{"taxonomy":"category","embeddable":true,"href":"https:\/\/justicapotiguar.com.br\/index.php\/wp-json\/wp\/v2\/categories?post=7412"},{"taxonomy":"post_tag","embeddable":true,"href":"https:\/\/justicapotiguar.com.br\/index.php\/wp-json\/wp\/v2\/tags?post=7412"}],"curies":[{"name":"wp","href":"https:\/\/api.w.org\/{rel}","templated":true}]}}