{"id":7385,"date":"2020-03-18T10:20:04","date_gmt":"2020-03-18T13:20:04","guid":{"rendered":"https:\/\/justicapotiguar.com.br\/?p=7385"},"modified":"2020-03-18T09:48:59","modified_gmt":"2020-03-18T12:48:59","slug":"coronavirus-tce-suspende-prazos-processuais-visitacao-publica-e-flexibiliza-teletrabalho","status":"publish","type":"post","link":"https:\/\/justicapotiguar.com.br\/index.php\/2020\/03\/18\/coronavirus-tce-suspende-prazos-processuais-visitacao-publica-e-flexibiliza-teletrabalho\/","title":{"rendered":"Coronav\u00edrus: TCE suspende prazos processuais, visita\u00e7\u00e3o p\u00fablica e flexibiliza teletrabalho"},"content":{"rendered":"\n<figure class=\"wp-block-image\"><img loading=\"lazy\" width=\"700\" height=\"510\" src=\"https:\/\/justicapotiguar.com.br\/wp-content\/uploads\/2020\/03\/portaria_coronavirus_para_site_com_dados.jpg\" alt=\"\" class=\"wp-image-7386\" srcset=\"https:\/\/justicapotiguar.com.br\/wp-content\/uploads\/2020\/03\/portaria_coronavirus_para_site_com_dados.jpg 700w, https:\/\/justicapotiguar.com.br\/wp-content\/uploads\/2020\/03\/portaria_coronavirus_para_site_com_dados-300x219.jpg 300w\" sizes=\"(max-width: 700px) 100vw, 700px\" \/><\/figure>\n\n\n\n<p>O Tribunal de Contas do Estado (TCE-RN) publicou nesta quarta-feira (18\/03) a Portaria N\u00ba 094\/2020, que estabelece medidas preventivas para a redu\u00e7\u00e3o dos riscos de contamina\u00e7\u00e3o com o coronav\u00edrus (COVID-19), alterando pelo per\u00edodo de 30 dias o funcionamento regular do \u00f3rg\u00e3o, sem preju\u00edzo da adequada presta\u00e7\u00e3o dos servi\u00e7os.<\/p>\n\n\n\n<p>Est\u00e3o suspensos os prazos processuais, a visita\u00e7\u00e3o p\u00fablica \u00e0s depend\u00eancias do TCE-RN, com exce\u00e7\u00e3o das partes e advogados habilitados, a entrada de p\u00fablico externo no restaurante do Tribunal, a partir do dia 21 de mar\u00e7o de 2020, e a realiza\u00e7\u00e3o de qualquer evento em espa\u00e7os de uso coletivo, audit\u00f3rio e salas de aula, al\u00e9m de eventos presenciais de capacita\u00e7\u00e3o e treinamento.<\/p>\n\n\n\n<p>As sess\u00f5es est\u00e3o mantidas no Plen\u00e1rio e C\u00e2maras, mas com acesso limitado somente \u00e0s partes e aos advogados habilitados em processos inclu\u00eddos na ordem do dia, conforme divulga\u00e7\u00e3o das pautas de julgamento no Di\u00e1rio Eletr\u00f4nico do TCE, desde que n\u00e3o estejam com sintomas de doen\u00e7as respirat\u00f3rias (febre e sintomas respirat\u00f3rios, como tosse seca, dor de garganta, mialgia, cefaleia e prostra\u00e7\u00e3o, dificuldade para respirar, batimento das asas nasais, entre outros).<\/p>\n\n\n\n<p>Fica estabelecida a quarentena aos Conselheiros, Conselheiros Substitutos, Procuradores do Minist\u00e9rio P\u00fablico de Contas, servidores e estagi\u00e1rios que estiveram em pa\u00edses e regi\u00f5es monitorados pelo Brasil e catalogados no portal do Minist\u00e9rio da Sa\u00fade ou que tenham mantido contato pr\u00f3ximo com pessoas que retornaram de locais onde existam casos confirmados de infec\u00e7\u00e3o por Coronavirus (COVID-19), constantes na referida lista.<\/p><div class=\"lnaws69f3823645717\" ><!--<a href=\"https:\/\/bit.ly\/3QdrqTZ\" target=\"_blank\">\n<img src=\"https:\/\/justicapotiguar.com.br\/wp-content\/uploads\/2023\/09\/mobile-geral.gif\"\/><a\/>--><\/div><style type=\"text\/css\">\r\n.lnaws69f3823645717 {\r\ntext-align: center;\r\n}\r\n@media screen and (min-width: 1201px) {\r\n.lnaws69f3823645717 {\r\ndisplay: none;\r\n}\r\n}\r\n@media screen and (min-width: 993px) and (max-width: 1200px) {\r\n.lnaws69f3823645717 {\r\ndisplay: none;\r\n}\r\n}\r\n@media screen and (min-width: 769px) and (max-width: 992px) {\r\n.lnaws69f3823645717 {\r\ndisplay: none;\r\n}\r\n}\r\n@media screen and (min-width: 768px) and (max-width: 768px) {\r\n.lnaws69f3823645717 {\r\ndisplay: block;\r\n}\r\n}\r\n@media screen and (max-width: 767px) {\r\n.lnaws69f3823645717 {\r\ndisplay: block;\r\n}\r\n}\r\n<\/style>\r\n<div class=\"rplen69f38236456fb\" ><!--<a href=\"https:\/\/bit.ly\/3QdrqTZ\" target=\"_blank\">\n<img src=\"https:\/\/justicapotiguar.com.br\/wp-content\/uploads\/2023\/09\/desktop-geral.gif\"\/><a\/>--><\/div><style type=\"text\/css\">\r\n.rplen69f38236456fb {\r\ntext-align: center;\nmargin-bottom: 1em;\r\n}\r\n@media screen and (min-width: 1201px) {\r\n.rplen69f38236456fb {\r\ndisplay: block;\r\n}\r\n}\r\n@media screen and (min-width: 993px) and (max-width: 1200px) {\r\n.rplen69f38236456fb {\r\ndisplay: block;\r\n}\r\n}\r\n@media screen and (min-width: 769px) and (max-width: 992px) {\r\n.rplen69f38236456fb {\r\ndisplay: block;\r\n}\r\n}\r\n@media screen and (min-width: 768px) and (max-width: 768px) {\r\n.rplen69f38236456fb {\r\ndisplay: none;\r\n}\r\n}\r\n@media screen and (max-width: 767px) {\r\n.rplen69f38236456fb {\r\ndisplay: none;\r\n}\r\n}\r\n<\/style>\r\n\n\n\n\n<p>Enquanto durar o estado de pandemia, as unidades do Tribunal est\u00e3o autorizadas a liberar os servidores para execu\u00e7\u00e3o de suas tarefas na modalidade de teletrabalho, flexibilizando-se as regras previstas na Resolu\u00e7\u00e3o n\u00ba 008\/2019-TCE, e priorizando: portadores de doen\u00e7as cr\u00f4nicas e comorbidades, devidamente comprovadas por atestado m\u00e9dico; gestantes; servidores com filhos menores de 1 ano; e aqueles que forem maiores de 60 anos.<\/p>\n\n\n\n<p>As demandas externas&nbsp;podem ser encaminhadas via Fale Conosco&nbsp;(<a href=\"http:\/\/www.tce.rn.gov.br\/Ouvidoria\/FaleConosco\">http:\/\/www.tce.rn.gov.br\/Ouvidoria\/FaleConosco<\/a>)&nbsp;ou E-SIC (<a href=\"http:\/\/www.tce.rn.gov.br\/SIC\/Apresentacao\">http:\/\/www.tce.rn.gov.br\/SIC\/Apresentacao<\/a>). Nos casos relacionados a mandados recebidos, o TCE disponibiliza o e-mail dae@tcern.gov.br.<\/p>\n\n\n\n<p><strong><em>Confira a \u00edntegra da Portaria N\u00ba 094\/2020 no link abaixo:<\/em><\/strong><\/p>\n","protected":false},"excerpt":{"rendered":"<p>TCE-RN publicou nesta quarta-feira (18\/03) a Portaria N\u00ba 094\/2020, que estabelece medidas preventivas para a redu\u00e7\u00e3o dos riscos de contamina\u00e7\u00e3o com o coronav\u00edrus <br \/><a class=\"more-link\" href=\"https:\/\/justicapotiguar.com.br\/index.php\/2020\/03\/18\/coronavirus-tce-suspende-prazos-processuais-visitacao-publica-e-flexibiliza-teletrabalho\/\">Mais&#8230;<\/a><\/p>\n","protected":false},"author":6,"featured_media":7386,"comment_status":"open","ping_status":"open","sticky":false,"template":"","format":"standard","meta":[],"categories":[3],"tags":[],"_links":{"self":[{"href":"https:\/\/justicapotiguar.com.br\/index.php\/wp-json\/wp\/v2\/posts\/7385"}],"collection":[{"href":"https:\/\/justicapotiguar.com.br\/index.php\/wp-json\/wp\/v2\/posts"}],"about":[{"href":"https:\/\/justicapotiguar.com.br\/index.php\/wp-json\/wp\/v2\/types\/post"}],"author":[{"embeddable":true,"href":"https:\/\/justicapotiguar.com.br\/index.php\/wp-json\/wp\/v2\/users\/6"}],"replies":[{"embeddable":true,"href":"https:\/\/justicapotiguar.com.br\/index.php\/wp-json\/wp\/v2\/comments?post=7385"}],"version-history":[{"count":1,"href":"https:\/\/justicapotiguar.com.br\/index.php\/wp-json\/wp\/v2\/posts\/7385\/revisions"}],"predecessor-version":[{"id":7387,"href":"https:\/\/justicapotiguar.com.br\/index.php\/wp-json\/wp\/v2\/posts\/7385\/revisions\/7387"}],"wp:featuredmedia":[{"embeddable":true,"href":"https:\/\/justicapotiguar.com.br\/index.php\/wp-json\/wp\/v2\/media\/7386"}],"wp:attachment":[{"href":"https:\/\/justicapotiguar.com.br\/index.php\/wp-json\/wp\/v2\/media?parent=7385"}],"wp:term":[{"taxonomy":"category","embeddable":true,"href":"https:\/\/justicapotiguar.com.br\/index.php\/wp-json\/wp\/v2\/categories?post=7385"},{"taxonomy":"post_tag","embeddable":true,"href":"https:\/\/justicapotiguar.com.br\/index.php\/wp-json\/wp\/v2\/tags?post=7385"}],"curies":[{"name":"wp","href":"https:\/\/api.w.org\/{rel}","templated":true}]}}