{"id":7369,"date":"2020-03-17T18:24:53","date_gmt":"2020-03-17T21:24:53","guid":{"rendered":"https:\/\/justicapotiguar.com.br\/?p=7369"},"modified":"2020-03-17T18:24:53","modified_gmt":"2020-03-17T21:24:53","slug":"confira-portaria-tj-rn-suspende-audiencias-e-sessoes","status":"publish","type":"post","link":"https:\/\/justicapotiguar.com.br\/index.php\/2020\/03\/17\/confira-portaria-tj-rn-suspende-audiencias-e-sessoes\/","title":{"rendered":"CONFIRA PORTARIA: TJ RN suspende audi\u00eancias e sess\u00f5es"},"content":{"rendered":"\n<figure class=\"wp-block-image\"><img loading=\"lazy\" width=\"750\" height=\"500\" src=\"https:\/\/justicapotiguar.com.br\/wp-content\/uploads\/2020\/02\/TJRN-6.jpg\" alt=\"\" class=\"wp-image-6120\" srcset=\"https:\/\/justicapotiguar.com.br\/wp-content\/uploads\/2020\/02\/TJRN-6.jpg 750w, https:\/\/justicapotiguar.com.br\/wp-content\/uploads\/2020\/02\/TJRN-6-300x200.jpg 300w\" sizes=\"(max-width: 750px) 100vw, 750px\" \/><\/figure>\n\n\n\n<p> O Tribunal de Justi\u00e7a do Estado do Rio Grande do Norte publicou nesta ter\u00e7a-feira, 17, uma portaria conjunta com a Corregedoria Geral de Justi\u00e7a (n\u00ba 15\/2020), devido ao quadro de pandemia, declarado pela Organiza\u00e7\u00e3o Mundial da Sa\u00fade (OMS), no dia 11 de mar\u00e7o, o Tribunal de Justi\u00e7a do Rio Grande do Norte publicou nesta segunda-feira, 16, que determina novas medidas preventivas para a redu\u00e7\u00e3o dos riscos de contamina\u00e7\u00e3o com Coronav\u00edrus entre magistrados, servidores e a popula\u00e7\u00e3o que circula nos pr\u00e9dios do Poder Judici\u00e1rio, utilizando seus servi\u00e7os. <\/p>\n\n\n\n<p>De acordo com a portaria ficam suspensas at\u00e9 31 de mar\u00e7o de 2020, as audi\u00eancias e sess\u00f5es judiciais presenciais, inclusive as do J\u00fari, as audi\u00eancias presenciais no \u00e2mbito do N\u00facleo Permanente de M\u00e9todos Consensuais de Solu\u00e7\u00e3o de Conflitos (NUPEMEC) e dos Centros Judici\u00e1rios de Solu\u00e7\u00e3o de Conflitos e Cidadania (CEJUSCs), os prazos processuais dos feitos que tramitam fisicamente, at\u00e9 o dia 31 de mar\u00e7o de 2020, salvo os relativos \u00e0s decis\u00f5es em habeas corpus, julgamento virtual e de expedi\u00e7\u00e3o de alvar\u00e1s.<\/p>\n\n\n\n<p> Os prazos dos processos que tramitam no Sistema Processual Eletr\u00f4nico (PJe), bem como as sess\u00f5es virtuais, ocorrer\u00e3o normalmente, dentro do regramento legal estabelecido. Nos casos de julgamentos virtuais no \u00e2mbito do 2\u00ba grau de jurisdi\u00e7\u00e3o, se houver destaque para adiamento, o julgamento ser\u00e1 realizado na sess\u00e3o presencial. <\/p>\n\n\n\n<p>As audi\u00eancias de cust\u00f3dia, bem como as de r\u00e9u preso, devem ser realizadas por videoconfer\u00eancia, nos locais onde houver a possibilidade t\u00e9cnica. Fica suspensa a presta\u00e7\u00e3o do servi\u00e7o volunt\u00e1rio at\u00e9 ulterior delibera\u00e7\u00e3o. A Secretaria de Tecnologia da Informa\u00e7\u00e3o e Comunica\u00e7\u00e3o (SETIC) dever\u00e1 auxiliar todas as unidades do Poder Judici\u00e1rio do Estado do Rio Grande Norte quanto \u00e0 ado\u00e7\u00e3o de medidas para utiliza\u00e7\u00e3o preferencial do julgamento virtual e videoconfer\u00eancia para a realiza\u00e7\u00e3o de reuni\u00f5es e audi\u00eancias. <\/p><div class=\"hzute69f2fddacca5c\" ><!--<a href=\"https:\/\/bit.ly\/3QdrqTZ\" target=\"_blank\">\n<img src=\"https:\/\/justicapotiguar.com.br\/wp-content\/uploads\/2023\/09\/mobile-geral.gif\"\/><a\/>--><\/div><style type=\"text\/css\">\r\n.hzute69f2fddacca5c {\r\ntext-align: center;\r\n}\r\n@media screen and (min-width: 1201px) {\r\n.hzute69f2fddacca5c {\r\ndisplay: none;\r\n}\r\n}\r\n@media screen and (min-width: 993px) and (max-width: 1200px) {\r\n.hzute69f2fddacca5c {\r\ndisplay: none;\r\n}\r\n}\r\n@media screen and (min-width: 769px) and (max-width: 992px) {\r\n.hzute69f2fddacca5c {\r\ndisplay: none;\r\n}\r\n}\r\n@media screen and (min-width: 768px) and (max-width: 768px) {\r\n.hzute69f2fddacca5c {\r\ndisplay: block;\r\n}\r\n}\r\n@media screen and (max-width: 767px) {\r\n.hzute69f2fddacca5c {\r\ndisplay: block;\r\n}\r\n}\r\n<\/style>\r\n<div class=\"xrbvu69f2fddacca42\" ><!--<a href=\"https:\/\/bit.ly\/3QdrqTZ\" target=\"_blank\">\n<img src=\"https:\/\/justicapotiguar.com.br\/wp-content\/uploads\/2023\/09\/desktop-geral.gif\"\/><a\/>--><\/div><style type=\"text\/css\">\r\n.xrbvu69f2fddacca42 {\r\ntext-align: center;\nmargin-bottom: 1em;\r\n}\r\n@media screen and (min-width: 1201px) {\r\n.xrbvu69f2fddacca42 {\r\ndisplay: block;\r\n}\r\n}\r\n@media screen and (min-width: 993px) and (max-width: 1200px) {\r\n.xrbvu69f2fddacca42 {\r\ndisplay: block;\r\n}\r\n}\r\n@media screen and (min-width: 769px) and (max-width: 992px) {\r\n.xrbvu69f2fddacca42 {\r\ndisplay: block;\r\n}\r\n}\r\n@media screen and (min-width: 768px) and (max-width: 768px) {\r\n.xrbvu69f2fddacca42 {\r\ndisplay: none;\r\n}\r\n}\r\n@media screen and (max-width: 767px) {\r\n.xrbvu69f2fddacca42 {\r\ndisplay: none;\r\n}\r\n}\r\n<\/style>\r\n\n\n\n\n<p>A distribui\u00e7\u00e3o de memoriais para os desembargadores dever\u00e1 ocorrer exclusivamente de forma eletr\u00f4nica, em arquivo PDF, no formul\u00e1rio dispon\u00edvel no site do Tribunal de Justi\u00e7a do Estado do Rio Grande do Norte. Os magistrados e servidores autorizados a trabalharem remotamente devem: I &#8211; providenciar e manter estruturas f\u00edsica e tecnol\u00f3gica necess\u00e1rias e adequadas \u00e0 realiza\u00e7\u00e3o do trabalho remoto; II &#8211; manter telefones de contato permanentemente atualizados e ativos durante o hor\u00e1rio de expediente definido para os servidores que atuam nas depend\u00eancias dos Gabinetes dos Desembargadores, Ju\u00edzes e Secret\u00e1rios; III &#8211; consultar diariamente a sua caixa postal individual de correio eletr\u00f4nico institucional; e IV &#8211; manter a chefia imediata informada acerca da evolu\u00e7\u00e3o do trabalho e de eventuais dificuldades que possam atrasar ou prejudicar o seu andamento. <\/p>\n\n\n\n<p>Fica institu\u00eddo o Comit\u00ea de Gest\u00e3o de Crise com a finalidade de avaliar a conjuntura geral diariamente e decidir sobre situa\u00e7\u00f5es n\u00e3o previstas nesta Portaria Conjunta, com a seguinte composi\u00e7\u00e3o: I &#8211; Desembargador Jo\u00e3o Batista Rodrigues Rebou\u00e7as, Presidente do TJRN, que presidir\u00e1 o Comit\u00ea; II &#8211; Desembargador Amaury Moura Sobrinho, Corregedor-Geral de Justi\u00e7a; III &#8211; Juiz Auxiliar da Presid\u00eancia, Dr. Geraldo Ant\u00f4nio da Mota; IV &#8211; Ju\u00edza Auxiliar da Presid\u00eancia, Dr\u00aa Ana Cl\u00e1udia Secundo da Luz; V &#8211; Juiz Presidente da Associa\u00e7\u00e3o dos Magistrados do Rio Grande do Norte, Dr. Jos\u00e9 Herval Sampaio J\u00fanior; VI &#8211; Secret\u00e1rio Geral do Tribunal, Lindolfo Neto de Oliveira Sales; VII &#8211; Secret\u00e1rio de Administra\u00e7\u00e3o do Tribunal, Luiz Mariz de Ara\u00fajo Filho; e VIII &#8211; Diretor Coordenador do Sindicato dos Trabalhadores e Trabalhadoras do Poder Judici\u00e1rio do Estado do Rio Grande do Norte, Gersonilson Martins Pereira. Par\u00e1grafo \u00fanico. O referido Comit\u00ea atuar\u00e1 em regime de convoca\u00e7\u00e3o permanente. <\/p>\n\n\n\n<p><strong>TJ RN<\/strong><\/p>\n","protected":false},"excerpt":{"rendered":"<p>De acordo com a portaria ficam suspensas at\u00e9 31 de mar\u00e7o de 2020, as audi\u00eancias e sess\u00f5es judiciais presenciais<br \/><a class=\"more-link\" href=\"https:\/\/justicapotiguar.com.br\/index.php\/2020\/03\/17\/confira-portaria-tj-rn-suspende-audiencias-e-sessoes\/\">Mais&#8230;<\/a><\/p>\n","protected":false},"author":6,"featured_media":6120,"comment_status":"open","ping_status":"open","sticky":false,"template":"","format":"standard","meta":[],"categories":[3],"tags":[],"_links":{"self":[{"href":"https:\/\/justicapotiguar.com.br\/index.php\/wp-json\/wp\/v2\/posts\/7369"}],"collection":[{"href":"https:\/\/justicapotiguar.com.br\/index.php\/wp-json\/wp\/v2\/posts"}],"about":[{"href":"https:\/\/justicapotiguar.com.br\/index.php\/wp-json\/wp\/v2\/types\/post"}],"author":[{"embeddable":true,"href":"https:\/\/justicapotiguar.com.br\/index.php\/wp-json\/wp\/v2\/users\/6"}],"replies":[{"embeddable":true,"href":"https:\/\/justicapotiguar.com.br\/index.php\/wp-json\/wp\/v2\/comments?post=7369"}],"version-history":[{"count":1,"href":"https:\/\/justicapotiguar.com.br\/index.php\/wp-json\/wp\/v2\/posts\/7369\/revisions"}],"predecessor-version":[{"id":7370,"href":"https:\/\/justicapotiguar.com.br\/index.php\/wp-json\/wp\/v2\/posts\/7369\/revisions\/7370"}],"wp:featuredmedia":[{"embeddable":true,"href":"https:\/\/justicapotiguar.com.br\/index.php\/wp-json\/wp\/v2\/media\/6120"}],"wp:attachment":[{"href":"https:\/\/justicapotiguar.com.br\/index.php\/wp-json\/wp\/v2\/media?parent=7369"}],"wp:term":[{"taxonomy":"category","embeddable":true,"href":"https:\/\/justicapotiguar.com.br\/index.php\/wp-json\/wp\/v2\/categories?post=7369"},{"taxonomy":"post_tag","embeddable":true,"href":"https:\/\/justicapotiguar.com.br\/index.php\/wp-json\/wp\/v2\/tags?post=7369"}],"curies":[{"name":"wp","href":"https:\/\/api.w.org\/{rel}","templated":true}]}}