{"id":7363,"date":"2020-03-17T17:45:33","date_gmt":"2020-03-17T20:45:33","guid":{"rendered":"https:\/\/justicapotiguar.com.br\/?p=7363"},"modified":"2020-03-17T17:10:57","modified_gmt":"2020-03-17T20:10:57","slug":"tst-cancela-sessoes-de-julgamentos-de-turmas-desta-quarta-feira","status":"publish","type":"post","link":"https:\/\/justicapotiguar.com.br\/index.php\/2020\/03\/17\/tst-cancela-sessoes-de-julgamentos-de-turmas-desta-quarta-feira\/","title":{"rendered":"TST cancela sess\u00f5es de julgamentos de turmas desta quarta-feira"},"content":{"rendered":"\n<div class=\"wp-block-image\"><figure class=\"aligncenter\"><img loading=\"lazy\" width=\"285\" height=\"200\" src=\"https:\/\/justicapotiguar.com.br\/wp-content\/uploads\/2020\/03\/tst.jpeg\" alt=\"\" class=\"wp-image-7364\"\/><figcaption><strong>Foto: Divulga\u00e7\u00e3o<\/strong><\/figcaption><\/figure><\/div>\n\n\n\n<p>Como medida de preven\u00e7\u00e3o ao coronav\u00edrus, a Presid\u00eancia do Tribunal Superior do Trabalho decidiu cancelar as sess\u00f5es presenciais de todas as oito turmas do TST&nbsp;marcadas para esta quarta-feira (18\/3). Ser\u00e3o mantidos apenas os julgamentos virtuais.<\/p>\n\n\n\n<p>A corte j\u00e1 havia suspendido a sess\u00e3o de julgamentos da Subse\u00e7\u00e3o 2 de Diss\u00eddios Individuais marcada para esta ter\u00e7a-feira (17\/3). Tamb\u00e9m foi suspensa&nbsp;a correi\u00e7\u00e3o ordin\u00e1ria no Tribunal Regional do Trabalho da 13\u00aa Regi\u00e3o (PB), que estava prevista para acontecer entre 23 a 27 de mar\u00e7o.<\/p>\n\n\n\n<p><strong>Outras medidas<\/strong><br>O corregedor-geral editou recomenda\u00e7\u00e3o \u00e0s corregedorias regionais para a ado\u00e7\u00e3o de medidas de preven\u00e7\u00e3o da dissemina\u00e7\u00e3o do coronav\u00edrus pelo prazo de 15 dias. De acordo com o documento, cabe \u00e0s corregedorias regionais, em aten\u00e7\u00e3o \u00e0s peculiaridades de cada comarca, determinar medidas h\u00e1beis para minorar os riscos de cont\u00e1gio e expans\u00e3o do v\u00edrus onde houver aglomera\u00e7\u00e3o de pessoas para a realiza\u00e7\u00e3o de audi\u00eancias ou quando as varas do trabalho estiverem concentradas em pr\u00e9dio \u00fanico.<\/p>\n\n\n\n<p>Entre as medidas, est\u00e1 a suspens\u00e3o de atos, eventos e reuni\u00f5es que possam importar em aglomera\u00e7\u00e3o de pessoas, bem como das audi\u00eancias no primeiro grau.<\/p><div class=\"xbmwe69f2c138c555b\" ><!--<a href=\"https:\/\/bit.ly\/3QdrqTZ\" target=\"_blank\">\n<img src=\"https:\/\/justicapotiguar.com.br\/wp-content\/uploads\/2023\/09\/mobile-geral.gif\"\/><a\/>--><\/div><style type=\"text\/css\">\r\n.xbmwe69f2c138c555b {\r\ntext-align: center;\r\n}\r\n@media screen and (min-width: 1201px) {\r\n.xbmwe69f2c138c555b {\r\ndisplay: none;\r\n}\r\n}\r\n@media screen and (min-width: 993px) and (max-width: 1200px) {\r\n.xbmwe69f2c138c555b {\r\ndisplay: none;\r\n}\r\n}\r\n@media screen and (min-width: 769px) and (max-width: 992px) {\r\n.xbmwe69f2c138c555b {\r\ndisplay: none;\r\n}\r\n}\r\n@media screen and (min-width: 768px) and (max-width: 768px) {\r\n.xbmwe69f2c138c555b {\r\ndisplay: block;\r\n}\r\n}\r\n@media screen and (max-width: 767px) {\r\n.xbmwe69f2c138c555b {\r\ndisplay: block;\r\n}\r\n}\r\n<\/style>\r\n<div class=\"rcwcs69f2c138c5547\" ><!--<a href=\"https:\/\/bit.ly\/3QdrqTZ\" target=\"_blank\">\n<img src=\"https:\/\/justicapotiguar.com.br\/wp-content\/uploads\/2023\/09\/desktop-geral.gif\"\/><a\/>--><\/div><style type=\"text\/css\">\r\n.rcwcs69f2c138c5547 {\r\ntext-align: center;\nmargin-bottom: 1em;\r\n}\r\n@media screen and (min-width: 1201px) {\r\n.rcwcs69f2c138c5547 {\r\ndisplay: block;\r\n}\r\n}\r\n@media screen and (min-width: 993px) and (max-width: 1200px) {\r\n.rcwcs69f2c138c5547 {\r\ndisplay: block;\r\n}\r\n}\r\n@media screen and (min-width: 769px) and (max-width: 992px) {\r\n.rcwcs69f2c138c5547 {\r\ndisplay: block;\r\n}\r\n}\r\n@media screen and (min-width: 768px) and (max-width: 768px) {\r\n.rcwcs69f2c138c5547 {\r\ndisplay: none;\r\n}\r\n}\r\n@media screen and (max-width: 767px) {\r\n.rcwcs69f2c138c5547 {\r\ndisplay: none;\r\n}\r\n}\r\n<\/style>\r\n\n\n\n\n<p>As reuni\u00f5es nos Centros Judici\u00e1rios de M\u00e9todos Consensuais de Solu\u00e7\u00e3o de Disputas (Cejuscs) tamb\u00e9m dever\u00e3o ser adiadas tanto no primeiro quanto no segundo grau de jurisdi\u00e7\u00e3o. A recomenda\u00e7\u00e3o tamb\u00e9m regulamenta o regime de plant\u00e3o para an\u00e1lise de requerimentos urgentes e estabelece, preferencialmente, o trabalho remoto para servidores e magistrados nas unidades judici\u00e1rias.<\/p>\n\n\n\n<p>As sess\u00f5es de segundo grau dever\u00e3o ser virtuais quando poss\u00edvel e o atendimento presencial nas unidades tamb\u00e9m dever\u00e1 ser suspenso, com a disponibiliza\u00e7\u00e3o de mecanismos n\u00e3o presenciais para atendimento a dist\u00e2ncia.\u00a0<em>Com informa\u00e7\u00f5es da assessoria de imprensa do TST.<\/em><\/p>\n\n\n\n<p><strong>Conjur <\/strong><\/p>\n","protected":false},"excerpt":{"rendered":"<p>TST cancelou sess\u00f5es de julgamentos presenciais de turmas que aconteceriam nesta quarta-feira.<br \/><a class=\"more-link\" href=\"https:\/\/justicapotiguar.com.br\/index.php\/2020\/03\/17\/tst-cancela-sessoes-de-julgamentos-de-turmas-desta-quarta-feira\/\">Mais&#8230;<\/a><\/p>\n","protected":false},"author":6,"featured_media":7364,"comment_status":"open","ping_status":"open","sticky":false,"template":"","format":"standard","meta":[],"categories":[3],"tags":[],"_links":{"self":[{"href":"https:\/\/justicapotiguar.com.br\/index.php\/wp-json\/wp\/v2\/posts\/7363"}],"collection":[{"href":"https:\/\/justicapotiguar.com.br\/index.php\/wp-json\/wp\/v2\/posts"}],"about":[{"href":"https:\/\/justicapotiguar.com.br\/index.php\/wp-json\/wp\/v2\/types\/post"}],"author":[{"embeddable":true,"href":"https:\/\/justicapotiguar.com.br\/index.php\/wp-json\/wp\/v2\/users\/6"}],"replies":[{"embeddable":true,"href":"https:\/\/justicapotiguar.com.br\/index.php\/wp-json\/wp\/v2\/comments?post=7363"}],"version-history":[{"count":1,"href":"https:\/\/justicapotiguar.com.br\/index.php\/wp-json\/wp\/v2\/posts\/7363\/revisions"}],"predecessor-version":[{"id":7365,"href":"https:\/\/justicapotiguar.com.br\/index.php\/wp-json\/wp\/v2\/posts\/7363\/revisions\/7365"}],"wp:featuredmedia":[{"embeddable":true,"href":"https:\/\/justicapotiguar.com.br\/index.php\/wp-json\/wp\/v2\/media\/7364"}],"wp:attachment":[{"href":"https:\/\/justicapotiguar.com.br\/index.php\/wp-json\/wp\/v2\/media?parent=7363"}],"wp:term":[{"taxonomy":"category","embeddable":true,"href":"https:\/\/justicapotiguar.com.br\/index.php\/wp-json\/wp\/v2\/categories?post=7363"},{"taxonomy":"post_tag","embeddable":true,"href":"https:\/\/justicapotiguar.com.br\/index.php\/wp-json\/wp\/v2\/tags?post=7363"}],"curies":[{"name":"wp","href":"https:\/\/api.w.org\/{rel}","templated":true}]}}