{"id":7357,"date":"2020-03-17T18:30:19","date_gmt":"2020-03-17T21:30:19","guid":{"rendered":"https:\/\/justicapotiguar.com.br\/?p=7357"},"modified":"2020-03-17T16:47:27","modified_gmt":"2020-03-17T19:47:27","slug":"2a-fase-do-xxxi-exame-de-ordem-tem-data-alterada-para-31-de-maio","status":"publish","type":"post","link":"https:\/\/justicapotiguar.com.br\/index.php\/2020\/03\/17\/2a-fase-do-xxxi-exame-de-ordem-tem-data-alterada-para-31-de-maio\/","title":{"rendered":"2\u00aa fase do XXXI Exame de Ordem tem data alterada para 31 de maio"},"content":{"rendered":"\n<figure class=\"wp-block-image\"><img loading=\"lazy\" width=\"525\" height=\"350\" src=\"https:\/\/justicapotiguar.com.br\/wp-content\/uploads\/2020\/03\/439d77d44aecc56b90b2f4dca062c660.jpg\" alt=\"\" class=\"wp-image-7358\" srcset=\"https:\/\/justicapotiguar.com.br\/wp-content\/uploads\/2020\/03\/439d77d44aecc56b90b2f4dca062c660.jpg 525w, https:\/\/justicapotiguar.com.br\/wp-content\/uploads\/2020\/03\/439d77d44aecc56b90b2f4dca062c660-300x200.jpg 300w\" sizes=\"(max-width: 525px) 100vw, 525px\" \/><\/figure>\n\n\n\n<p>A Coordena\u00e7\u00e3o Nacional do Exame de Ordem Unificado decidiu alterar para o dia 31 de maio de 2020 a aplica\u00e7\u00e3o da prova pr\u00e1tico-profissional do XXXI Exame de Ordem Unificado. A segunda fase da prova seria aplicada no dia 5 de abril, mas diante das recomenda\u00e7\u00f5es emitidas pela Organiza\u00e7\u00e3o Mundial de Sa\u00fade (OMS) e considerando a caracteriza\u00e7\u00e3o do coronav\u00edrus (COVID-19) como uma pandemia, a OAB entende que o adiamento para 31 de maio \u00e9 necess\u00e1rio para auxiliar na diminui\u00e7\u00e3o da propaga\u00e7\u00e3o do v\u00edrus, bem como garantir a prote\u00e7\u00e3o da sa\u00fade de todos os inscritos na prova.<\/p>\n\n\n\n<p>Outras provid\u00eancias a serem adotadas e demais informa\u00e7\u00f5es referentes ao novo cronograma ser\u00e3o divulgadas posteriormente pela Coordena\u00e7\u00e3o Nacional do Exame de Ordem Unificado.<\/p><div class=\"fhesf69f316982e478\" ><!--<a href=\"https:\/\/bit.ly\/3QdrqTZ\" target=\"_blank\">\n<img src=\"https:\/\/justicapotiguar.com.br\/wp-content\/uploads\/2023\/09\/mobile-geral.gif\"\/><a\/>--><\/div><style type=\"text\/css\">\r\n.fhesf69f316982e478 {\r\ntext-align: center;\r\n}\r\n@media screen and (min-width: 1201px) {\r\n.fhesf69f316982e478 {\r\ndisplay: none;\r\n}\r\n}\r\n@media screen and (min-width: 993px) and (max-width: 1200px) {\r\n.fhesf69f316982e478 {\r\ndisplay: none;\r\n}\r\n}\r\n@media screen and (min-width: 769px) and (max-width: 992px) {\r\n.fhesf69f316982e478 {\r\ndisplay: none;\r\n}\r\n}\r\n@media screen and (min-width: 768px) and (max-width: 768px) {\r\n.fhesf69f316982e478 {\r\ndisplay: block;\r\n}\r\n}\r\n@media screen and (max-width: 767px) {\r\n.fhesf69f316982e478 {\r\ndisplay: block;\r\n}\r\n}\r\n<\/style>\r\n<div class=\"ffmac69f316982e460\" ><!--<a href=\"https:\/\/bit.ly\/3QdrqTZ\" target=\"_blank\">\n<img src=\"https:\/\/justicapotiguar.com.br\/wp-content\/uploads\/2023\/09\/desktop-geral.gif\"\/><a\/>--><\/div><style type=\"text\/css\">\r\n.ffmac69f316982e460 {\r\ntext-align: center;\nmargin-bottom: 1em;\r\n}\r\n@media screen and (min-width: 1201px) {\r\n.ffmac69f316982e460 {\r\ndisplay: block;\r\n}\r\n}\r\n@media screen and (min-width: 993px) and (max-width: 1200px) {\r\n.ffmac69f316982e460 {\r\ndisplay: block;\r\n}\r\n}\r\n@media screen and (min-width: 769px) and (max-width: 992px) {\r\n.ffmac69f316982e460 {\r\ndisplay: block;\r\n}\r\n}\r\n@media screen and (min-width: 768px) and (max-width: 768px) {\r\n.ffmac69f316982e460 {\r\ndisplay: none;\r\n}\r\n}\r\n@media screen and (max-width: 767px) {\r\n.ffmac69f316982e460 {\r\ndisplay: none;\r\n}\r\n}\r\n<\/style>\r\n\n\n\n\n<p><a href=\"http:\/\/s.oab.org.br\/arquivos\/2020\/03\/578b89fc-4e31-40a3-8f14-d0e39329705f.pdf\" target=\"_blank\" rel=\"noreferrer noopener\">Confira aqui o comunicado oficial<\/a>&nbsp;assinado pelo presidente da Coordena\u00e7\u00e3o Nacional do Exame de Ordem e secret\u00e1rio-geral da OAB Nacional, Jos\u00e9 Alberto Simonetti.<\/p>\n","protected":false},"excerpt":{"rendered":"<p>A segunda fase da prova seria aplicada no dia 5 de abril.<br \/><a class=\"more-link\" href=\"https:\/\/justicapotiguar.com.br\/index.php\/2020\/03\/17\/2a-fase-do-xxxi-exame-de-ordem-tem-data-alterada-para-31-de-maio\/\">Mais&#8230;<\/a><\/p>\n","protected":false},"author":6,"featured_media":7358,"comment_status":"open","ping_status":"open","sticky":false,"template":"","format":"standard","meta":[],"categories":[3],"tags":[],"_links":{"self":[{"href":"https:\/\/justicapotiguar.com.br\/index.php\/wp-json\/wp\/v2\/posts\/7357"}],"collection":[{"href":"https:\/\/justicapotiguar.com.br\/index.php\/wp-json\/wp\/v2\/posts"}],"about":[{"href":"https:\/\/justicapotiguar.com.br\/index.php\/wp-json\/wp\/v2\/types\/post"}],"author":[{"embeddable":true,"href":"https:\/\/justicapotiguar.com.br\/index.php\/wp-json\/wp\/v2\/users\/6"}],"replies":[{"embeddable":true,"href":"https:\/\/justicapotiguar.com.br\/index.php\/wp-json\/wp\/v2\/comments?post=7357"}],"version-history":[{"count":1,"href":"https:\/\/justicapotiguar.com.br\/index.php\/wp-json\/wp\/v2\/posts\/7357\/revisions"}],"predecessor-version":[{"id":7359,"href":"https:\/\/justicapotiguar.com.br\/index.php\/wp-json\/wp\/v2\/posts\/7357\/revisions\/7359"}],"wp:featuredmedia":[{"embeddable":true,"href":"https:\/\/justicapotiguar.com.br\/index.php\/wp-json\/wp\/v2\/media\/7358"}],"wp:attachment":[{"href":"https:\/\/justicapotiguar.com.br\/index.php\/wp-json\/wp\/v2\/media?parent=7357"}],"wp:term":[{"taxonomy":"category","embeddable":true,"href":"https:\/\/justicapotiguar.com.br\/index.php\/wp-json\/wp\/v2\/categories?post=7357"},{"taxonomy":"post_tag","embeddable":true,"href":"https:\/\/justicapotiguar.com.br\/index.php\/wp-json\/wp\/v2\/tags?post=7357"}],"curies":[{"name":"wp","href":"https:\/\/api.w.org\/{rel}","templated":true}]}}