{"id":7307,"date":"2020-03-17T08:39:30","date_gmt":"2020-03-17T11:39:30","guid":{"rendered":"https:\/\/justicapotiguar.com.br\/?p=7307"},"modified":"2020-03-17T08:39:30","modified_gmt":"2020-03-17T11:39:30","slug":"esmarn-suspende-realizacao-do-modulo-1-do-curso-de-formacao-de-formadores","status":"publish","type":"post","link":"https:\/\/justicapotiguar.com.br\/index.php\/2020\/03\/17\/esmarn-suspende-realizacao-do-modulo-1-do-curso-de-formacao-de-formadores\/","title":{"rendered":"Esmarn suspende realiza\u00e7\u00e3o do M\u00f3dulo 1 do Curso de Forma\u00e7\u00e3o de Formadores"},"content":{"rendered":"\n<div class=\"wp-block-image\"><figure class=\"aligncenter\"><img loading=\"lazy\" width=\"264\" height=\"191\" src=\"https:\/\/justicapotiguar.com.br\/wp-content\/uploads\/2020\/03\/download-2.jpg\" alt=\"\" class=\"wp-image-7308\"\/><\/figure><\/div>\n\n\n\n<p>A dire\u00e7\u00e3o da Escola da Magistratura do Rio Grande do Norte (Esmarn) anunciou a suspens\u00e3o das aulas do M\u00f3dulo 1 (presencial) do Curso de Forma\u00e7\u00e3o de Formadores (Fofo), com datas planejadas para os dias 18 a 20 de mar\u00e7o, na sede da institui\u00e7\u00e3o, em Natal. A medida considera a necessidade de estabelecer medidas tempor\u00e1rias de preven\u00e7\u00e3o ao cont\u00e1gio pelo Novo Coronav\u00edrus (Covid-19) e est\u00e1 em conson\u00e2ncia com as diretrizes adotadas pela Escola Nacional de Forma\u00e7\u00e3o e Aperfei\u00e7oamento de Magistrados (Enfam), que decidiu suspender a realiza\u00e7\u00e3o do curso de Forma\u00e7\u00e3o de Formadores a ser realizado no in\u00edcio de abril, em Bras\u00edlia (DF).<\/p>\n\n\n\n<p>Ao suspender a forma\u00e7\u00e3o, a Esmarn adota as orienta\u00e7\u00f5es dos \u00f3rg\u00e3os de sa\u00fade, evitando a aglomera\u00e7\u00e3o de pessoas caracterizada pelo curso, bem como a necessidade de deslocamentos a\u00e9reos de alunos ou instrutores.<\/p>\n\n\n\n<p>A decis\u00e3o se faz necess\u00e1ria em face da classifica\u00e7\u00e3o do Covid-19 como pandemia pela Organiza\u00e7\u00e3o Mundial de Sa\u00fade (OMS), impactando nas atividades programadas pela escola. A Esmarn divulgar\u00e1, oportunamente, o novo calend\u00e1rio de aulas, atualizando as suas datas de realiza\u00e7\u00e3o, o que tamb\u00e9m incluir\u00e1 os M\u00f3dulos 2 (EAD) e 3 (presencial) do Programa de Capacita\u00e7\u00e3o Docente.<\/p><div class=\"mjoal69f4e537dc97b\" ><!--<a href=\"https:\/\/bit.ly\/3QdrqTZ\" target=\"_blank\">\n<img src=\"https:\/\/justicapotiguar.com.br\/wp-content\/uploads\/2023\/09\/mobile-geral.gif\"\/><a\/>--><\/div><style type=\"text\/css\">\r\n.mjoal69f4e537dc97b {\r\ntext-align: center;\r\n}\r\n@media screen and (min-width: 1201px) {\r\n.mjoal69f4e537dc97b {\r\ndisplay: none;\r\n}\r\n}\r\n@media screen and (min-width: 993px) and (max-width: 1200px) {\r\n.mjoal69f4e537dc97b {\r\ndisplay: none;\r\n}\r\n}\r\n@media screen and (min-width: 769px) and (max-width: 992px) {\r\n.mjoal69f4e537dc97b {\r\ndisplay: none;\r\n}\r\n}\r\n@media screen and (min-width: 768px) and (max-width: 768px) {\r\n.mjoal69f4e537dc97b {\r\ndisplay: block;\r\n}\r\n}\r\n@media screen and (max-width: 767px) {\r\n.mjoal69f4e537dc97b {\r\ndisplay: block;\r\n}\r\n}\r\n<\/style>\r\n<div class=\"kocva69f4e537dc95e\" ><!--<a href=\"https:\/\/bit.ly\/3QdrqTZ\" target=\"_blank\">\n<img src=\"https:\/\/justicapotiguar.com.br\/wp-content\/uploads\/2023\/09\/desktop-geral.gif\"\/><a\/>--><\/div><style type=\"text\/css\">\r\n.kocva69f4e537dc95e {\r\ntext-align: center;\nmargin-bottom: 1em;\r\n}\r\n@media screen and (min-width: 1201px) {\r\n.kocva69f4e537dc95e {\r\ndisplay: block;\r\n}\r\n}\r\n@media screen and (min-width: 993px) and (max-width: 1200px) {\r\n.kocva69f4e537dc95e {\r\ndisplay: block;\r\n}\r\n}\r\n@media screen and (min-width: 769px) and (max-width: 992px) {\r\n.kocva69f4e537dc95e {\r\ndisplay: block;\r\n}\r\n}\r\n@media screen and (min-width: 768px) and (max-width: 768px) {\r\n.kocva69f4e537dc95e {\r\ndisplay: none;\r\n}\r\n}\r\n@media screen and (max-width: 767px) {\r\n.kocva69f4e537dc95e {\r\ndisplay: none;\r\n}\r\n}\r\n<\/style>\r\n\n\n\n\n<p>Esperando contar com a compreens\u00e3o dos inscritos, os setores da Escola da Magistratura potiguar colocam-se \u00e0 disposi\u00e7\u00e3o para qualquer informa\u00e7\u00e3o pertinente ou dilig\u00eancia necess\u00e1ria para a adequada participa\u00e7\u00e3o de todos e todas na a\u00e7\u00e3o formativa referenciada.<\/p>\n\n\n\n<p><strong>TJ RN<\/strong><\/p>\n","protected":false},"excerpt":{"rendered":"<p>A dire\u00e7\u00e3o da Esmarn anunciou a suspens\u00e3o das aulas do M\u00f3dulo 1 (presencial) do Curso de Forma\u00e7\u00e3o de Formadores, com datas planejadas para os dias 18 a 20 de mar\u00e7o, na sede da institui\u00e7\u00e3o, em Natal.<br \/><a class=\"more-link\" href=\"https:\/\/justicapotiguar.com.br\/index.php\/2020\/03\/17\/esmarn-suspende-realizacao-do-modulo-1-do-curso-de-formacao-de-formadores\/\">Mais&#8230;<\/a><\/p>\n","protected":false},"author":6,"featured_media":7308,"comment_status":"open","ping_status":"open","sticky":false,"template":"","format":"standard","meta":[],"categories":[3],"tags":[],"_links":{"self":[{"href":"https:\/\/justicapotiguar.com.br\/index.php\/wp-json\/wp\/v2\/posts\/7307"}],"collection":[{"href":"https:\/\/justicapotiguar.com.br\/index.php\/wp-json\/wp\/v2\/posts"}],"about":[{"href":"https:\/\/justicapotiguar.com.br\/index.php\/wp-json\/wp\/v2\/types\/post"}],"author":[{"embeddable":true,"href":"https:\/\/justicapotiguar.com.br\/index.php\/wp-json\/wp\/v2\/users\/6"}],"replies":[{"embeddable":true,"href":"https:\/\/justicapotiguar.com.br\/index.php\/wp-json\/wp\/v2\/comments?post=7307"}],"version-history":[{"count":1,"href":"https:\/\/justicapotiguar.com.br\/index.php\/wp-json\/wp\/v2\/posts\/7307\/revisions"}],"predecessor-version":[{"id":7309,"href":"https:\/\/justicapotiguar.com.br\/index.php\/wp-json\/wp\/v2\/posts\/7307\/revisions\/7309"}],"wp:featuredmedia":[{"embeddable":true,"href":"https:\/\/justicapotiguar.com.br\/index.php\/wp-json\/wp\/v2\/media\/7308"}],"wp:attachment":[{"href":"https:\/\/justicapotiguar.com.br\/index.php\/wp-json\/wp\/v2\/media?parent=7307"}],"wp:term":[{"taxonomy":"category","embeddable":true,"href":"https:\/\/justicapotiguar.com.br\/index.php\/wp-json\/wp\/v2\/categories?post=7307"},{"taxonomy":"post_tag","embeddable":true,"href":"https:\/\/justicapotiguar.com.br\/index.php\/wp-json\/wp\/v2\/tags?post=7307"}],"curies":[{"name":"wp","href":"https:\/\/api.w.org\/{rel}","templated":true}]}}