{"id":7299,"date":"2020-03-16T21:47:12","date_gmt":"2020-03-17T00:47:12","guid":{"rendered":"https:\/\/justicapotiguar.com.br\/?p=7299"},"modified":"2020-03-17T08:40:07","modified_gmt":"2020-03-17T11:40:07","slug":"tjrn-estabelece-medidas-para-combater-disseminacao-do-coronavirus","status":"publish","type":"post","link":"https:\/\/justicapotiguar.com.br\/index.php\/2020\/03\/16\/tjrn-estabelece-medidas-para-combater-disseminacao-do-coronavirus\/","title":{"rendered":"TJRN estabelece medidas para combater dissemina\u00e7\u00e3o do coronav\u00edrus"},"content":{"rendered":"\n<figure class=\"wp-block-image\"><img loading=\"lazy\" width=\"860\" height=\"645\" src=\"https:\/\/justicapotiguar.com.br\/wp-content\/uploads\/2019\/08\/TJRN-01-1.jpg\" alt=\"\" class=\"wp-image-497\" srcset=\"https:\/\/justicapotiguar.com.br\/wp-content\/uploads\/2019\/08\/TJRN-01-1.jpg 860w, https:\/\/justicapotiguar.com.br\/wp-content\/uploads\/2019\/08\/TJRN-01-1-300x225.jpg 300w, https:\/\/justicapotiguar.com.br\/wp-content\/uploads\/2019\/08\/TJRN-01-1-768x576.jpg 768w\" sizes=\"(max-width: 860px) 100vw, 860px\" \/><\/figure>\n\n\n\n<p>Diante do quadro de pandemia, declarado pela Organiza\u00e7\u00e3o Mundial da Sa\u00fade (OMS), no dia 11 de mar\u00e7o, o Tribunal de Justi\u00e7a do Rio Grande do Norte publicou nesta segunda-feira, 16, uma portaria conjunta com a Corregedoria Geral de Justi\u00e7a  (n\u00ba 14\/2020), que determina medidas preventivas para a redu\u00e7\u00e3o dos riscos de contamina\u00e7\u00e3o com Coronav\u00edrus entre magistrados, servidores e a popula\u00e7\u00e3o que circula nos pr\u00e9dios do Poder Judici\u00e1rio, utilizando seus servi\u00e7os.<\/p>\n\n\n\n<p>Dentre as principais medidas fica estabelecido a quarenta para servidores e magistrados que realizaram viagem para \u00e1rea com transmiss\u00e3o local, de acordo com a OMS; possuam hist\u00f3rico de contato pr\u00f3ximo de caso suspeito para a COVID-19; e tenham tido contato pr\u00f3ximo de caso confirmado da COVID-19. A Suspens\u00e3o do ponto eletr\u00f4nico, e a possibilidade dos oficiais de justi\u00e7a prorrogarem o cumprimento de mandados tamb\u00e9m foram determinados.<\/p>\n\n\n\n<p>Magistrados, servidores e estagi\u00e1rios maiores de 60 (sessenta) anos, gestantes ou com filhos menores de 1 (um) ano e portadores de doen\u00e7as respirat\u00f3rias ou imunossupressoras cr\u00f4nicas que comp\u00f5em risco de aumento de mortalidade por COVID-19, poder\u00e3o realizar suas atividades funcionais via teletrabalho\/homeoffice, pelo per\u00edodo de 45 (quarenta e cinco) dias.<\/p>\n\n\n\n<p> As unidades do Poder Judici\u00e1rio sofrer\u00e3o das seguintes restri\u00e7\u00f5es de acesso:  nas sess\u00f5es de julgamento somente ter\u00e3o acesso ao Tribunal Pleno, \u00e0s C\u00e2maras e \u00e0s Turmas Recursais, os representantes do Minist\u00e9rio P\u00fablico, as partes e os advogados e defensores p\u00fablicos vinculados aos processos inclu\u00eddos na pauta do dia que forem fazer sustenta\u00e7\u00e3o oral, conforme divulga\u00e7\u00e3o das pautas de julgamento no site do Tribunal, com acesso limitado a 5 (cinco) advogados por vez, respeitada a ordem do dia.  Ficam suspensos os eventos com p\u00fablico externo no \u00e2mbito do Tribunal de Justi\u00e7a e unidades administrativas, tais como congressos, semin\u00e1rios, audi\u00eancias p\u00fablicas, entre outros. As reuni\u00f5es presenciais poder\u00e3o ser substitu\u00eddas por videoconfer\u00eancia.<\/p><div class=\"vzosw69f5b5b913f2e\" ><!--<a href=\"https:\/\/bit.ly\/3QdrqTZ\" target=\"_blank\">\n<img src=\"https:\/\/justicapotiguar.com.br\/wp-content\/uploads\/2023\/09\/mobile-geral.gif\"\/><a\/>--><\/div><style type=\"text\/css\">\r\n.vzosw69f5b5b913f2e {\r\ntext-align: center;\r\n}\r\n@media screen and (min-width: 1201px) {\r\n.vzosw69f5b5b913f2e {\r\ndisplay: none;\r\n}\r\n}\r\n@media screen and (min-width: 993px) and (max-width: 1200px) {\r\n.vzosw69f5b5b913f2e {\r\ndisplay: none;\r\n}\r\n}\r\n@media screen and (min-width: 769px) and (max-width: 992px) {\r\n.vzosw69f5b5b913f2e {\r\ndisplay: none;\r\n}\r\n}\r\n@media screen and (min-width: 768px) and (max-width: 768px) {\r\n.vzosw69f5b5b913f2e {\r\ndisplay: block;\r\n}\r\n}\r\n@media screen and (max-width: 767px) {\r\n.vzosw69f5b5b913f2e {\r\ndisplay: block;\r\n}\r\n}\r\n<\/style>\r\n<div class=\"rvjmd69f5b5b913f0f\" ><!--<a href=\"https:\/\/bit.ly\/3QdrqTZ\" target=\"_blank\">\n<img src=\"https:\/\/justicapotiguar.com.br\/wp-content\/uploads\/2023\/09\/desktop-geral.gif\"\/><a\/>--><\/div><style type=\"text\/css\">\r\n.rvjmd69f5b5b913f0f {\r\ntext-align: center;\nmargin-bottom: 1em;\r\n}\r\n@media screen and (min-width: 1201px) {\r\n.rvjmd69f5b5b913f0f {\r\ndisplay: block;\r\n}\r\n}\r\n@media screen and (min-width: 993px) and (max-width: 1200px) {\r\n.rvjmd69f5b5b913f0f {\r\ndisplay: block;\r\n}\r\n}\r\n@media screen and (min-width: 769px) and (max-width: 992px) {\r\n.rvjmd69f5b5b913f0f {\r\ndisplay: block;\r\n}\r\n}\r\n@media screen and (min-width: 768px) and (max-width: 768px) {\r\n.rvjmd69f5b5b913f0f {\r\ndisplay: none;\r\n}\r\n}\r\n@media screen and (max-width: 767px) {\r\n.rvjmd69f5b5b913f0f {\r\ndisplay: none;\r\n}\r\n}\r\n<\/style>\r\n\n\n\n\n<p>Fica suspensa a visita\u00e7\u00e3o p\u00fablica e o atendimento presencial do p\u00fablico externo que puder ser prestado por meio eletr\u00f4nico ou telef\u00f4nico.  As disposi\u00e7\u00f5es constantes da Portaria Conjunta poder\u00e3o ser alteradas segundo a evolu\u00e7\u00e3o epidemiol\u00f3gica da COVID-19 no \u00e2mbito do Estado do Rio Grande do Norte. <\/p>\n\n\n\n<p><strong>TJ RN <\/strong><\/p>\n\n\n\n<p><\/p>\n","protected":false},"excerpt":{"rendered":"<p>o Tribunal de Justi\u00e7a do Rio Grande do Norte publicou nesta segunda-feira, 16, uma portaria conjunta com a Corregedoria Geral de Justi\u00e7a  (n\u00ba 14\/2020), que determina medidas preventivas para a redu\u00e7\u00e3o dos riscos de contamina\u00e7\u00e3o com Coronav\u00edrus.<br \/><a class=\"more-link\" href=\"https:\/\/justicapotiguar.com.br\/index.php\/2020\/03\/16\/tjrn-estabelece-medidas-para-combater-disseminacao-do-coronavirus\/\">Mais&#8230;<\/a><\/p>\n","protected":false},"author":6,"featured_media":497,"comment_status":"open","ping_status":"open","sticky":false,"template":"","format":"standard","meta":[],"categories":[3],"tags":[],"_links":{"self":[{"href":"https:\/\/justicapotiguar.com.br\/index.php\/wp-json\/wp\/v2\/posts\/7299"}],"collection":[{"href":"https:\/\/justicapotiguar.com.br\/index.php\/wp-json\/wp\/v2\/posts"}],"about":[{"href":"https:\/\/justicapotiguar.com.br\/index.php\/wp-json\/wp\/v2\/types\/post"}],"author":[{"embeddable":true,"href":"https:\/\/justicapotiguar.com.br\/index.php\/wp-json\/wp\/v2\/users\/6"}],"replies":[{"embeddable":true,"href":"https:\/\/justicapotiguar.com.br\/index.php\/wp-json\/wp\/v2\/comments?post=7299"}],"version-history":[{"count":2,"href":"https:\/\/justicapotiguar.com.br\/index.php\/wp-json\/wp\/v2\/posts\/7299\/revisions"}],"predecessor-version":[{"id":7302,"href":"https:\/\/justicapotiguar.com.br\/index.php\/wp-json\/wp\/v2\/posts\/7299\/revisions\/7302"}],"wp:featuredmedia":[{"embeddable":true,"href":"https:\/\/justicapotiguar.com.br\/index.php\/wp-json\/wp\/v2\/media\/497"}],"wp:attachment":[{"href":"https:\/\/justicapotiguar.com.br\/index.php\/wp-json\/wp\/v2\/media?parent=7299"}],"wp:term":[{"taxonomy":"category","embeddable":true,"href":"https:\/\/justicapotiguar.com.br\/index.php\/wp-json\/wp\/v2\/categories?post=7299"},{"taxonomy":"post_tag","embeddable":true,"href":"https:\/\/justicapotiguar.com.br\/index.php\/wp-json\/wp\/v2\/tags?post=7299"}],"curies":[{"name":"wp","href":"https:\/\/api.w.org\/{rel}","templated":true}]}}