{"id":7295,"date":"2020-03-16T16:52:52","date_gmt":"2020-03-16T19:52:52","guid":{"rendered":"https:\/\/justicapotiguar.com.br\/?p=7295"},"modified":"2020-03-16T16:52:52","modified_gmt":"2020-03-16T19:52:52","slug":"por-coronavirus-stj-suspende-sessoes-de-julgamento-ate-27-de-marco","status":"publish","type":"post","link":"https:\/\/justicapotiguar.com.br\/index.php\/2020\/03\/16\/por-coronavirus-stj-suspende-sessoes-de-julgamento-ate-27-de-marco\/","title":{"rendered":"Por coronav\u00edrus, STJ suspende sess\u00f5es de julgamento at\u00e9 27 de mar\u00e7o"},"content":{"rendered":"\n<figure class=\"wp-block-image\"><img loading=\"lazy\" width=\"1024\" height=\"613\" src=\"https:\/\/justicapotiguar.com.br\/wp-content\/uploads\/2020\/03\/jfcrz_20081920967-1024x613.jpg\" alt=\"\" class=\"wp-image-7297\" srcset=\"https:\/\/justicapotiguar.com.br\/wp-content\/uploads\/2020\/03\/jfcrz_20081920967-1024x613.jpg 1024w, https:\/\/justicapotiguar.com.br\/wp-content\/uploads\/2020\/03\/jfcrz_20081920967-300x179.jpg 300w, https:\/\/justicapotiguar.com.br\/wp-content\/uploads\/2020\/03\/jfcrz_20081920967-768x459.jpg 768w, https:\/\/justicapotiguar.com.br\/wp-content\/uploads\/2020\/03\/jfcrz_20081920967.jpg 1170w\" sizes=\"(max-width: 1024px) 100vw, 1024px\" \/><figcaption><strong>Foto:  Jos\u00e9 Cruz\/Ag\u00eancia Brasil <\/strong><\/figcaption><\/figure>\n\n\n\n<p>As sess\u00f5es de julgamento do Superior Tribunal de Justi\u00e7a (STJ) est\u00e3o suspensas a partir de&nbsp;hoje&nbsp;(16) at\u00e9&nbsp;27 de mar\u00e7o, informou a Corte nesta&nbsp;segunda-feira. O motivo \u00e9 o risco de dissemina\u00e7\u00e3o do coronav\u00edrus.<\/p>\n\n\n\n<p>Tamb\u00e9m est\u00e1 suspenso qualquer atendimento presencial no STJ. Os prazos processuais, por\u00e9m, continuam vigentes, e os ministros seguem trabalhando em sess\u00f5es de julgamento virtuais, informou a assessoria do tribunal.<\/p>\n\n\n\n<p>Na semana passada, o STJ j\u00e1 havia restringido o acesso do p\u00fablico ao tribunal, cujos julgamentos ocorriam com a presen\u00e7a somente das partes, de seus advogados e do Minist\u00e9rio P\u00fablico.<\/p>\n\n\n\n<p>A maioria dos 33 ministros do STJ tem mais de 60 anos, integrando o grupo considerado de maior risco de complica\u00e7\u00f5es graves em caso de contamina\u00e7\u00e3o pelo Covid-19, de acordo com dados da Organiza\u00e7\u00e3o Mundial da Sa\u00fade (OMS).<\/p>\n\n\n\n<p>O mesmo ocorre no Supremo Tribunal Federal (STF), em que apenas o presidente, Dias Toffoli, e o ministro Alexandre de Moraes t\u00eam menos de 60 anos, dentre os 11 integrantes da Corte.<\/p><div class=\"wgidl69f561128184e\" ><!--<a href=\"https:\/\/bit.ly\/3QdrqTZ\" target=\"_blank\">\n<img src=\"https:\/\/justicapotiguar.com.br\/wp-content\/uploads\/2023\/09\/mobile-geral.gif\"\/><a\/>--><\/div><style type=\"text\/css\">\r\n.wgidl69f561128184e {\r\ntext-align: center;\r\n}\r\n@media screen and (min-width: 1201px) {\r\n.wgidl69f561128184e {\r\ndisplay: none;\r\n}\r\n}\r\n@media screen and (min-width: 993px) and (max-width: 1200px) {\r\n.wgidl69f561128184e {\r\ndisplay: none;\r\n}\r\n}\r\n@media screen and (min-width: 769px) and (max-width: 992px) {\r\n.wgidl69f561128184e {\r\ndisplay: none;\r\n}\r\n}\r\n@media screen and (min-width: 768px) and (max-width: 768px) {\r\n.wgidl69f561128184e {\r\ndisplay: block;\r\n}\r\n}\r\n@media screen and (max-width: 767px) {\r\n.wgidl69f561128184e {\r\ndisplay: block;\r\n}\r\n}\r\n<\/style>\r\n<div class=\"zimvd69f5611281832\" ><!--<a href=\"https:\/\/bit.ly\/3QdrqTZ\" target=\"_blank\">\n<img src=\"https:\/\/justicapotiguar.com.br\/wp-content\/uploads\/2023\/09\/desktop-geral.gif\"\/><a\/>--><\/div><style type=\"text\/css\">\r\n.zimvd69f5611281832 {\r\ntext-align: center;\nmargin-bottom: 1em;\r\n}\r\n@media screen and (min-width: 1201px) {\r\n.zimvd69f5611281832 {\r\ndisplay: block;\r\n}\r\n}\r\n@media screen and (min-width: 993px) and (max-width: 1200px) {\r\n.zimvd69f5611281832 {\r\ndisplay: block;\r\n}\r\n}\r\n@media screen and (min-width: 769px) and (max-width: 992px) {\r\n.zimvd69f5611281832 {\r\ndisplay: block;\r\n}\r\n}\r\n@media screen and (min-width: 768px) and (max-width: 768px) {\r\n.zimvd69f5611281832 {\r\ndisplay: none;\r\n}\r\n}\r\n@media screen and (max-width: 767px) {\r\n.zimvd69f5611281832 {\r\ndisplay: none;\r\n}\r\n}\r\n<\/style>\r\n\n\n\n\n<p>Nesta&nbsp;segunda-feira (16), o ministro da Sa\u00fade, Luiz Henrique Mandetta, vai ao Supremo para se reunir com o vice-presidente da Corte, ministro Luiz Fux, e discutir quest\u00f5es relativas ao coronav\u00edrus.<\/p>\n\n\n\n<p>Uma resolu\u00e7\u00e3o assinada por Toffoli na semana passada tamb\u00e9m prev\u00ea restri\u00e7\u00f5es de acesso aos julgamentos do Supremo, entre outras medidas, devido ao risco de Covid-19, doen\u00e7a causada por contamina\u00e7\u00e3o do coronav\u00edrus.<\/p>\n\n\n\n<p>Outras cortes superiores, como o Tribunal Superior Eleitoral (TSE) e o Tribunal Superior do Trabalho (TST), tamb\u00e9m baixaram medidas de preven\u00e7\u00e3o a contamina\u00e7\u00e3o pelo coronav\u00edrus, entre elas a restri\u00e7\u00e3o de acesso \u00e0s salas de audi\u00eancia.<\/p>\n\n\n\n<p><strong>Ag\u00eancia Brasil<\/strong><\/p>\n","protected":false},"excerpt":{"rendered":"<p>Tamb\u00e9m est\u00e1 suspenso o atendimento presencial no tribunal<br \/><a class=\"more-link\" href=\"https:\/\/justicapotiguar.com.br\/index.php\/2020\/03\/16\/por-coronavirus-stj-suspende-sessoes-de-julgamento-ate-27-de-marco\/\">Mais&#8230;<\/a><\/p>\n","protected":false},"author":6,"featured_media":7297,"comment_status":"open","ping_status":"open","sticky":false,"template":"","format":"standard","meta":[],"categories":[3],"tags":[],"_links":{"self":[{"href":"https:\/\/justicapotiguar.com.br\/index.php\/wp-json\/wp\/v2\/posts\/7295"}],"collection":[{"href":"https:\/\/justicapotiguar.com.br\/index.php\/wp-json\/wp\/v2\/posts"}],"about":[{"href":"https:\/\/justicapotiguar.com.br\/index.php\/wp-json\/wp\/v2\/types\/post"}],"author":[{"embeddable":true,"href":"https:\/\/justicapotiguar.com.br\/index.php\/wp-json\/wp\/v2\/users\/6"}],"replies":[{"embeddable":true,"href":"https:\/\/justicapotiguar.com.br\/index.php\/wp-json\/wp\/v2\/comments?post=7295"}],"version-history":[{"count":1,"href":"https:\/\/justicapotiguar.com.br\/index.php\/wp-json\/wp\/v2\/posts\/7295\/revisions"}],"predecessor-version":[{"id":7298,"href":"https:\/\/justicapotiguar.com.br\/index.php\/wp-json\/wp\/v2\/posts\/7295\/revisions\/7298"}],"wp:featuredmedia":[{"embeddable":true,"href":"https:\/\/justicapotiguar.com.br\/index.php\/wp-json\/wp\/v2\/media\/7297"}],"wp:attachment":[{"href":"https:\/\/justicapotiguar.com.br\/index.php\/wp-json\/wp\/v2\/media?parent=7295"}],"wp:term":[{"taxonomy":"category","embeddable":true,"href":"https:\/\/justicapotiguar.com.br\/index.php\/wp-json\/wp\/v2\/categories?post=7295"},{"taxonomy":"post_tag","embeddable":true,"href":"https:\/\/justicapotiguar.com.br\/index.php\/wp-json\/wp\/v2\/tags?post=7295"}],"curies":[{"name":"wp","href":"https:\/\/api.w.org\/{rel}","templated":true}]}}