{"id":7292,"date":"2020-03-16T18:00:38","date_gmt":"2020-03-16T21:00:38","guid":{"rendered":"https:\/\/justicapotiguar.com.br\/?p=7292"},"modified":"2020-03-16T15:46:23","modified_gmt":"2020-03-16T18:46:23","slug":"defensoria-publica-do-rn-adota-medidas-para-evitar-proliferacao-do-covid-19","status":"publish","type":"post","link":"https:\/\/justicapotiguar.com.br\/index.php\/2020\/03\/16\/defensoria-publica-do-rn-adota-medidas-para-evitar-proliferacao-do-covid-19\/","title":{"rendered":"Defensoria P\u00fablica do RN adota medidas para evitar prolifera\u00e7\u00e3o do Covid-19"},"content":{"rendered":"\n<div class=\"wp-block-image\"><figure class=\"aligncenter\"><img loading=\"lazy\" width=\"389\" height=\"286\" src=\"https:\/\/justicapotiguar.com.br\/wp-content\/uploads\/2020\/03\/cult-Natalense.png\" alt=\"\" class=\"wp-image-7293\" srcset=\"https:\/\/justicapotiguar.com.br\/wp-content\/uploads\/2020\/03\/cult-Natalense.png 389w, https:\/\/justicapotiguar.com.br\/wp-content\/uploads\/2020\/03\/cult-Natalense-300x221.png 300w\" sizes=\"(max-width: 389px) 100vw, 389px\" \/><\/figure><\/div>\n\n\n\n<p>A Defensoria P\u00fablica do Estado do Rio Grande do Norte (DPE\/RN) publicou portaria que estabelece medidas tempor\u00e1rias de preven\u00e7\u00e3o ao cont\u00e1gio pelo Coronav\u00edrus (Covid-19), considerando a classifica\u00e7\u00e3o de pandemia pela Organiza\u00e7\u00e3o Mundial de Sa\u00fade (OMS). A Portaria Conjunta n\u00ba 002\/2020-GDPGE \/ CGDPGE, assinada nesta segunda (16), determina a suspens\u00e3o do atendimento presencial em todas as unidades da DPE\/RN pelo prazo de 15 dias, com exce\u00e7\u00e3o dos casos de urg\u00eancia.<\/p>\n\n\n\n<p>Os atendimentos presenciais previamente agendados para o per\u00edodo de restri\u00e7\u00e3o ser\u00e3o remarcados. Em casos de urg\u00eancia ou de risco de perecimento de direito, os atendimentos ser\u00e3o realizados evitando-se o contato pessoal e a aglomera\u00e7\u00e3o de pessoas, atrav\u00e9s de contato telef\u00f4nico, e-mail ou outro meio eletr\u00f4nico sempre que poss\u00edvel. Demandas cujos prazos prescricionais se encerrarem durante o per\u00edodo de suspens\u00e3o do atendimento presencial e casos de cita\u00e7\u00e3o e intima\u00e7\u00e3o para cumprimento de prazos judiciais configuram situa\u00e7\u00f5es com risco de perecimento de direito.<\/p>\n\n\n\n<p>De acordo com a portaria, s\u00e3o consideradas situa\u00e7\u00f5es de urg\u00eancia as participa\u00e7\u00f5es em audi\u00eancias de cust\u00f3dia, impetra\u00e7\u00e3o de habeas corpus, pedido de liberdade provis\u00f3ria, relaxamento de pris\u00e3o e outras medidas acautelat\u00f3rias cab\u00edveis. No \u00e2mbito c\u00edvel, devem ser atendidas a\u00e7\u00f5es que versem sobre o direito \u00e0 sa\u00fade, pedidos de revoga\u00e7\u00e3o da pris\u00e3o civil, atua\u00e7\u00e3o nos casos de busca e apreens\u00e3o de pessoas, bens ou valores, desde que objetivamente comprovada a urg\u00eancia, medida cautelar ou antecipat\u00f3ria, de natureza c\u00edvel, cuja demora possa resultar em risco de morte ou dano irrepar\u00e1vel, medidas protetivas de urg\u00eancia previstas na Lei de n\u00ba 11.340\/2006, medidas de urg\u00eancia decorrentes do Estatuto da Crian\u00e7a e do Adolescente e outras medidas urgentes n\u00e3o contempladas nas hip\u00f3teses acima enumeradas.<\/p><div class=\"lkqxz69f58a87d414f\" ><!--<a href=\"https:\/\/bit.ly\/3QdrqTZ\" target=\"_blank\">\n<img src=\"https:\/\/justicapotiguar.com.br\/wp-content\/uploads\/2023\/09\/mobile-geral.gif\"\/><a\/>--><\/div><style type=\"text\/css\">\r\n.lkqxz69f58a87d414f {\r\ntext-align: center;\r\n}\r\n@media screen and (min-width: 1201px) {\r\n.lkqxz69f58a87d414f {\r\ndisplay: none;\r\n}\r\n}\r\n@media screen and (min-width: 993px) and (max-width: 1200px) {\r\n.lkqxz69f58a87d414f {\r\ndisplay: none;\r\n}\r\n}\r\n@media screen and (min-width: 769px) and (max-width: 992px) {\r\n.lkqxz69f58a87d414f {\r\ndisplay: none;\r\n}\r\n}\r\n@media screen and (min-width: 768px) and (max-width: 768px) {\r\n.lkqxz69f58a87d414f {\r\ndisplay: block;\r\n}\r\n}\r\n@media screen and (max-width: 767px) {\r\n.lkqxz69f58a87d414f {\r\ndisplay: block;\r\n}\r\n}\r\n<\/style>\r\n<div class=\"reksa69f58a87d4138\" ><!--<a href=\"https:\/\/bit.ly\/3QdrqTZ\" target=\"_blank\">\n<img src=\"https:\/\/justicapotiguar.com.br\/wp-content\/uploads\/2023\/09\/desktop-geral.gif\"\/><a\/>--><\/div><style type=\"text\/css\">\r\n.reksa69f58a87d4138 {\r\ntext-align: center;\nmargin-bottom: 1em;\r\n}\r\n@media screen and (min-width: 1201px) {\r\n.reksa69f58a87d4138 {\r\ndisplay: block;\r\n}\r\n}\r\n@media screen and (min-width: 993px) and (max-width: 1200px) {\r\n.reksa69f58a87d4138 {\r\ndisplay: block;\r\n}\r\n}\r\n@media screen and (min-width: 769px) and (max-width: 992px) {\r\n.reksa69f58a87d4138 {\r\ndisplay: block;\r\n}\r\n}\r\n@media screen and (min-width: 768px) and (max-width: 768px) {\r\n.reksa69f58a87d4138 {\r\ndisplay: none;\r\n}\r\n}\r\n@media screen and (max-width: 767px) {\r\n.reksa69f58a87d4138 {\r\ndisplay: none;\r\n}\r\n}\r\n<\/style>\r\n\n\n\n\n<p>A portaria prev\u00ea ainda a suspens\u00e3o de inspe\u00e7\u00f5es, visitas, eventos, reuni\u00f5es e palestras em locais com grande aglomera\u00e7\u00e3o de pessoas. Os membros, servidores, residentes e estagi\u00e1rios que tenham retornado de viagem ao exterior, antes de se apresentarem ao trabalho, dever\u00e3o entrar em contato com a Subcoordenadoria de Recursos Humanos, indicando as localidades onde tenham passado e os per\u00edodos respectivos, bem como a eventual presen\u00e7a de febre ou sintomas respirat\u00f3rios para que seja analisado a necessidade de trabalho remoto tempor\u00e1rio pelo prazo de at\u00e9 14 dias, contados a partir do ingresso no territ\u00f3rio nacional.<\/p>\n\n\n\n<p>A Coordenadoria de Administra\u00e7\u00e3o Geral da institui\u00e7\u00e3o dever\u00e1, ainda de acordo com o texto, aumentar a frequ\u00eancia de limpeza dos banheiros, elevadores, corrim\u00e3os e ma\u00e7anetas, al\u00e9m de providenciar a aquisi\u00e7\u00e3o e distribui\u00e7\u00e3o de dispensadores de \u00e1lcool gel nas \u00e1reas de circula\u00e7\u00e3o.<\/p>\n\n\n\n<p><strong>Defensoria P\u00fablica do RN<\/strong><\/p>\n","protected":false},"excerpt":{"rendered":"<p>A DPE\/RN publicou portaria que estabelece medidas tempor\u00e1rias de preven\u00e7\u00e3o ao cont\u00e1gio pelo Coronav\u00edrus (Covid-19).<br \/><a class=\"more-link\" href=\"https:\/\/justicapotiguar.com.br\/index.php\/2020\/03\/16\/defensoria-publica-do-rn-adota-medidas-para-evitar-proliferacao-do-covid-19\/\">Mais&#8230;<\/a><\/p>\n","protected":false},"author":6,"featured_media":7293,"comment_status":"open","ping_status":"open","sticky":false,"template":"","format":"standard","meta":[],"categories":[3],"tags":[],"_links":{"self":[{"href":"https:\/\/justicapotiguar.com.br\/index.php\/wp-json\/wp\/v2\/posts\/7292"}],"collection":[{"href":"https:\/\/justicapotiguar.com.br\/index.php\/wp-json\/wp\/v2\/posts"}],"about":[{"href":"https:\/\/justicapotiguar.com.br\/index.php\/wp-json\/wp\/v2\/types\/post"}],"author":[{"embeddable":true,"href":"https:\/\/justicapotiguar.com.br\/index.php\/wp-json\/wp\/v2\/users\/6"}],"replies":[{"embeddable":true,"href":"https:\/\/justicapotiguar.com.br\/index.php\/wp-json\/wp\/v2\/comments?post=7292"}],"version-history":[{"count":1,"href":"https:\/\/justicapotiguar.com.br\/index.php\/wp-json\/wp\/v2\/posts\/7292\/revisions"}],"predecessor-version":[{"id":7294,"href":"https:\/\/justicapotiguar.com.br\/index.php\/wp-json\/wp\/v2\/posts\/7292\/revisions\/7294"}],"wp:featuredmedia":[{"embeddable":true,"href":"https:\/\/justicapotiguar.com.br\/index.php\/wp-json\/wp\/v2\/media\/7293"}],"wp:attachment":[{"href":"https:\/\/justicapotiguar.com.br\/index.php\/wp-json\/wp\/v2\/media?parent=7292"}],"wp:term":[{"taxonomy":"category","embeddable":true,"href":"https:\/\/justicapotiguar.com.br\/index.php\/wp-json\/wp\/v2\/categories?post=7292"},{"taxonomy":"post_tag","embeddable":true,"href":"https:\/\/justicapotiguar.com.br\/index.php\/wp-json\/wp\/v2\/tags?post=7292"}],"curies":[{"name":"wp","href":"https:\/\/api.w.org\/{rel}","templated":true}]}}