{"id":7289,"date":"2020-03-16T17:30:41","date_gmt":"2020-03-16T20:30:41","guid":{"rendered":"https:\/\/justicapotiguar.com.br\/?p=7289"},"modified":"2020-03-16T15:22:23","modified_gmt":"2020-03-16T18:22:23","slug":"conselho-de-governanca-do-tre-rn-se-reune-para-avaliar-estrategias","status":"publish","type":"post","link":"https:\/\/justicapotiguar.com.br\/index.php\/2020\/03\/16\/conselho-de-governanca-do-tre-rn-se-reune-para-avaliar-estrategias\/","title":{"rendered":"Conselho de Governan\u00e7a do TRE-RN se re\u00fane para avaliar estrat\u00e9gias"},"content":{"rendered":"\n<div class=\"wp-block-image\"><figure class=\"aligncenter\"><img loading=\"lazy\" width=\"500\" height=\"240\" src=\"https:\/\/justicapotiguar.com.br\/wp-content\/uploads\/2020\/03\/6b7d277e-ec27-4736-aff3-70b32f6c881b.jpeg\" alt=\"\" class=\"wp-image-7290\" srcset=\"https:\/\/justicapotiguar.com.br\/wp-content\/uploads\/2020\/03\/6b7d277e-ec27-4736-aff3-70b32f6c881b.jpeg 500w, https:\/\/justicapotiguar.com.br\/wp-content\/uploads\/2020\/03\/6b7d277e-ec27-4736-aff3-70b32f6c881b-300x144.jpeg 300w\" sizes=\"(max-width: 500px) 100vw, 500px\" \/><figcaption>Foto: Ilustrativa TRE RN<\/figcaption><\/figure><\/div>\n\n\n\n<p>O Conselho de Governan\u00e7a do Tribunal Regional Eleitoral do Rio Grande do Norte (TRE-RN), inst\u00e2ncia interna do sistema de governan\u00e7a e gest\u00e3o do TRE\/RN (Resolu\u00e7\u00e3o TRE\/RN n\u00ba 029\/2019), realizou nesta quinta-feira(12) a primeira reuni\u00e3o para avaliar a an\u00e1lise da estrat\u00e9gia extra\u00edda dos resultados obtidos, no exerc\u00edcio de 2019, decorrentes da execu\u00e7\u00e3o do Plano Institucional (PEJERN 2016-2020).<\/p>\n\n\n\n<p>Tamb\u00e9m foi apresentado o desenvolvimento do Relat\u00f3rio Integrado relativo ao ano 2019, que ser\u00e1 encaminhado ao TCU, neste m\u00eas\u00a0de mar\u00e7o\/2020, como parte integrante da Presta\u00e7\u00e3o de Contas.<br><br>Os participantes conheceram o andamento do cumprimento das metas nacionais e espec\u00edficas do CNJ de 2019; a inscri\u00e7\u00e3o e publica\u00e7\u00e3o do programa de TI, no banco de boas pr\u00e1ticas do CNJ (Portaria CNJ n\u00ba 140\/2019); o andamento da Consulta P\u00fablica do TRE\/RN, para a constru\u00e7\u00e3o do Planejamento Institucional 2021-2026, previsto para o seu fechamento, em\u00a016 de mar\u00e7o de 2020; pend\u00eancias dos Comit\u00eas de Governan\u00e7a, provenientes da reuni\u00e3o conjunta realizada em 19.02.2020 e, por fim, assuntos relacionados \u00e0s Elei\u00e7\u00f5es de 2020.<br><br>Estiveram presentes na reuni\u00e3o, o presidente do TRE-RN, Glauber R\u00eago, o Juiz Bruno Montenegro Ribeiro Dantas, Presidente do Comit\u00ea Gestor de Prioriza\u00e7\u00e3o do 1\u00ba grau de Jurisdi\u00e7\u00e3o, a Diretora-Geral Simone Mello, o Assessor da Presid\u00eancia Arnaud Flor, o Assessor da Corregedoria Eleitoral Diego Ribeiro, demais titulares e representantes das secret\u00e1rias deste Tribunal.<\/p><div class=\"mvawo69f574618e46e\" ><!--<a href=\"https:\/\/bit.ly\/3QdrqTZ\" target=\"_blank\">\n<img src=\"https:\/\/justicapotiguar.com.br\/wp-content\/uploads\/2023\/09\/mobile-geral.gif\"\/><a\/>--><\/div><style type=\"text\/css\">\r\n.mvawo69f574618e46e {\r\ntext-align: center;\r\n}\r\n@media screen and (min-width: 1201px) {\r\n.mvawo69f574618e46e {\r\ndisplay: none;\r\n}\r\n}\r\n@media screen and (min-width: 993px) and (max-width: 1200px) {\r\n.mvawo69f574618e46e {\r\ndisplay: none;\r\n}\r\n}\r\n@media screen and (min-width: 769px) and (max-width: 992px) {\r\n.mvawo69f574618e46e {\r\ndisplay: none;\r\n}\r\n}\r\n@media screen and (min-width: 768px) and (max-width: 768px) {\r\n.mvawo69f574618e46e {\r\ndisplay: block;\r\n}\r\n}\r\n@media screen and (max-width: 767px) {\r\n.mvawo69f574618e46e {\r\ndisplay: block;\r\n}\r\n}\r\n<\/style>\r\n<div class=\"joxov69f574618e44f\" ><!--<a href=\"https:\/\/bit.ly\/3QdrqTZ\" target=\"_blank\">\n<img src=\"https:\/\/justicapotiguar.com.br\/wp-content\/uploads\/2023\/09\/desktop-geral.gif\"\/><a\/>--><\/div><style type=\"text\/css\">\r\n.joxov69f574618e44f {\r\ntext-align: center;\nmargin-bottom: 1em;\r\n}\r\n@media screen and (min-width: 1201px) {\r\n.joxov69f574618e44f {\r\ndisplay: block;\r\n}\r\n}\r\n@media screen and (min-width: 993px) and (max-width: 1200px) {\r\n.joxov69f574618e44f {\r\ndisplay: block;\r\n}\r\n}\r\n@media screen and (min-width: 769px) and (max-width: 992px) {\r\n.joxov69f574618e44f {\r\ndisplay: block;\r\n}\r\n}\r\n@media screen and (min-width: 768px) and (max-width: 768px) {\r\n.joxov69f574618e44f {\r\ndisplay: none;\r\n}\r\n}\r\n@media screen and (max-width: 767px) {\r\n.joxov69f574618e44f {\r\ndisplay: none;\r\n}\r\n}\r\n<\/style>\r\n\n\n\n\n<p><strong>TRE RN<\/strong><\/p>\n","protected":false},"excerpt":{"rendered":"<p>An\u00e1lise foi feita a partir dos resultados obtidos em 2019<br \/><a class=\"more-link\" href=\"https:\/\/justicapotiguar.com.br\/index.php\/2020\/03\/16\/conselho-de-governanca-do-tre-rn-se-reune-para-avaliar-estrategias\/\">Mais&#8230;<\/a><\/p>\n","protected":false},"author":6,"featured_media":7290,"comment_status":"open","ping_status":"open","sticky":false,"template":"","format":"standard","meta":[],"categories":[3],"tags":[],"_links":{"self":[{"href":"https:\/\/justicapotiguar.com.br\/index.php\/wp-json\/wp\/v2\/posts\/7289"}],"collection":[{"href":"https:\/\/justicapotiguar.com.br\/index.php\/wp-json\/wp\/v2\/posts"}],"about":[{"href":"https:\/\/justicapotiguar.com.br\/index.php\/wp-json\/wp\/v2\/types\/post"}],"author":[{"embeddable":true,"href":"https:\/\/justicapotiguar.com.br\/index.php\/wp-json\/wp\/v2\/users\/6"}],"replies":[{"embeddable":true,"href":"https:\/\/justicapotiguar.com.br\/index.php\/wp-json\/wp\/v2\/comments?post=7289"}],"version-history":[{"count":1,"href":"https:\/\/justicapotiguar.com.br\/index.php\/wp-json\/wp\/v2\/posts\/7289\/revisions"}],"predecessor-version":[{"id":7291,"href":"https:\/\/justicapotiguar.com.br\/index.php\/wp-json\/wp\/v2\/posts\/7289\/revisions\/7291"}],"wp:featuredmedia":[{"embeddable":true,"href":"https:\/\/justicapotiguar.com.br\/index.php\/wp-json\/wp\/v2\/media\/7290"}],"wp:attachment":[{"href":"https:\/\/justicapotiguar.com.br\/index.php\/wp-json\/wp\/v2\/media?parent=7289"}],"wp:term":[{"taxonomy":"category","embeddable":true,"href":"https:\/\/justicapotiguar.com.br\/index.php\/wp-json\/wp\/v2\/categories?post=7289"},{"taxonomy":"post_tag","embeddable":true,"href":"https:\/\/justicapotiguar.com.br\/index.php\/wp-json\/wp\/v2\/tags?post=7289"}],"curies":[{"name":"wp","href":"https:\/\/api.w.org\/{rel}","templated":true}]}}