{"id":7283,"date":"2020-03-16T15:35:25","date_gmt":"2020-03-16T18:35:25","guid":{"rendered":"https:\/\/justicapotiguar.com.br\/?p=7283"},"modified":"2020-03-16T14:59:24","modified_gmt":"2020-03-16T17:59:24","slug":"anulada-parte-de-questao-da-2a-fase-do-xxx-exame-de-ordem-unificado","status":"publish","type":"post","link":"https:\/\/justicapotiguar.com.br\/index.php\/2020\/03\/16\/anulada-parte-de-questao-da-2a-fase-do-xxx-exame-de-ordem-unificado\/","title":{"rendered":"Anulada parte de quest\u00e3o da 2\u00aa fase do XXX Exame de Ordem Unificado"},"content":{"rendered":"\n<figure class=\"wp-block-image\"><img loading=\"lazy\" width=\"680\" height=\"346\" src=\"https:\/\/justicapotiguar.com.br\/wp-content\/uploads\/2020\/03\/BDFDAEB8280696F146FA599B7DF27ABEF858_prova.jpg\" alt=\"\" class=\"wp-image-7284\" srcset=\"https:\/\/justicapotiguar.com.br\/wp-content\/uploads\/2020\/03\/BDFDAEB8280696F146FA599B7DF27ABEF858_prova.jpg 680w, https:\/\/justicapotiguar.com.br\/wp-content\/uploads\/2020\/03\/BDFDAEB8280696F146FA599B7DF27ABEF858_prova-300x153.jpg 300w\" sizes=\"(max-width: 680px) 100vw, 680px\" \/><figcaption>Foto: Reprodu\u00e7\u00e3o Migalhas<\/figcaption><\/figure>\n\n\n\n<p> O juiz Federal substituto Gabriel Zago C. Vianna de Paiva, da 16\u00aa vara C\u00edvel da SJ\/DF, anulou parte de quest\u00e3o da 2\u00aa fase do XXX Exame de Ordem Unificado que versa sobre Direito do Trabalho. Para o magistrado, a resposta adotada pela banca encontra-se em disson\u00e2ncia com o ordenamento jur\u00eddico p\u00e1trio. <\/p>\n\n\n\n<p>A ANB &#8211; Associa\u00e7\u00e3o Nacional dos Bachar\u00e9is em Direito impetrou MS contra ato atribu\u00eddo ao presidente da OAB por conta de quest\u00e3o sobre Direito do Trabalho da 2\u00aa fase do XXX Exame de Ordem Unificado. A quest\u00e3o impugnada foi essa:<\/p>\n\n\n\n<p><em>\u201c4. Percival \u00e9 dirigente sindical e, durante o seu mandato, a sociedade empres\u00e1ria alegou que ele praticou falta grave e, em raz\u00e3o disso, suspendeu-o e, 60 dias ap\u00f3s, instaurou inqu\u00e9rito judicial contra ele. Na peti\u00e7\u00e3o inicial, a sociedade empres\u00e1ria alegou que Percival participou de uma greve nas instala\u00e7\u00f5es da empresa e, em que pese n\u00e3o ter havido qualquer excesso ou anormalidade, a paralisa\u00e7\u00e3o em si trouxe preju\u00edzos financeiros para o empregador. Considerando a situa\u00e7\u00e3o apresentada, os ditames da CLT e o entendimento consolidado dos Tribunais, responda aos itens a seguir.<\/em><\/p>\n\n\n\n<p><em>A) Caso voc\u00ea fosse contratado por Percival para defend\u00ea-lo, que instituto jur\u00eddico preliminar voc\u00ea apresentaria?<\/em><\/p>\n\n\n\n<p><em>B) Que tese de m\u00e9rito voc\u00ea apresentaria, em favor de Percival, na defesa do inqu\u00e9rito?\u201d<\/em><\/p>\n\n\n\n<p>Para a entidade, houve not\u00f3ria ofensa ao Edital e disson\u00e2ncia com o pac\u00edfico entendimento dos Tribunais Superiores, em raz\u00e3o de \u201cgrave erro de enunciado\u201d, uma vez que a quest\u00e3o n\u00e3o possui resposta.<\/p><div class=\"jxlgt69f51f0319eab\" ><!--<a href=\"https:\/\/bit.ly\/3QdrqTZ\" target=\"_blank\">\n<img src=\"https:\/\/justicapotiguar.com.br\/wp-content\/uploads\/2023\/09\/mobile-geral.gif\"\/><a\/>--><\/div><style type=\"text\/css\">\r\n.jxlgt69f51f0319eab {\r\ntext-align: center;\r\n}\r\n@media screen and (min-width: 1201px) {\r\n.jxlgt69f51f0319eab {\r\ndisplay: none;\r\n}\r\n}\r\n@media screen and (min-width: 993px) and (max-width: 1200px) {\r\n.jxlgt69f51f0319eab {\r\ndisplay: none;\r\n}\r\n}\r\n@media screen and (min-width: 769px) and (max-width: 992px) {\r\n.jxlgt69f51f0319eab {\r\ndisplay: none;\r\n}\r\n}\r\n@media screen and (min-width: 768px) and (max-width: 768px) {\r\n.jxlgt69f51f0319eab {\r\ndisplay: block;\r\n}\r\n}\r\n@media screen and (max-width: 767px) {\r\n.jxlgt69f51f0319eab {\r\ndisplay: block;\r\n}\r\n}\r\n<\/style>\r\n<div class=\"zxbha69f51f0319e8a\" ><!--<a href=\"https:\/\/bit.ly\/3QdrqTZ\" target=\"_blank\">\n<img src=\"https:\/\/justicapotiguar.com.br\/wp-content\/uploads\/2023\/09\/desktop-geral.gif\"\/><a\/>--><\/div><style type=\"text\/css\">\r\n.zxbha69f51f0319e8a {\r\ntext-align: center;\nmargin-bottom: 1em;\r\n}\r\n@media screen and (min-width: 1201px) {\r\n.zxbha69f51f0319e8a {\r\ndisplay: block;\r\n}\r\n}\r\n@media screen and (min-width: 993px) and (max-width: 1200px) {\r\n.zxbha69f51f0319e8a {\r\ndisplay: block;\r\n}\r\n}\r\n@media screen and (min-width: 769px) and (max-width: 992px) {\r\n.zxbha69f51f0319e8a {\r\ndisplay: block;\r\n}\r\n}\r\n@media screen and (min-width: 768px) and (max-width: 768px) {\r\n.zxbha69f51f0319e8a {\r\ndisplay: none;\r\n}\r\n}\r\n@media screen and (max-width: 767px) {\r\n.zxbha69f51f0319e8a {\r\ndisplay: none;\r\n}\r\n}\r\n<\/style>\r\n\n\n\n\n<p>Ao analisar o caso, o magistrado explicou que a resposta oficial ao item \u201ca\u201d foi redigida no sentido de que \u201ca tese a ser apresentada \u00e9 a de que ocorreu decad\u00eancia, porque, entre a suspens\u00e3o e a instaura\u00e7\u00e3o do inqu\u00e9rito, o prazo m\u00e1ximo \u00e9 de 30 dias, conforme prev\u00ea o art. 853 da CLT e S\u00famula 403 do STF, que n\u00e3o foi respeitado\u201d.<\/p>\n\n\n\n<p>Segundo o magistrado, do ponto de vista t\u00e9cnico, a decad\u00eancia \u00e9 mat\u00e9ria de m\u00e9rito (art. 487, II, do CPC), n\u00e3o se inserindo no rol de institutos jur\u00eddicos preliminares (art. 337 do CPC), \u201cembora deva ser apresentada de forma introdut\u00f3ria, como quest\u00e3o prejudicial\u201d, disse.<\/p>\n\n\n\n<p>Assim, de acordo com o juiz, pode-se afirmar que h\u00e1 elementos objetivos a demonstrar que a resposta adotada pela banca est\u00e1 em disson\u00e2ncia com o ordenamento jur\u00eddico p\u00e1trio, \u201cextrapolando, assim, os limites do edital, e deixando, inclusive, o item sem resposta\u201d.<\/p>\n\n\n\n<p>O magistrado, ent\u00e3o, deferiu em parte a liminar para determinar que a autoridade impetrada anule o item \u2018a\u2019 da 4\u00aa quest\u00e3o da prova pr\u00e1tico-profissional de Direito do Trabalho em rela\u00e7\u00e3o aos associados da entidade, realizando os devidos ajustes de men\u00e7\u00e3o, nos termos do edital que rege o exame.<\/p>\n\n\n\n<ul><li>Processo:&nbsp;<a href=\"https:\/\/pje1g.trf1.jus.br\/consultapublica\/ConsultaPublica\/DetalheProcessoConsultaPublica\/listView.seam?ca=849e59a55d8ca59b329c578c5934461321983bbb885681ec\" target=\"_blank\" rel=\"noreferrer noopener\">1005693-64.2020.4.01.3400<\/a><\/li><\/ul>\n\n\n\n<p>Veja a\u00a0<a rel=\"noreferrer noopener\" href=\"https:\/\/www.migalhas.com.br\/arquivos\/2020\/3\/3BBC2D042CF1D0_exame.pdf\" target=\"_blank\">liminar<\/a>.<\/p>\n\n\n\n<p><strong>Migalhas<\/strong><br><\/p>\n","protected":false},"excerpt":{"rendered":"<p>A resposta adotada pela banca encontra-se em disson\u00e2ncia com o ordenamento jur\u00eddico p\u00e1trio.<br \/><a class=\"more-link\" href=\"https:\/\/justicapotiguar.com.br\/index.php\/2020\/03\/16\/anulada-parte-de-questao-da-2a-fase-do-xxx-exame-de-ordem-unificado\/\">Mais&#8230;<\/a><\/p>\n","protected":false},"author":6,"featured_media":7284,"comment_status":"open","ping_status":"open","sticky":false,"template":"","format":"standard","meta":[],"categories":[3],"tags":[],"_links":{"self":[{"href":"https:\/\/justicapotiguar.com.br\/index.php\/wp-json\/wp\/v2\/posts\/7283"}],"collection":[{"href":"https:\/\/justicapotiguar.com.br\/index.php\/wp-json\/wp\/v2\/posts"}],"about":[{"href":"https:\/\/justicapotiguar.com.br\/index.php\/wp-json\/wp\/v2\/types\/post"}],"author":[{"embeddable":true,"href":"https:\/\/justicapotiguar.com.br\/index.php\/wp-json\/wp\/v2\/users\/6"}],"replies":[{"embeddable":true,"href":"https:\/\/justicapotiguar.com.br\/index.php\/wp-json\/wp\/v2\/comments?post=7283"}],"version-history":[{"count":1,"href":"https:\/\/justicapotiguar.com.br\/index.php\/wp-json\/wp\/v2\/posts\/7283\/revisions"}],"predecessor-version":[{"id":7285,"href":"https:\/\/justicapotiguar.com.br\/index.php\/wp-json\/wp\/v2\/posts\/7283\/revisions\/7285"}],"wp:featuredmedia":[{"embeddable":true,"href":"https:\/\/justicapotiguar.com.br\/index.php\/wp-json\/wp\/v2\/media\/7284"}],"wp:attachment":[{"href":"https:\/\/justicapotiguar.com.br\/index.php\/wp-json\/wp\/v2\/media?parent=7283"}],"wp:term":[{"taxonomy":"category","embeddable":true,"href":"https:\/\/justicapotiguar.com.br\/index.php\/wp-json\/wp\/v2\/categories?post=7283"},{"taxonomy":"post_tag","embeddable":true,"href":"https:\/\/justicapotiguar.com.br\/index.php\/wp-json\/wp\/v2\/tags?post=7283"}],"curies":[{"name":"wp","href":"https:\/\/api.w.org\/{rel}","templated":true}]}}