{"id":7279,"date":"2020-03-16T19:00:27","date_gmt":"2020-03-16T22:00:27","guid":{"rendered":"https:\/\/justicapotiguar.com.br\/?p=7279"},"modified":"2020-03-16T16:42:20","modified_gmt":"2020-03-16T19:42:20","slug":"prevencao-noade-suspende-atendimentos-e-grupos-reflexivos-por-15-dias","status":"publish","type":"post","link":"https:\/\/justicapotiguar.com.br\/index.php\/2020\/03\/16\/prevencao-noade-suspende-atendimentos-e-grupos-reflexivos-por-15-dias\/","title":{"rendered":"Preven\u00e7\u00e3o: NOADE suspende atendimentos e grupos reflexivos por 15 dias"},"content":{"rendered":"\n<figure class=\"wp-block-image\"><img loading=\"lazy\" width=\"750\" height=\"500\" src=\"https:\/\/justicapotiguar.com.br\/wp-content\/uploads\/2019\/08\/TJRN-6.jpg\" alt=\"\" class=\"wp-image-615\" srcset=\"https:\/\/justicapotiguar.com.br\/wp-content\/uploads\/2019\/08\/TJRN-6.jpg 750w, https:\/\/justicapotiguar.com.br\/wp-content\/uploads\/2019\/08\/TJRN-6-300x200.jpg 300w\" sizes=\"(max-width: 750px) 100vw, 750px\" \/><\/figure>\n\n\n\n<p>O N\u00facleo de Orienta\u00e7\u00e3o e Acompanhamento aos Usu\u00e1rios de Dependentes Qu\u00edmicos do RN (NOADE) suspendeu os atendimentos individuais e os grupos reflexivos pelo prazo de 15 dias, a partir desta segunda-feira (16).<\/p>\n\n\n\n<p>A medida anunciada oficialmente pela coordenadora administrativa do \u00f3rg\u00e3o da Justi\u00e7a Estadual, Lucineide Nascimento, leva em considera\u00e7\u00e3o a atual situa\u00e7\u00e3o relacionada \u00e0 pandemia do Coronav\u00edrus (COVID-19) e com base nas orienta\u00e7\u00f5es da Organiza\u00e7\u00e3o Mundial de Sa\u00fade (OMS), que preconizam cuidados visando a preven\u00e7\u00e3o para a conten\u00e7\u00e3o de casos.<\/p><div class=\"sagjb69f59eb041882\" ><!--<a href=\"https:\/\/bit.ly\/3QdrqTZ\" target=\"_blank\">\n<img src=\"https:\/\/justicapotiguar.com.br\/wp-content\/uploads\/2023\/09\/mobile-geral.gif\"\/><a\/>--><\/div><style type=\"text\/css\">\r\n.sagjb69f59eb041882 {\r\ntext-align: center;\r\n}\r\n@media screen and (min-width: 1201px) {\r\n.sagjb69f59eb041882 {\r\ndisplay: none;\r\n}\r\n}\r\n@media screen and (min-width: 993px) and (max-width: 1200px) {\r\n.sagjb69f59eb041882 {\r\ndisplay: none;\r\n}\r\n}\r\n@media screen and (min-width: 769px) and (max-width: 992px) {\r\n.sagjb69f59eb041882 {\r\ndisplay: none;\r\n}\r\n}\r\n@media screen and (min-width: 768px) and (max-width: 768px) {\r\n.sagjb69f59eb041882 {\r\ndisplay: block;\r\n}\r\n}\r\n@media screen and (max-width: 767px) {\r\n.sagjb69f59eb041882 {\r\ndisplay: block;\r\n}\r\n}\r\n<\/style>\r\n<div class=\"otrfj69f59eb041869\" ><!--<a href=\"https:\/\/bit.ly\/3QdrqTZ\" target=\"_blank\">\n<img src=\"https:\/\/justicapotiguar.com.br\/wp-content\/uploads\/2023\/09\/desktop-geral.gif\"\/><a\/>--><\/div><style type=\"text\/css\">\r\n.otrfj69f59eb041869 {\r\ntext-align: center;\nmargin-bottom: 1em;\r\n}\r\n@media screen and (min-width: 1201px) {\r\n.otrfj69f59eb041869 {\r\ndisplay: block;\r\n}\r\n}\r\n@media screen and (min-width: 993px) and (max-width: 1200px) {\r\n.otrfj69f59eb041869 {\r\ndisplay: block;\r\n}\r\n}\r\n@media screen and (min-width: 769px) and (max-width: 992px) {\r\n.otrfj69f59eb041869 {\r\ndisplay: block;\r\n}\r\n}\r\n@media screen and (min-width: 768px) and (max-width: 768px) {\r\n.otrfj69f59eb041869 {\r\ndisplay: none;\r\n}\r\n}\r\n@media screen and (max-width: 767px) {\r\n.otrfj69f59eb041869 {\r\ndisplay: none;\r\n}\r\n}\r\n<\/style>\r\n\n\n\n\n<p>A coordenadora lembra que ao final do prazo, o NOADE informar\u00e1 a normaliza\u00e7\u00e3o ou prorroga\u00e7\u00e3o, segundo determina\u00e7\u00e3o do TJRN.<\/p>\n","protected":false},"excerpt":{"rendered":"<p>O N\u00facleo de Orienta\u00e7\u00e3o e Acompanhamento aos Usu\u00e1rios de Dependentes Qu\u00edmicos do RN (NOADE) suspendeu os atendimentos individuais e os grupos reflexivos pelo prazo de 15 dias, a partir desta segunda-feira (16).<br \/><a class=\"more-link\" href=\"https:\/\/justicapotiguar.com.br\/index.php\/2020\/03\/16\/prevencao-noade-suspende-atendimentos-e-grupos-reflexivos-por-15-dias\/\">Mais&#8230;<\/a><\/p>\n","protected":false},"author":6,"featured_media":6120,"comment_status":"open","ping_status":"open","sticky":false,"template":"","format":"standard","meta":[],"categories":[3],"tags":[],"_links":{"self":[{"href":"https:\/\/justicapotiguar.com.br\/index.php\/wp-json\/wp\/v2\/posts\/7279"}],"collection":[{"href":"https:\/\/justicapotiguar.com.br\/index.php\/wp-json\/wp\/v2\/posts"}],"about":[{"href":"https:\/\/justicapotiguar.com.br\/index.php\/wp-json\/wp\/v2\/types\/post"}],"author":[{"embeddable":true,"href":"https:\/\/justicapotiguar.com.br\/index.php\/wp-json\/wp\/v2\/users\/6"}],"replies":[{"embeddable":true,"href":"https:\/\/justicapotiguar.com.br\/index.php\/wp-json\/wp\/v2\/comments?post=7279"}],"version-history":[{"count":1,"href":"https:\/\/justicapotiguar.com.br\/index.php\/wp-json\/wp\/v2\/posts\/7279\/revisions"}],"predecessor-version":[{"id":7280,"href":"https:\/\/justicapotiguar.com.br\/index.php\/wp-json\/wp\/v2\/posts\/7279\/revisions\/7280"}],"wp:featuredmedia":[{"embeddable":true,"href":"https:\/\/justicapotiguar.com.br\/index.php\/wp-json\/wp\/v2\/media\/6120"}],"wp:attachment":[{"href":"https:\/\/justicapotiguar.com.br\/index.php\/wp-json\/wp\/v2\/media?parent=7279"}],"wp:term":[{"taxonomy":"category","embeddable":true,"href":"https:\/\/justicapotiguar.com.br\/index.php\/wp-json\/wp\/v2\/categories?post=7279"},{"taxonomy":"post_tag","embeddable":true,"href":"https:\/\/justicapotiguar.com.br\/index.php\/wp-json\/wp\/v2\/tags?post=7279"}],"curies":[{"name":"wp","href":"https:\/\/api.w.org\/{rel}","templated":true}]}}