{"id":7276,"date":"2020-03-16T16:00:57","date_gmt":"2020-03-16T19:00:57","guid":{"rendered":"https:\/\/justicapotiguar.com.br\/?p=7276"},"modified":"2020-03-16T13:54:53","modified_gmt":"2020-03-16T16:54:53","slug":"tribunal-cria-comite-permanente-de-avaliacao-para-monitorar-acoes-contra-o-coronavirus","status":"publish","type":"post","link":"https:\/\/justicapotiguar.com.br\/index.php\/2020\/03\/16\/tribunal-cria-comite-permanente-de-avaliacao-para-monitorar-acoes-contra-o-coronavirus\/","title":{"rendered":"Tribunal cria Comit\u00ea Permanente de Avalia\u00e7\u00e3o para monitorar a\u00e7\u00f5es contra o coronav\u00edrus"},"content":{"rendered":"\n<div class=\"wp-block-image\"><figure class=\"aligncenter\"><img loading=\"lazy\" width=\"350\" height=\"230\" src=\"https:\/\/justicapotiguar.com.br\/wp-content\/uploads\/2020\/03\/ORIGINAL.jpeg\" alt=\"\" class=\"wp-image-7277\" srcset=\"https:\/\/justicapotiguar.com.br\/wp-content\/uploads\/2020\/03\/ORIGINAL.jpeg 350w, https:\/\/justicapotiguar.com.br\/wp-content\/uploads\/2020\/03\/ORIGINAL-300x197.jpeg 300w\" sizes=\"(max-width: 350px) 100vw, 350px\" \/><figcaption><strong>Foto: Divulga\u00e7\u00e3o<\/strong><\/figcaption><\/figure><\/div>\n\n\n\n<p>A Presid\u00eancia do Tribunal Regional do Trabalho da 21\u00aa Regi\u00e3o (TRT-RN) criou, nesta segunda-feira (16), um Comit\u00ea Permanente de Avalia\u00e7\u00e3o de Medidas Preventivas para monitorar e integrar a\u00e7\u00f5es de enfrentamento ao coronav\u00edrus dentro do \u00e2mbito da Justi\u00e7a do Trabalho do Rio Grande do Norte.<\/p>\n\n\n\n<p>A Comiss\u00e3o \u00e9 integrada por desembargadores, ju\u00edzes e gestores do Tribunal. As reuni\u00f5es ser\u00e3o peri\u00f3dicas e permitir\u00e3o a ado\u00e7\u00e3o de novas a\u00e7\u00f5es \u00e0 medida que fatos novos relacionados ao coronav\u00edrus aconte\u00e7am no Estado.<\/p>\n\n\n\n<p>Participaram da reuni\u00e3o de instala\u00e7\u00e3o o pr\u00f3prio presidente do TRT-RN, desembargador Bento Herculano, o presidente do Comit\u00ea Gestor Local de Aten\u00e7\u00e3o Integral \u00e0 Sa\u00fade dos Magistrados e Servidores do Tribunal, desembargador Jos\u00e9 Barbosa Filho, a desembargadora Joseane Dantas, o desembargador Eridson Medeiros, o desembargador Carlos Newton, e os ju\u00edzes Simone Jalil, Luciano Athayde, D\u00e9cio Teixeira e Higor Marcelino Sanches.<\/p><div class=\"ytndz69f534ae0a72d\" ><!--<a href=\"https:\/\/bit.ly\/3QdrqTZ\" target=\"_blank\">\n<img src=\"https:\/\/justicapotiguar.com.br\/wp-content\/uploads\/2023\/09\/mobile-geral.gif\"\/><a\/>--><\/div><style type=\"text\/css\">\r\n.ytndz69f534ae0a72d {\r\ntext-align: center;\r\n}\r\n@media screen and (min-width: 1201px) {\r\n.ytndz69f534ae0a72d {\r\ndisplay: none;\r\n}\r\n}\r\n@media screen and (min-width: 993px) and (max-width: 1200px) {\r\n.ytndz69f534ae0a72d {\r\ndisplay: none;\r\n}\r\n}\r\n@media screen and (min-width: 769px) and (max-width: 992px) {\r\n.ytndz69f534ae0a72d {\r\ndisplay: none;\r\n}\r\n}\r\n@media screen and (min-width: 768px) and (max-width: 768px) {\r\n.ytndz69f534ae0a72d {\r\ndisplay: block;\r\n}\r\n}\r\n@media screen and (max-width: 767px) {\r\n.ytndz69f534ae0a72d {\r\ndisplay: block;\r\n}\r\n}\r\n<\/style>\r\n<div class=\"gmroi69f534ae0a710\" ><!--<a href=\"https:\/\/bit.ly\/3QdrqTZ\" target=\"_blank\">\n<img src=\"https:\/\/justicapotiguar.com.br\/wp-content\/uploads\/2023\/09\/desktop-geral.gif\"\/><a\/>--><\/div><style type=\"text\/css\">\r\n.gmroi69f534ae0a710 {\r\ntext-align: center;\nmargin-bottom: 1em;\r\n}\r\n@media screen and (min-width: 1201px) {\r\n.gmroi69f534ae0a710 {\r\ndisplay: block;\r\n}\r\n}\r\n@media screen and (min-width: 993px) and (max-width: 1200px) {\r\n.gmroi69f534ae0a710 {\r\ndisplay: block;\r\n}\r\n}\r\n@media screen and (min-width: 769px) and (max-width: 992px) {\r\n.gmroi69f534ae0a710 {\r\ndisplay: block;\r\n}\r\n}\r\n@media screen and (min-width: 768px) and (max-width: 768px) {\r\n.gmroi69f534ae0a710 {\r\ndisplay: none;\r\n}\r\n}\r\n@media screen and (max-width: 767px) {\r\n.gmroi69f534ae0a710 {\r\ndisplay: none;\r\n}\r\n}\r\n<\/style>\r\n\n\n\n\n<p>O Setor de Assist\u00eancia M\u00e9dico Odontol\u00f3gica (SEAMO) integra o Comit\u00ea e ficar\u00e1 respons\u00e1vel pelo monitoramento de fatos que possam motivar a ado\u00e7\u00e3o de novas medidas.<\/p>\n\n\n\n<p><strong>TRT RN<\/strong><\/p>\n","protected":false},"excerpt":{"rendered":"<p>A Presid\u00eancia do Tribunal Regional do Trabalho da 21\u00aa Regi\u00e3o (TRT-RN) criou, nesta segunda-feira (16), um Comit\u00ea Permanente de Avalia\u00e7\u00e3o de Medidas Preventivas para monitorar e integrar a\u00e7\u00f5es de enfrentamento ao coronav\u00edrus dentro do \u00e2mbito da Justi\u00e7a do Trabalho do Rio Grande do Norte.<br \/><a class=\"more-link\" href=\"https:\/\/justicapotiguar.com.br\/index.php\/2020\/03\/16\/tribunal-cria-comite-permanente-de-avaliacao-para-monitorar-acoes-contra-o-coronavirus\/\">Mais&#8230;<\/a><\/p>\n","protected":false},"author":6,"featured_media":7277,"comment_status":"open","ping_status":"open","sticky":false,"template":"","format":"standard","meta":[],"categories":[3],"tags":[],"_links":{"self":[{"href":"https:\/\/justicapotiguar.com.br\/index.php\/wp-json\/wp\/v2\/posts\/7276"}],"collection":[{"href":"https:\/\/justicapotiguar.com.br\/index.php\/wp-json\/wp\/v2\/posts"}],"about":[{"href":"https:\/\/justicapotiguar.com.br\/index.php\/wp-json\/wp\/v2\/types\/post"}],"author":[{"embeddable":true,"href":"https:\/\/justicapotiguar.com.br\/index.php\/wp-json\/wp\/v2\/users\/6"}],"replies":[{"embeddable":true,"href":"https:\/\/justicapotiguar.com.br\/index.php\/wp-json\/wp\/v2\/comments?post=7276"}],"version-history":[{"count":1,"href":"https:\/\/justicapotiguar.com.br\/index.php\/wp-json\/wp\/v2\/posts\/7276\/revisions"}],"predecessor-version":[{"id":7278,"href":"https:\/\/justicapotiguar.com.br\/index.php\/wp-json\/wp\/v2\/posts\/7276\/revisions\/7278"}],"wp:featuredmedia":[{"embeddable":true,"href":"https:\/\/justicapotiguar.com.br\/index.php\/wp-json\/wp\/v2\/media\/7277"}],"wp:attachment":[{"href":"https:\/\/justicapotiguar.com.br\/index.php\/wp-json\/wp\/v2\/media?parent=7276"}],"wp:term":[{"taxonomy":"category","embeddable":true,"href":"https:\/\/justicapotiguar.com.br\/index.php\/wp-json\/wp\/v2\/categories?post=7276"},{"taxonomy":"post_tag","embeddable":true,"href":"https:\/\/justicapotiguar.com.br\/index.php\/wp-json\/wp\/v2\/tags?post=7276"}],"curies":[{"name":"wp","href":"https:\/\/api.w.org\/{rel}","templated":true}]}}