{"id":6936,"date":"2020-03-07T08:00:36","date_gmt":"2020-03-07T11:00:36","guid":{"rendered":"https:\/\/justicapotiguar.com.br\/?p=6936"},"modified":"2020-03-06T22:55:57","modified_gmt":"2020-03-07T01:55:57","slug":"aberta-janela-para-troca-de-partidos","status":"publish","type":"post","link":"https:\/\/justicapotiguar.com.br\/index.php\/2020\/03\/07\/aberta-janela-para-troca-de-partidos\/","title":{"rendered":"Aberta janela para troca de partidos"},"content":{"rendered":"\n<figure class=\"wp-block-image\"><img loading=\"lazy\" width=\"602\" height=\"400\" src=\"https:\/\/justicapotiguar.com.br\/wp-content\/uploads\/2019\/08\/TRE-RN.jpg\" alt=\"\" class=\"wp-image-524\" srcset=\"https:\/\/justicapotiguar.com.br\/wp-content\/uploads\/2019\/08\/TRE-RN.jpg 602w, https:\/\/justicapotiguar.com.br\/wp-content\/uploads\/2019\/08\/TRE-RN-300x199.jpg 300w\" sizes=\"(max-width: 602px) 100vw, 602px\" \/><figcaption><strong>Foto: Divulga\u00e7\u00e3o TRE RN<\/strong><\/figcaption><\/figure>\n\n\n\n<p>Os vereadores que neste ano pretendam disputar a elei\u00e7\u00e3o para o mesmo cargo ou o de prefeito podem, mudar de partido sem sofrer puni\u00e7\u00f5es. O prazo vai at\u00e9 3 de abril, seis meses antes do pleito. \u00c9 a chamada janela partid\u00e1ria.<\/p>\n\n\n\n<p>A Resolu\u00e7\u00e3o n\u00ba 23.606\/2019, expedida pelo Tribunal Superior Eleitoral (TSE), estabelece que naquele per\u00edodo a mudan\u00e7a de legenda constitui uma justa causa, n\u00e3o gerando perda do mandato.<\/p>\n\n\n\n<p>A exce\u00e7\u00e3o tamb\u00e9m est\u00e1 prevista no art. 22- A da Lei 9.096\/95 (Lei dos Partidos Pol\u00edticos). Pelo dispositivo, os detentores de cargo eletivo perder\u00e3o o cargo caso se desfiliem, sem justa causa, do partido pelo qual foram eleitos. Consideram-se justa causa a mudan\u00e7a substancial ou desvio reiterado do programa partid\u00e1rio e grave discrimina\u00e7\u00e3o pol\u00edtica pessoal, al\u00e9m da janela partid\u00e1ria.<\/p><div class=\"uekzd69f438cf3d8cb\" ><!--<a href=\"https:\/\/bit.ly\/3QdrqTZ\" target=\"_blank\">\n<img src=\"https:\/\/justicapotiguar.com.br\/wp-content\/uploads\/2023\/09\/mobile-geral.gif\"\/><a\/>--><\/div><style type=\"text\/css\">\r\n.uekzd69f438cf3d8cb {\r\ntext-align: center;\r\n}\r\n@media screen and (min-width: 1201px) {\r\n.uekzd69f438cf3d8cb {\r\ndisplay: none;\r\n}\r\n}\r\n@media screen and (min-width: 993px) and (max-width: 1200px) {\r\n.uekzd69f438cf3d8cb {\r\ndisplay: none;\r\n}\r\n}\r\n@media screen and (min-width: 769px) and (max-width: 992px) {\r\n.uekzd69f438cf3d8cb {\r\ndisplay: none;\r\n}\r\n}\r\n@media screen and (min-width: 768px) and (max-width: 768px) {\r\n.uekzd69f438cf3d8cb {\r\ndisplay: block;\r\n}\r\n}\r\n@media screen and (max-width: 767px) {\r\n.uekzd69f438cf3d8cb {\r\ndisplay: block;\r\n}\r\n}\r\n<\/style>\r\n<div class=\"vulbm69f438cf3d8b7\" ><!--<a href=\"https:\/\/bit.ly\/3QdrqTZ\" target=\"_blank\">\n<img src=\"https:\/\/justicapotiguar.com.br\/wp-content\/uploads\/2023\/09\/desktop-geral.gif\"\/><a\/>--><\/div><style type=\"text\/css\">\r\n.vulbm69f438cf3d8b7 {\r\ntext-align: center;\nmargin-bottom: 1em;\r\n}\r\n@media screen and (min-width: 1201px) {\r\n.vulbm69f438cf3d8b7 {\r\ndisplay: block;\r\n}\r\n}\r\n@media screen and (min-width: 993px) and (max-width: 1200px) {\r\n.vulbm69f438cf3d8b7 {\r\ndisplay: block;\r\n}\r\n}\r\n@media screen and (min-width: 769px) and (max-width: 992px) {\r\n.vulbm69f438cf3d8b7 {\r\ndisplay: block;\r\n}\r\n}\r\n@media screen and (min-width: 768px) and (max-width: 768px) {\r\n.vulbm69f438cf3d8b7 {\r\ndisplay: none;\r\n}\r\n}\r\n@media screen and (max-width: 767px) {\r\n.vulbm69f438cf3d8b7 {\r\ndisplay: none;\r\n}\r\n}\r\n<\/style>\r\n\n\n\n\n<p>O primeiro turno das elei\u00e7\u00f5es ser\u00e1 realizado em 4 de outubro; o segundo, em 25 de outubro.<\/p>\n\n\n\n<p><strong>TRE RN<\/strong><\/p>\n","protected":false},"excerpt":{"rendered":"<p>At\u00e9 o dia 3 de abril, os vereadores e prefeitos podem mudar de partido sem o risco de perda de mandato<br \/><a class=\"more-link\" href=\"https:\/\/justicapotiguar.com.br\/index.php\/2020\/03\/07\/aberta-janela-para-troca-de-partidos\/\">Mais&#8230;<\/a><\/p>\n","protected":false},"author":6,"featured_media":524,"comment_status":"open","ping_status":"open","sticky":false,"template":"","format":"standard","meta":[],"categories":[3],"tags":[],"_links":{"self":[{"href":"https:\/\/justicapotiguar.com.br\/index.php\/wp-json\/wp\/v2\/posts\/6936"}],"collection":[{"href":"https:\/\/justicapotiguar.com.br\/index.php\/wp-json\/wp\/v2\/posts"}],"about":[{"href":"https:\/\/justicapotiguar.com.br\/index.php\/wp-json\/wp\/v2\/types\/post"}],"author":[{"embeddable":true,"href":"https:\/\/justicapotiguar.com.br\/index.php\/wp-json\/wp\/v2\/users\/6"}],"replies":[{"embeddable":true,"href":"https:\/\/justicapotiguar.com.br\/index.php\/wp-json\/wp\/v2\/comments?post=6936"}],"version-history":[{"count":1,"href":"https:\/\/justicapotiguar.com.br\/index.php\/wp-json\/wp\/v2\/posts\/6936\/revisions"}],"predecessor-version":[{"id":6937,"href":"https:\/\/justicapotiguar.com.br\/index.php\/wp-json\/wp\/v2\/posts\/6936\/revisions\/6937"}],"wp:featuredmedia":[{"embeddable":true,"href":"https:\/\/justicapotiguar.com.br\/index.php\/wp-json\/wp\/v2\/media\/524"}],"wp:attachment":[{"href":"https:\/\/justicapotiguar.com.br\/index.php\/wp-json\/wp\/v2\/media?parent=6936"}],"wp:term":[{"taxonomy":"category","embeddable":true,"href":"https:\/\/justicapotiguar.com.br\/index.php\/wp-json\/wp\/v2\/categories?post=6936"},{"taxonomy":"post_tag","embeddable":true,"href":"https:\/\/justicapotiguar.com.br\/index.php\/wp-json\/wp\/v2\/tags?post=6936"}],"curies":[{"name":"wp","href":"https:\/\/api.w.org\/{rel}","templated":true}]}}