{"id":6804,"date":"2020-03-05T12:50:32","date_gmt":"2020-03-05T15:50:32","guid":{"rendered":"https:\/\/justicapotiguar.com.br\/?p=6804"},"modified":"2020-03-05T12:29:31","modified_gmt":"2020-03-05T15:29:31","slug":"ouvidoria-day-tce-rn-tera-programacao-local-para-celebrar-o-dia-do-ouvidor","status":"publish","type":"post","link":"https:\/\/justicapotiguar.com.br\/index.php\/2020\/03\/05\/ouvidoria-day-tce-rn-tera-programacao-local-para-celebrar-o-dia-do-ouvidor\/","title":{"rendered":"Ouvidoria Day: TCE-RN ter\u00e1 programa\u00e7\u00e3o local para celebrar o Dia do Ouvidor"},"content":{"rendered":"\n<figure class=\"wp-block-image\"><img loading=\"lazy\" width=\"700\" height=\"510\" src=\"https:\/\/justicapotiguar.com.br\/wp-content\/uploads\/2020\/03\/ouvidoriaday.jpg\" alt=\"\" class=\"wp-image-6805\" srcset=\"https:\/\/justicapotiguar.com.br\/wp-content\/uploads\/2020\/03\/ouvidoriaday.jpg 700w, https:\/\/justicapotiguar.com.br\/wp-content\/uploads\/2020\/03\/ouvidoriaday-300x219.jpg 300w\" sizes=\"(max-width: 700px) 100vw, 700px\" \/><figcaption>Foto: Ilustrativa TCE\/RN<\/figcaption><\/figure>\n\n\n\n<p>Os Tribunais de Contas de todo o pa\u00eds v\u00e3o abrir suas portas, no pr\u00f3ximo dia 16 de mar\u00e7o, para debater o papel, as a\u00e7\u00f5es executadas e os resultados alcan\u00e7ados pelas Ouvidorias, setores que vem a cada ano ganhando relev\u00e2ncia nas institui\u00e7\u00f5es p\u00fablicas. Trata-se do \u201cOuvidoria Day\u201d que, no Rio Grande do Norte, constar\u00e1 de palestras e debates de temas significativos, no audit\u00f3rio do TCE. As inscri\u00e7\u00f5es podem ser feitas no endere\u00e7o eletr\u00f4nico&nbsp;<a href=\"http:\/\/www.tce.rn.gov.br\/EscolaContas\/Inscricoes\">http:\/\/www.tce.rn.gov.br\/EscolaContas\/Inscricoes<\/a>.<\/p>\n\n\n\n<p>A programa\u00e7\u00e3o ser\u00e1 iniciada \u00e0s 9h, com as palavras do presidente do TCE, conselheiro Francisco Potiguar Cavalcanti J\u00fanior, e dos conselheiros Ouvidor, Carlos Thompson Costa Fernandes, e Corregedor, Gilberto Jales. Logo em seguida a coordenadora da Ouvidoria do TCE, Marise Magaly, far\u00e1 a divulga\u00e7\u00e3o do Relat\u00f3rio\/Diagn\u00f3stico do Projeto \u201cRotas para Ouvir\u201d, que tem como principal objetivo estimular a cria\u00e7\u00e3o e desenvolvimento de Ouvidorias no \u00e2mbito dos munic\u00edpios, facilitando o contato direto do cidad\u00e3o com os \u00f3rg\u00e3os p\u00fablicos e, por conseguinte, contribuindo para o controle social e transpar\u00eancia da gest\u00e3o p\u00fablica.<\/p><div class=\"imziq69f367b78a9a9\" ><!--<a href=\"https:\/\/bit.ly\/3QdrqTZ\" target=\"_blank\">\n<img src=\"https:\/\/justicapotiguar.com.br\/wp-content\/uploads\/2023\/09\/mobile-geral.gif\"\/><a\/>--><\/div><style type=\"text\/css\">\r\n.imziq69f367b78a9a9 {\r\ntext-align: center;\r\n}\r\n@media screen and (min-width: 1201px) {\r\n.imziq69f367b78a9a9 {\r\ndisplay: none;\r\n}\r\n}\r\n@media screen and (min-width: 993px) and (max-width: 1200px) {\r\n.imziq69f367b78a9a9 {\r\ndisplay: none;\r\n}\r\n}\r\n@media screen and (min-width: 769px) and (max-width: 992px) {\r\n.imziq69f367b78a9a9 {\r\ndisplay: none;\r\n}\r\n}\r\n@media screen and (min-width: 768px) and (max-width: 768px) {\r\n.imziq69f367b78a9a9 {\r\ndisplay: block;\r\n}\r\n}\r\n@media screen and (max-width: 767px) {\r\n.imziq69f367b78a9a9 {\r\ndisplay: block;\r\n}\r\n}\r\n<\/style>\r\n<div class=\"vogab69f367b78a98a\" ><!--<a href=\"https:\/\/bit.ly\/3QdrqTZ\" target=\"_blank\">\n<img src=\"https:\/\/justicapotiguar.com.br\/wp-content\/uploads\/2023\/09\/desktop-geral.gif\"\/><a\/>--><\/div><style type=\"text\/css\">\r\n.vogab69f367b78a98a {\r\ntext-align: center;\nmargin-bottom: 1em;\r\n}\r\n@media screen and (min-width: 1201px) {\r\n.vogab69f367b78a98a {\r\ndisplay: block;\r\n}\r\n}\r\n@media screen and (min-width: 993px) and (max-width: 1200px) {\r\n.vogab69f367b78a98a {\r\ndisplay: block;\r\n}\r\n}\r\n@media screen and (min-width: 769px) and (max-width: 992px) {\r\n.vogab69f367b78a98a {\r\ndisplay: block;\r\n}\r\n}\r\n@media screen and (min-width: 768px) and (max-width: 768px) {\r\n.vogab69f367b78a98a {\r\ndisplay: none;\r\n}\r\n}\r\n@media screen and (max-width: 767px) {\r\n.vogab69f367b78a98a {\r\ndisplay: none;\r\n}\r\n}\r\n<\/style>\r\n\n\n\n\n<p>O evento ter\u00e1 continuidade com apresenta\u00e7\u00e3o de Boas Pr\u00e1ticas da Ouvidoria e do tema \u201cA import\u00e2ncia da Ouvidoria e a transpar\u00eancia na gest\u00e3o p\u00fablica\u201d a cargo do ouvidor da Universidade Federal do Rio Grande do Norte (UFRN), Elias Jacob, e representantes da Controladoria Geral da Uni\u00e3o (CGU), Karlla Danielle e Juliana Rangel.<\/p>\n\n\n\n<p>A ideia do Ouvidoria Day surgiu durante reuni\u00e3o ordin\u00e1ria do Comit\u00ea T\u00e9cnico das Corregedorias, Ouvidorias e Controle Social do Instituto Rui Barbosa (IRB), em meio \u00e0 programa\u00e7\u00e3o do Congresso Internacional dos Tribunais de Contas, realizado em Foz do Igua\u00e7u-PR, em novembro de 2019.&nbsp; \u201cVamos aproveitar uma data comemorativa, o Dia do Ouvidor, para estimular a divulga\u00e7\u00e3o das a\u00e7\u00f5es das Ouvidorias de todos os Tribunais de Contas e, assim, fortalecer e fomentar o controle social e a transpar\u00eancia p\u00fablica\u201d, explicou o presidente do Comit\u00ea T\u00e9cnico das Corregedorias, Ouvidorias e Controle Social do IRB, conselheiro Gilberto Jales.<\/p>\n","protected":false},"excerpt":{"rendered":"<p>Os Tribunais de Contas de todo o pa\u00eds v\u00e3o abrir suas portas, no pr\u00f3ximo dia 16 de mar\u00e7o, para debater o papel, as a\u00e7\u00f5es executadas e os resultados alcan\u00e7ados pelas Ouvidorias.<br \/><a class=\"more-link\" href=\"https:\/\/justicapotiguar.com.br\/index.php\/2020\/03\/05\/ouvidoria-day-tce-rn-tera-programacao-local-para-celebrar-o-dia-do-ouvidor\/\">Mais&#8230;<\/a><\/p>\n","protected":false},"author":6,"featured_media":6805,"comment_status":"open","ping_status":"open","sticky":false,"template":"","format":"standard","meta":[],"categories":[3],"tags":[],"_links":{"self":[{"href":"https:\/\/justicapotiguar.com.br\/index.php\/wp-json\/wp\/v2\/posts\/6804"}],"collection":[{"href":"https:\/\/justicapotiguar.com.br\/index.php\/wp-json\/wp\/v2\/posts"}],"about":[{"href":"https:\/\/justicapotiguar.com.br\/index.php\/wp-json\/wp\/v2\/types\/post"}],"author":[{"embeddable":true,"href":"https:\/\/justicapotiguar.com.br\/index.php\/wp-json\/wp\/v2\/users\/6"}],"replies":[{"embeddable":true,"href":"https:\/\/justicapotiguar.com.br\/index.php\/wp-json\/wp\/v2\/comments?post=6804"}],"version-history":[{"count":1,"href":"https:\/\/justicapotiguar.com.br\/index.php\/wp-json\/wp\/v2\/posts\/6804\/revisions"}],"predecessor-version":[{"id":6806,"href":"https:\/\/justicapotiguar.com.br\/index.php\/wp-json\/wp\/v2\/posts\/6804\/revisions\/6806"}],"wp:featuredmedia":[{"embeddable":true,"href":"https:\/\/justicapotiguar.com.br\/index.php\/wp-json\/wp\/v2\/media\/6805"}],"wp:attachment":[{"href":"https:\/\/justicapotiguar.com.br\/index.php\/wp-json\/wp\/v2\/media?parent=6804"}],"wp:term":[{"taxonomy":"category","embeddable":true,"href":"https:\/\/justicapotiguar.com.br\/index.php\/wp-json\/wp\/v2\/categories?post=6804"},{"taxonomy":"post_tag","embeddable":true,"href":"https:\/\/justicapotiguar.com.br\/index.php\/wp-json\/wp\/v2\/tags?post=6804"}],"curies":[{"name":"wp","href":"https:\/\/api.w.org\/{rel}","templated":true}]}}