{"id":6800,"date":"2020-03-05T11:40:30","date_gmt":"2020-03-05T14:40:30","guid":{"rendered":"https:\/\/justicapotiguar.com.br\/?p=6800"},"modified":"2020-03-05T09:47:56","modified_gmt":"2020-03-05T12:47:56","slug":"e-cabivel-domiciliar-a-condenado-que-cumpre-pena-em-regime-mais-gravoso-por-falta-de-vagas","status":"publish","type":"post","link":"https:\/\/justicapotiguar.com.br\/index.php\/2020\/03\/05\/e-cabivel-domiciliar-a-condenado-que-cumpre-pena-em-regime-mais-gravoso-por-falta-de-vagas\/","title":{"rendered":"\u00c9 cab\u00edvel domiciliar a condenado que cumpre pena em regime mais gravoso por falta de vagas"},"content":{"rendered":"\n<figure class=\"wp-block-image\"><img loading=\"lazy\" width=\"984\" height=\"656\" src=\"https:\/\/justicapotiguar.com.br\/wp-content\/uploads\/2020\/03\/A717DEDBD6CEEE136624F5BD27880CF45F9D_sebastiao.jpg\" alt=\"\" class=\"wp-image-6801\" srcset=\"https:\/\/justicapotiguar.com.br\/wp-content\/uploads\/2020\/03\/A717DEDBD6CEEE136624F5BD27880CF45F9D_sebastiao.jpg 984w, https:\/\/justicapotiguar.com.br\/wp-content\/uploads\/2020\/03\/A717DEDBD6CEEE136624F5BD27880CF45F9D_sebastiao-300x200.jpg 300w, https:\/\/justicapotiguar.com.br\/wp-content\/uploads\/2020\/03\/A717DEDBD6CEEE136624F5BD27880CF45F9D_sebastiao-768x512.jpg 768w\" sizes=\"(max-width: 984px) 100vw, 984px\" \/><figcaption><strong>Foto: Reprodu\u00e7\u00e3o Migalhas<\/strong><\/figcaption><\/figure>\n\n\n\n<p>O ministro do STJ,\u00a0<strong>Sebasti\u00e3o Reis J\u00fanior<\/strong>, concedeu ordem para cassar ac\u00f3rd\u00e3o do TJ\/RS que indeferiu \u00e0 paciente o benef\u00edcio da inclus\u00e3o no programa de monitoramento eletr\u00f4nico de presos. Consta nos autos que a presa estava cumprindo pena em ala separada de pres\u00eddio masculino por aus\u00eancia de penitenci\u00e1ria feminina na comarca.<\/p>\n\n\n\n<p>O ju\u00edzo de Direito da vara das Execu\u00e7\u00f5es Criminais da comarca de Santa Maria\/RS deferiu \u00e0 paciente o benef\u00edcio da inclus\u00e3o no programa de monitoramento eletr\u00f4nico de presos.<\/p>\n\n\n\n<p>Irresignado, MP estadual interp\u00f4s agravo em execu\u00e7\u00e3o, ao qual o Tribunal de origem deu provimento e cassou o benef\u00edcio concedido em primeira inst\u00e2ncia.<\/p>\n\n\n\n<p>A Defensoria P\u00fablica recorreu sustentando, que ao determinar o retorno da paciente ao cumprimento de pena em estabelecimento compat\u00edvel com o regime semiaberto, a decis\u00e3o ignorou a superlota\u00e7\u00e3o carcer\u00e1ria.<\/p>\n\n\n\n<p>Assim, requereu liminarmente a concess\u00e3o da ordem para cassar o ac\u00f3rd\u00e3o proferido pela 8\u00aa C\u00e2mara Criminal do TJ\/RS para determinar o restabelecimento da senten\u00e7a.<\/p><div class=\"yalag69ef38af6795b\" ><!--<a href=\"https:\/\/bit.ly\/3QdrqTZ\" target=\"_blank\">\n<img src=\"https:\/\/justicapotiguar.com.br\/wp-content\/uploads\/2023\/09\/mobile-geral.gif\"\/><a\/>--><\/div><style type=\"text\/css\">\r\n.yalag69ef38af6795b {\r\ntext-align: center;\r\n}\r\n@media screen and (min-width: 1201px) {\r\n.yalag69ef38af6795b {\r\ndisplay: none;\r\n}\r\n}\r\n@media screen and (min-width: 993px) and (max-width: 1200px) {\r\n.yalag69ef38af6795b {\r\ndisplay: none;\r\n}\r\n}\r\n@media screen and (min-width: 769px) and (max-width: 992px) {\r\n.yalag69ef38af6795b {\r\ndisplay: none;\r\n}\r\n}\r\n@media screen and (min-width: 768px) and (max-width: 768px) {\r\n.yalag69ef38af6795b {\r\ndisplay: block;\r\n}\r\n}\r\n@media screen and (max-width: 767px) {\r\n.yalag69ef38af6795b {\r\ndisplay: block;\r\n}\r\n}\r\n<\/style>\r\n<div class=\"hzrlt69ef38af67946\" ><!--<a href=\"https:\/\/bit.ly\/3QdrqTZ\" target=\"_blank\">\n<img src=\"https:\/\/justicapotiguar.com.br\/wp-content\/uploads\/2023\/09\/desktop-geral.gif\"\/><a\/>--><\/div><style type=\"text\/css\">\r\n.hzrlt69ef38af67946 {\r\ntext-align: center;\nmargin-bottom: 1em;\r\n}\r\n@media screen and (min-width: 1201px) {\r\n.hzrlt69ef38af67946 {\r\ndisplay: block;\r\n}\r\n}\r\n@media screen and (min-width: 993px) and (max-width: 1200px) {\r\n.hzrlt69ef38af67946 {\r\ndisplay: block;\r\n}\r\n}\r\n@media screen and (min-width: 769px) and (max-width: 992px) {\r\n.hzrlt69ef38af67946 {\r\ndisplay: block;\r\n}\r\n}\r\n@media screen and (min-width: 768px) and (max-width: 768px) {\r\n.hzrlt69ef38af67946 {\r\ndisplay: none;\r\n}\r\n}\r\n@media screen and (max-width: 767px) {\r\n.hzrlt69ef38af67946 {\r\ndisplay: none;\r\n}\r\n}\r\n<\/style>\r\n\n\n\n\n<p>Ao analisar o pedido, o ministro Sebasti\u00e3o Reis J\u00fanior explicou que o STJ tem reiteradamente decidido que, cumprindo o condenado a pena em regime mais gravoso do que o cab\u00edvel, em raz\u00e3o de inexist\u00eancia de vagas em estabelecimento penal pr\u00f3prio, \u00e9 cab\u00edvel a concess\u00e3o do regime aberto ou pris\u00e3o albergue domiciliar, ante a impossibilidade de o condenado ser prejudicado pela in\u00e9rcia do Estado em propiciar o cumprimento da reprimenda em local adequado.<\/p>\n\n\n\n<p>Com base neste entendimento, o ministro concedeu a ordem para cassar o ac\u00f3rd\u00e3o e restabelecendo os efeitos da decis\u00e3o de 1\u00ba grau.<\/p>\n\n\n\n<ul><li>Processo: HC 557.786<\/li><\/ul>\n\n\n\n<p>Veja a\u00a0<a rel=\"noreferrer noopener\" href=\"https:\/\/www.migalhas.com.br\/arquivos\/2020\/3\/9AFC3C08EEB10A_HC557786___.pdf\" target=\"_blank\">decis\u00e3o<\/a>.<\/p>\n\n\n\n<p>Migalhas<\/p>\n","protected":false},"excerpt":{"rendered":"<p>O ju\u00edzo de Direito da vara das Execu\u00e7\u00f5es Criminais da comarca de Santa Maria\/RS deferiu \u00e0 paciente o benef\u00edcio da inclus\u00e3o no programa de monitoramento eletr\u00f4nico de presos.<br \/><a class=\"more-link\" href=\"https:\/\/justicapotiguar.com.br\/index.php\/2020\/03\/05\/e-cabivel-domiciliar-a-condenado-que-cumpre-pena-em-regime-mais-gravoso-por-falta-de-vagas\/\">Mais&#8230;<\/a><\/p>\n","protected":false},"author":6,"featured_media":6801,"comment_status":"open","ping_status":"open","sticky":false,"template":"","format":"standard","meta":[],"categories":[3],"tags":[],"_links":{"self":[{"href":"https:\/\/justicapotiguar.com.br\/index.php\/wp-json\/wp\/v2\/posts\/6800"}],"collection":[{"href":"https:\/\/justicapotiguar.com.br\/index.php\/wp-json\/wp\/v2\/posts"}],"about":[{"href":"https:\/\/justicapotiguar.com.br\/index.php\/wp-json\/wp\/v2\/types\/post"}],"author":[{"embeddable":true,"href":"https:\/\/justicapotiguar.com.br\/index.php\/wp-json\/wp\/v2\/users\/6"}],"replies":[{"embeddable":true,"href":"https:\/\/justicapotiguar.com.br\/index.php\/wp-json\/wp\/v2\/comments?post=6800"}],"version-history":[{"count":2,"href":"https:\/\/justicapotiguar.com.br\/index.php\/wp-json\/wp\/v2\/posts\/6800\/revisions"}],"predecessor-version":[{"id":6803,"href":"https:\/\/justicapotiguar.com.br\/index.php\/wp-json\/wp\/v2\/posts\/6800\/revisions\/6803"}],"wp:featuredmedia":[{"embeddable":true,"href":"https:\/\/justicapotiguar.com.br\/index.php\/wp-json\/wp\/v2\/media\/6801"}],"wp:attachment":[{"href":"https:\/\/justicapotiguar.com.br\/index.php\/wp-json\/wp\/v2\/media?parent=6800"}],"wp:term":[{"taxonomy":"category","embeddable":true,"href":"https:\/\/justicapotiguar.com.br\/index.php\/wp-json\/wp\/v2\/categories?post=6800"},{"taxonomy":"post_tag","embeddable":true,"href":"https:\/\/justicapotiguar.com.br\/index.php\/wp-json\/wp\/v2\/tags?post=6800"}],"curies":[{"name":"wp","href":"https:\/\/api.w.org\/{rel}","templated":true}]}}