{"id":6797,"date":"2020-03-05T09:36:29","date_gmt":"2020-03-05T12:36:29","guid":{"rendered":"https:\/\/justicapotiguar.com.br\/?p=6797"},"modified":"2020-03-05T09:36:29","modified_gmt":"2020-03-05T12:36:29","slug":"ex-secretario-nacional-de-justica-do-governo-temer-e-preso-pela-lava-jato-do-rio","status":"publish","type":"post","link":"https:\/\/justicapotiguar.com.br\/index.php\/2020\/03\/05\/ex-secretario-nacional-de-justica-do-governo-temer-e-preso-pela-lava-jato-do-rio\/","title":{"rendered":"Ex-secret\u00e1rio Nacional de Justi\u00e7a do governo Temer \u00e9 preso pela Lava Jato do Rio"},"content":{"rendered":"\n<figure class=\"wp-block-image\"><img loading=\"lazy\" width=\"850\" height=\"567\" src=\"https:\/\/justicapotiguar.com.br\/wp-content\/uploads\/2020\/03\/55296590AF01D17CA92857EB4296C85B8857_lavajato.jpg\" alt=\"\" class=\"wp-image-6798\" srcset=\"https:\/\/justicapotiguar.com.br\/wp-content\/uploads\/2020\/03\/55296590AF01D17CA92857EB4296C85B8857_lavajato.jpg 850w, https:\/\/justicapotiguar.com.br\/wp-content\/uploads\/2020\/03\/55296590AF01D17CA92857EB4296C85B8857_lavajato-300x200.jpg 300w, https:\/\/justicapotiguar.com.br\/wp-content\/uploads\/2020\/03\/55296590AF01D17CA92857EB4296C85B8857_lavajato-768x512.jpg 768w\" sizes=\"(max-width: 850px) 100vw, 850px\" \/><figcaption><strong> Foto: Marcelo Camargo\/Ag\u00eancia Brasil<\/strong><\/figcaption><\/figure>\n\n\n\n<p>Na manh\u00e3 desta quinta-feira, 5, a Opera\u00e7\u00e3o Lava Jato do Rio de Janeiro prendeu o ex-secret\u00e1rio Nacional de Justi\u00e7a do governo Temer,&nbsp;<strong>Ast\u00e9rio Pereira dos Santos<\/strong>. Ele e outras 14 pessoas foram denunciadas por envolvimento em pagamento de propina a conselheiros do Tribunal de Contas do Estado do Rio de Janeiro.<\/p>\n\n\n\n<p>As ordens foram expedidas pelo juiz da 7\u00aa vara Federal Marcelo Bretas que, ao todo, autorizou 32 buscas e apreens\u00f5es.\u00a0<\/p>\n\n\n\n<p>Ast\u00e9rio Pereira dos Santos integrou o governo Temer como secret\u00e1rio Nacional de Justi\u00e7a de mar\u00e7o a novembro de 2017. Antes disso, esteve \u00e0 frente da secretaria Estadual de Administra\u00e7\u00e3o Penitenci\u00e1ria na gest\u00e3o de Rosinha Garotinho no governo do Rio de Janeiro, entre os anos 2003 e 2006.<\/p>\n\n\n\n<p>Em nota, a Pol\u00edcia Federal informou que a a\u00e7\u00e3o visa o cumprir 9 mandados de pris\u00e3o e 32 mandados de busca e apreens\u00e3o na cidade do Rio de Janeiro e Baixada Fluminense. Veja a nota:<\/p><div class=\"temjr69ec9233ef323\" ><!--<a href=\"https:\/\/bit.ly\/3QdrqTZ\" target=\"_blank\">\n<img src=\"https:\/\/justicapotiguar.com.br\/wp-content\/uploads\/2023\/09\/mobile-geral.gif\"\/><a\/>--><\/div><style type=\"text\/css\">\r\n.temjr69ec9233ef323 {\r\ntext-align: center;\r\n}\r\n@media screen and (min-width: 1201px) {\r\n.temjr69ec9233ef323 {\r\ndisplay: none;\r\n}\r\n}\r\n@media screen and (min-width: 993px) and (max-width: 1200px) {\r\n.temjr69ec9233ef323 {\r\ndisplay: none;\r\n}\r\n}\r\n@media screen and (min-width: 769px) and (max-width: 992px) {\r\n.temjr69ec9233ef323 {\r\ndisplay: none;\r\n}\r\n}\r\n@media screen and (min-width: 768px) and (max-width: 768px) {\r\n.temjr69ec9233ef323 {\r\ndisplay: block;\r\n}\r\n}\r\n@media screen and (max-width: 767px) {\r\n.temjr69ec9233ef323 {\r\ndisplay: block;\r\n}\r\n}\r\n<\/style>\r\n<div class=\"zlwub69ec9233ef305\" ><!--<a href=\"https:\/\/bit.ly\/3QdrqTZ\" target=\"_blank\">\n<img src=\"https:\/\/justicapotiguar.com.br\/wp-content\/uploads\/2023\/09\/desktop-geral.gif\"\/><a\/>--><\/div><style type=\"text\/css\">\r\n.zlwub69ec9233ef305 {\r\ntext-align: center;\nmargin-bottom: 1em;\r\n}\r\n@media screen and (min-width: 1201px) {\r\n.zlwub69ec9233ef305 {\r\ndisplay: block;\r\n}\r\n}\r\n@media screen and (min-width: 993px) and (max-width: 1200px) {\r\n.zlwub69ec9233ef305 {\r\ndisplay: block;\r\n}\r\n}\r\n@media screen and (min-width: 769px) and (max-width: 992px) {\r\n.zlwub69ec9233ef305 {\r\ndisplay: block;\r\n}\r\n}\r\n@media screen and (min-width: 768px) and (max-width: 768px) {\r\n.zlwub69ec9233ef305 {\r\ndisplay: none;\r\n}\r\n}\r\n@media screen and (max-width: 767px) {\r\n.zlwub69ec9233ef305 {\r\ndisplay: none;\r\n}\r\n}\r\n<\/style>\r\n\n\n\n\n<p>&#8220;<em>A Pol\u00edcia Federal deflagrou, nesta manh\u00e3 (05\/03), mais uma etapa da Opera\u00e7\u00e3o Lava Jato.&nbsp;A a\u00e7\u00e3o visa o cumprimento de nove Mandados de Pris\u00e3o (sendo seis pris\u00f5es preventivas e tr\u00eas pris\u00f5es tempor\u00e1rias) e 32 de Mandados de Busca e Apreens\u00e3o na cidade do Rio de Janeiro e Baixada Fluminense.<\/em><\/p>\n\n\n\n<p><em>Est\u00e3o sendo investigadas pessoas f\u00edsicas e jur\u00eddicas que participaram de uma rede de pagamentos de propina relacionada \u00e0s atividades da SEAP (Secretaria Estadual de Administra\u00e7\u00e3o Penitenci\u00e1ria).\u00a0Tal rede seria organizada por empres\u00e1rios e agentes p\u00fablicos com apoio de dois escrit\u00f3rios de advocacia. Entre os agentes p\u00fablicos envolvidos h\u00e1 um ex procurador de justi\u00e7a, e o esquema beneficiaria integrantes do Tribunal de Contas do Rio de Janeiro.<br><br>O dinheiro recebido por meio desse esquema de corrup\u00e7\u00e3o estaria sendo dissimulado atrav\u00e9s do uso de pessoas jur\u00eddicas, laranjas e familiares dos envolvidos.&#8221;<\/em><\/p>\n\n\n\n<p>Migalhas<\/p>\n","protected":false},"excerpt":{"rendered":"<p>Ast\u00e9rio Pereira dos Santos \u00e9 suspeito de pagar propina a conselheiros do Tribunal de Contas do Estado.<br \/><a class=\"more-link\" href=\"https:\/\/justicapotiguar.com.br\/index.php\/2020\/03\/05\/ex-secretario-nacional-de-justica-do-governo-temer-e-preso-pela-lava-jato-do-rio\/\">Mais&#8230;<\/a><\/p>\n","protected":false},"author":6,"featured_media":6798,"comment_status":"open","ping_status":"open","sticky":false,"template":"","format":"standard","meta":[],"categories":[3],"tags":[],"_links":{"self":[{"href":"https:\/\/justicapotiguar.com.br\/index.php\/wp-json\/wp\/v2\/posts\/6797"}],"collection":[{"href":"https:\/\/justicapotiguar.com.br\/index.php\/wp-json\/wp\/v2\/posts"}],"about":[{"href":"https:\/\/justicapotiguar.com.br\/index.php\/wp-json\/wp\/v2\/types\/post"}],"author":[{"embeddable":true,"href":"https:\/\/justicapotiguar.com.br\/index.php\/wp-json\/wp\/v2\/users\/6"}],"replies":[{"embeddable":true,"href":"https:\/\/justicapotiguar.com.br\/index.php\/wp-json\/wp\/v2\/comments?post=6797"}],"version-history":[{"count":1,"href":"https:\/\/justicapotiguar.com.br\/index.php\/wp-json\/wp\/v2\/posts\/6797\/revisions"}],"predecessor-version":[{"id":6799,"href":"https:\/\/justicapotiguar.com.br\/index.php\/wp-json\/wp\/v2\/posts\/6797\/revisions\/6799"}],"wp:featuredmedia":[{"embeddable":true,"href":"https:\/\/justicapotiguar.com.br\/index.php\/wp-json\/wp\/v2\/media\/6798"}],"wp:attachment":[{"href":"https:\/\/justicapotiguar.com.br\/index.php\/wp-json\/wp\/v2\/media?parent=6797"}],"wp:term":[{"taxonomy":"category","embeddable":true,"href":"https:\/\/justicapotiguar.com.br\/index.php\/wp-json\/wp\/v2\/categories?post=6797"},{"taxonomy":"post_tag","embeddable":true,"href":"https:\/\/justicapotiguar.com.br\/index.php\/wp-json\/wp\/v2\/tags?post=6797"}],"curies":[{"name":"wp","href":"https:\/\/api.w.org\/{rel}","templated":true}]}}