{"id":6794,"date":"2020-03-05T10:50:46","date_gmt":"2020-03-05T13:50:46","guid":{"rendered":"https:\/\/justicapotiguar.com.br\/?p=6794"},"modified":"2020-03-05T09:31:57","modified_gmt":"2020-03-05T12:31:57","slug":"embargo-que-questionava-decisao-em-acao-de-inconstitucionalidade-movidos-pela-camara-municipal-de-natal-e-intempestivo","status":"publish","type":"post","link":"https:\/\/justicapotiguar.com.br\/index.php\/2020\/03\/05\/embargo-que-questionava-decisao-em-acao-de-inconstitucionalidade-movidos-pela-camara-municipal-de-natal-e-intempestivo\/","title":{"rendered":"Embargo que questionava decis\u00e3o em A\u00e7\u00e3o de Inconstitucionalidade movidos pela C\u00e2mara Municipal de Natal  \u00e9 intempestivo"},"content":{"rendered":"\n<figure class=\"wp-block-image\"><img loading=\"lazy\" width=\"1024\" height=\"673\" src=\"https:\/\/justicapotiguar.com.br\/wp-content\/uploads\/2020\/03\/f1f585570769a52035861c5bfcec0ba3-1024x673.jpg\" alt=\"\" class=\"wp-image-6795\" srcset=\"https:\/\/justicapotiguar.com.br\/wp-content\/uploads\/2020\/03\/f1f585570769a52035861c5bfcec0ba3-1024x673.jpg 1024w, https:\/\/justicapotiguar.com.br\/wp-content\/uploads\/2020\/03\/f1f585570769a52035861c5bfcec0ba3-300x197.jpg 300w, https:\/\/justicapotiguar.com.br\/wp-content\/uploads\/2020\/03\/f1f585570769a52035861c5bfcec0ba3-768x504.jpg 768w, https:\/\/justicapotiguar.com.br\/wp-content\/uploads\/2020\/03\/f1f585570769a52035861c5bfcec0ba3.jpg 2048w\" sizes=\"(max-width: 1024px) 100vw, 1024px\" \/><figcaption><strong>Foto: Elpidio J\u00fanior<\/strong><\/figcaption><\/figure>\n\n\n\n<p>O desembargador Glauber R\u00eago rejeitou um recurso de Embargos de Declara\u00e7\u00e3o movidos pela C\u00e2mara Municipal de Natal por consider\u00e1-lo intempestivo. O ac\u00f3rd\u00e3o questionado pelo Legislativo Municipal foi publicado no Di\u00e1rio da Justi\u00e7a Eletr\u00f4nico em 10 de setembro de 2019, mas os embargos s\u00f3 foram apresentados no dia 16 de dezembro de 2019, tendo o prazo de cinco dias se exaurido em data bastante anterior. A decis\u00e3o de n\u00e3o conhecer do recurso &#8211; quando a demanda n\u00e3o preenche requisitos legais para a sua aprecia\u00e7\u00e3o \u2013 se deu com base no artigo 932 do C\u00f3digo de Processo Civil (CPC).<\/p>\n\n\n\n<p>No ac\u00f3rd\u00e3o questionado, nos autos da A\u00e7\u00e3o Direta de Inconstitucionalidade n\u00ba 2015.012490-4, o Pleno do Tribunal de Justi\u00e7a declarou a inconstitucionalidade formal e material do par\u00e1grafo 4\u00ba do artigo 4\u00ba da Lei Complementar n\u00ba 152\/2015, que estabeleceu novos crit\u00e9rios para a inscri\u00e7\u00e3o e cobran\u00e7a administrativa e judicial dos cr\u00e9ditos tribut\u00e1rios e n\u00e3o tribut\u00e1rios do Munic\u00edpio de Natal e autorizava a desist\u00eancia de a\u00e7\u00f5es judiciais, al\u00e9m do reconhecimento administrativo de prescri\u00e7\u00e3o.<\/p>\n\n\n\n<p>\u201cAdemais, n\u00e3o h\u00e1 que se cogitar, na hip\u00f3tese, de incid\u00eancia da prerrogativa prevista no artigo 183 do CPC (intima\u00e7\u00e3o pessoal ou prazo em dobro), pois, como sabido, em sede de controle abstrato de constitucionalidade &#8211; feito de natureza eminentemente objetiva &#8211; tal regramento processual n\u00e3o se aplica aos entes p\u00fablicos, como propugnado pelo Plen\u00e1rio do STF\u201d, ressalta o desembargador Glauber R\u00eago, tamb\u00e9m relator da ADI.<\/p>\n\n\n\n<p>A decis\u00e3o tamb\u00e9m destacou que a ci\u00eancia pessoal (par\u00e1grafos 5\u00ba e 6\u00ba do artigo 71 da Constitui\u00e7\u00e3o Estadual), presta-se paras fins de cumprimento consequencial dos efeitos decorrentes da declara\u00e7\u00e3o de inconstitucionalidade, sem for\u00e7a de repercuss\u00e3o nos disciplinamentos de cunho processual, dentre eles, a interposi\u00e7\u00e3o de recurso, que, nas lides objetivando controle concentrado de constitucionalidade (natureza objetiva), o in\u00edcio do prazo inicia na publica\u00e7\u00e3o do Ac\u00f3rd\u00e3o, \u201cvalendo dizer que o ente p\u00fablico (no caso a C\u00e2mara Municipal de Natal) j\u00e1 se acha h\u00e1 muito representado no feito, tendo, inclusive, apresentados as manifesta\u00e7\u00f5es que entendia pertinentes\u201d, completou o magistrado da Corte de Justi\u00e7a.<\/p><div class=\"ncovf69ef2099d6258\" ><!--<a href=\"https:\/\/bit.ly\/3QdrqTZ\" target=\"_blank\">\n<img src=\"https:\/\/justicapotiguar.com.br\/wp-content\/uploads\/2023\/09\/mobile-geral.gif\"\/><a\/>--><\/div><style type=\"text\/css\">\r\n.ncovf69ef2099d6258 {\r\ntext-align: center;\r\n}\r\n@media screen and (min-width: 1201px) {\r\n.ncovf69ef2099d6258 {\r\ndisplay: none;\r\n}\r\n}\r\n@media screen and (min-width: 993px) and (max-width: 1200px) {\r\n.ncovf69ef2099d6258 {\r\ndisplay: none;\r\n}\r\n}\r\n@media screen and (min-width: 769px) and (max-width: 992px) {\r\n.ncovf69ef2099d6258 {\r\ndisplay: none;\r\n}\r\n}\r\n@media screen and (min-width: 768px) and (max-width: 768px) {\r\n.ncovf69ef2099d6258 {\r\ndisplay: block;\r\n}\r\n}\r\n@media screen and (max-width: 767px) {\r\n.ncovf69ef2099d6258 {\r\ndisplay: block;\r\n}\r\n}\r\n<\/style>\r\n<div class=\"swzgd69ef2099d6245\" ><!--<a href=\"https:\/\/bit.ly\/3QdrqTZ\" target=\"_blank\">\n<img src=\"https:\/\/justicapotiguar.com.br\/wp-content\/uploads\/2023\/09\/desktop-geral.gif\"\/><a\/>--><\/div><style type=\"text\/css\">\r\n.swzgd69ef2099d6245 {\r\ntext-align: center;\nmargin-bottom: 1em;\r\n}\r\n@media screen and (min-width: 1201px) {\r\n.swzgd69ef2099d6245 {\r\ndisplay: block;\r\n}\r\n}\r\n@media screen and (min-width: 993px) and (max-width: 1200px) {\r\n.swzgd69ef2099d6245 {\r\ndisplay: block;\r\n}\r\n}\r\n@media screen and (min-width: 769px) and (max-width: 992px) {\r\n.swzgd69ef2099d6245 {\r\ndisplay: block;\r\n}\r\n}\r\n@media screen and (min-width: 768px) and (max-width: 768px) {\r\n.swzgd69ef2099d6245 {\r\ndisplay: none;\r\n}\r\n}\r\n@media screen and (max-width: 767px) {\r\n.swzgd69ef2099d6245 {\r\ndisplay: none;\r\n}\r\n}\r\n<\/style>\r\n\n\n\n\n<p><strong>ADI<\/strong><\/p>\n\n\n\n<p>Segundo o Munic\u00edpio de Natal, autor da A\u00e7\u00e3o Direta de Inconstitucionalidade, os procedimentos de registro de protesto em Cart\u00f3rios de t\u00edtulos e documentos (provenientes de d\u00edvidas p\u00fablicas), junto as respectivas inscri\u00e7\u00f5es em cadastros de prote\u00e7\u00e3o ao cr\u00e9dito, dever\u00e1 respeitar os ditames contidos na Lei Federal n\u00ba 9.492\/97. O Munic\u00edpio alega que, ao restringir o envio de informa\u00e7\u00f5es do devedor para os bancos, de dados de prote\u00e7\u00e3o ao cr\u00e9dito, o texto impugnado usurpou a compet\u00eancia legislativa privativa da Uni\u00e3o Federal para editar normas a respeito de protestos realizados por Of\u00edcios de Nota.<\/p>\n\n\n\n<p><strong>(Embargos de Declara\u00e7\u00e3o em A\u00e7\u00e3o Direta de Inconstitucionalidade n\u00b0 2015.012490-4\/0002.0)<\/strong><\/p>\n","protected":false},"excerpt":{"rendered":"<p>O desembargador Glauber R\u00eago rejeitou um recurso de Embargos de Declara\u00e7\u00e3o movidos pela C\u00e2mara Municipal de Natal por consider\u00e1-lo intempestivo.<br \/><a class=\"more-link\" href=\"https:\/\/justicapotiguar.com.br\/index.php\/2020\/03\/05\/embargo-que-questionava-decisao-em-acao-de-inconstitucionalidade-movidos-pela-camara-municipal-de-natal-e-intempestivo\/\">Mais&#8230;<\/a><\/p>\n","protected":false},"author":6,"featured_media":6795,"comment_status":"open","ping_status":"open","sticky":false,"template":"","format":"standard","meta":[],"categories":[3],"tags":[],"_links":{"self":[{"href":"https:\/\/justicapotiguar.com.br\/index.php\/wp-json\/wp\/v2\/posts\/6794"}],"collection":[{"href":"https:\/\/justicapotiguar.com.br\/index.php\/wp-json\/wp\/v2\/posts"}],"about":[{"href":"https:\/\/justicapotiguar.com.br\/index.php\/wp-json\/wp\/v2\/types\/post"}],"author":[{"embeddable":true,"href":"https:\/\/justicapotiguar.com.br\/index.php\/wp-json\/wp\/v2\/users\/6"}],"replies":[{"embeddable":true,"href":"https:\/\/justicapotiguar.com.br\/index.php\/wp-json\/wp\/v2\/comments?post=6794"}],"version-history":[{"count":1,"href":"https:\/\/justicapotiguar.com.br\/index.php\/wp-json\/wp\/v2\/posts\/6794\/revisions"}],"predecessor-version":[{"id":6796,"href":"https:\/\/justicapotiguar.com.br\/index.php\/wp-json\/wp\/v2\/posts\/6794\/revisions\/6796"}],"wp:featuredmedia":[{"embeddable":true,"href":"https:\/\/justicapotiguar.com.br\/index.php\/wp-json\/wp\/v2\/media\/6795"}],"wp:attachment":[{"href":"https:\/\/justicapotiguar.com.br\/index.php\/wp-json\/wp\/v2\/media?parent=6794"}],"wp:term":[{"taxonomy":"category","embeddable":true,"href":"https:\/\/justicapotiguar.com.br\/index.php\/wp-json\/wp\/v2\/categories?post=6794"},{"taxonomy":"post_tag","embeddable":true,"href":"https:\/\/justicapotiguar.com.br\/index.php\/wp-json\/wp\/v2\/tags?post=6794"}],"curies":[{"name":"wp","href":"https:\/\/api.w.org\/{rel}","templated":true}]}}