{"id":6786,"date":"2020-03-05T08:59:08","date_gmt":"2020-03-05T11:59:08","guid":{"rendered":"https:\/\/justicapotiguar.com.br\/?p=6786"},"modified":"2020-03-05T09:07:22","modified_gmt":"2020-03-05T12:07:22","slug":"justica-nega-recurso-ao-atual-presidente-e-anula-eleicao-da-federacao-norte-riograndense-de-futsal","status":"publish","type":"post","link":"https:\/\/justicapotiguar.com.br\/index.php\/2020\/03\/05\/justica-nega-recurso-ao-atual-presidente-e-anula-eleicao-da-federacao-norte-riograndense-de-futsal\/","title":{"rendered":"Justi\u00e7a nega recurso e mant\u00e9m anula\u00e7\u00e3o da elei\u00e7\u00e3o da Federa\u00e7\u00e3o Norte-Riograndense de Futsal"},"content":{"rendered":"\n<div class=\"wp-block-image\"><figure class=\"aligncenter is-resized\"><img loading=\"lazy\" src=\"https:\/\/justicapotiguar.com.br\/wp-content\/uploads\/2020\/03\/images-4-1.jpeg\" alt=\"\" class=\"wp-image-6787\" width=\"509\" height=\"339\" srcset=\"https:\/\/justicapotiguar.com.br\/wp-content\/uploads\/2020\/03\/images-4-1.jpeg 678w, https:\/\/justicapotiguar.com.br\/wp-content\/uploads\/2020\/03\/images-4-1-300x200.jpeg 300w\" sizes=\"(max-width: 509px) 100vw, 509px\" \/><\/figure><\/div>\n\n\n\n<p>Ap\u00f3s decis\u00e3o no Mandado de Seguran\u00e7a que anulou todos os atos e assembleias, a partir de 15 de Janeiro de 2020 at\u00e9 a assembleia do dia 05 de Mar\u00e7o, o ainda Presidente Fausto interp\u00f4s agravo de instrumento com o objetivo de suspender a referida decis\u00e3o. <\/p><div class=\"nmwms69ec786da02db\" ><!--<a href=\"https:\/\/bit.ly\/3QdrqTZ\" target=\"_blank\">\n<img src=\"https:\/\/justicapotiguar.com.br\/wp-content\/uploads\/2023\/09\/mobile-geral.gif\"\/><a\/>--><\/div><style type=\"text\/css\">\r\n.nmwms69ec786da02db {\r\ntext-align: center;\r\n}\r\n@media screen and (min-width: 1201px) {\r\n.nmwms69ec786da02db {\r\ndisplay: none;\r\n}\r\n}\r\n@media screen and (min-width: 993px) and (max-width: 1200px) {\r\n.nmwms69ec786da02db {\r\ndisplay: none;\r\n}\r\n}\r\n@media screen and (min-width: 769px) and (max-width: 992px) {\r\n.nmwms69ec786da02db {\r\ndisplay: none;\r\n}\r\n}\r\n@media screen and (min-width: 768px) and (max-width: 768px) {\r\n.nmwms69ec786da02db {\r\ndisplay: block;\r\n}\r\n}\r\n@media screen and (max-width: 767px) {\r\n.nmwms69ec786da02db {\r\ndisplay: block;\r\n}\r\n}\r\n<\/style>\r\n<div class=\"nbpmq69ec786da02c1\" ><!--<a href=\"https:\/\/bit.ly\/3QdrqTZ\" target=\"_blank\">\n<img src=\"https:\/\/justicapotiguar.com.br\/wp-content\/uploads\/2023\/09\/desktop-geral.gif\"\/><a\/>--><\/div><style type=\"text\/css\">\r\n.nbpmq69ec786da02c1 {\r\ntext-align: center;\nmargin-bottom: 1em;\r\n}\r\n@media screen and (min-width: 1201px) {\r\n.nbpmq69ec786da02c1 {\r\ndisplay: block;\r\n}\r\n}\r\n@media screen and (min-width: 993px) and (max-width: 1200px) {\r\n.nbpmq69ec786da02c1 {\r\ndisplay: block;\r\n}\r\n}\r\n@media screen and (min-width: 769px) and (max-width: 992px) {\r\n.nbpmq69ec786da02c1 {\r\ndisplay: block;\r\n}\r\n}\r\n@media screen and (min-width: 768px) and (max-width: 768px) {\r\n.nbpmq69ec786da02c1 {\r\ndisplay: none;\r\n}\r\n}\r\n@media screen and (max-width: 767px) {\r\n.nbpmq69ec786da02c1 {\r\ndisplay: none;\r\n}\r\n}\r\n<\/style>\r\n\n\n\n\n<p>Por\u00e9m, n\u00e3o logrou \u00eaxito, pois seu pedido foi indeferido. Na decis\u00e3o proferida nesta quarta-feira, 04, al\u00e9m de confirmar a liminar do Mandado de Seguran\u00e7a, em que se constata atos irregulares contrariando o estatuto da FNFS, o novo ato jur\u00eddico ainda ressalta a estranheza que uma institui\u00e7\u00e3o privada e com sede na cidade de Natal (Pal\u00e1cio dos Esportes), tenha aprazado assembleia de seus associados, especialmente para a elei\u00e7\u00e3o aos cargos de Presidente e Vice-Presidente, fora dos prazos estabelecidos em estatuto e na cidade de Angicos\/RN sem qualquer justificativa pr\u00e9via e exatamente na imin\u00eancia do t\u00e9rmino do mandato de seu atual presidente.<\/p>\n","protected":false},"excerpt":{"rendered":"<p>Presidente Fausto anulou todos os atos e assembleias, a partir de 15 de Janeiro de 2020 at\u00e9 a assembleia do dia 05 de Mar\u00e7o<br \/><a class=\"more-link\" href=\"https:\/\/justicapotiguar.com.br\/index.php\/2020\/03\/05\/justica-nega-recurso-ao-atual-presidente-e-anula-eleicao-da-federacao-norte-riograndense-de-futsal\/\">Mais&#8230;<\/a><\/p>\n","protected":false},"author":6,"featured_media":6787,"comment_status":"open","ping_status":"open","sticky":false,"template":"","format":"standard","meta":[],"categories":[3],"tags":[],"_links":{"self":[{"href":"https:\/\/justicapotiguar.com.br\/index.php\/wp-json\/wp\/v2\/posts\/6786"}],"collection":[{"href":"https:\/\/justicapotiguar.com.br\/index.php\/wp-json\/wp\/v2\/posts"}],"about":[{"href":"https:\/\/justicapotiguar.com.br\/index.php\/wp-json\/wp\/v2\/types\/post"}],"author":[{"embeddable":true,"href":"https:\/\/justicapotiguar.com.br\/index.php\/wp-json\/wp\/v2\/users\/6"}],"replies":[{"embeddable":true,"href":"https:\/\/justicapotiguar.com.br\/index.php\/wp-json\/wp\/v2\/comments?post=6786"}],"version-history":[{"count":6,"href":"https:\/\/justicapotiguar.com.br\/index.php\/wp-json\/wp\/v2\/posts\/6786\/revisions"}],"predecessor-version":[{"id":6793,"href":"https:\/\/justicapotiguar.com.br\/index.php\/wp-json\/wp\/v2\/posts\/6786\/revisions\/6793"}],"wp:featuredmedia":[{"embeddable":true,"href":"https:\/\/justicapotiguar.com.br\/index.php\/wp-json\/wp\/v2\/media\/6787"}],"wp:attachment":[{"href":"https:\/\/justicapotiguar.com.br\/index.php\/wp-json\/wp\/v2\/media?parent=6786"}],"wp:term":[{"taxonomy":"category","embeddable":true,"href":"https:\/\/justicapotiguar.com.br\/index.php\/wp-json\/wp\/v2\/categories?post=6786"},{"taxonomy":"post_tag","embeddable":true,"href":"https:\/\/justicapotiguar.com.br\/index.php\/wp-json\/wp\/v2\/tags?post=6786"}],"curies":[{"name":"wp","href":"https:\/\/api.w.org\/{rel}","templated":true}]}}