{"id":6784,"date":"2020-03-05T08:20:15","date_gmt":"2020-03-05T11:20:15","guid":{"rendered":"https:\/\/justicapotiguar.com.br\/?p=6784"},"modified":"2020-03-05T08:20:15","modified_gmt":"2020-03-05T11:20:15","slug":"definida-pena-de-policiais-civis-acusados-de-extorsao","status":"publish","type":"post","link":"https:\/\/justicapotiguar.com.br\/index.php\/2020\/03\/05\/definida-pena-de-policiais-civis-acusados-de-extorsao\/","title":{"rendered":"Definida pena de policiais civis acusados de extors\u00e3o"},"content":{"rendered":"\n<figure class=\"wp-block-image\"><img loading=\"lazy\" width=\"1024\" height=\"682\" src=\"https:\/\/justicapotiguar.com.br\/wp-content\/uploads\/2019\/11\/Extors\u00e3o-1-1024x682.jpg\" alt=\"\" class=\"wp-image-4177\" srcset=\"https:\/\/justicapotiguar.com.br\/wp-content\/uploads\/2019\/11\/Extors\u00e3o-1-1024x682.jpg 1024w, https:\/\/justicapotiguar.com.br\/wp-content\/uploads\/2019\/11\/Extors\u00e3o-1-300x200.jpg 300w, https:\/\/justicapotiguar.com.br\/wp-content\/uploads\/2019\/11\/Extors\u00e3o-1-768x511.jpg 768w, https:\/\/justicapotiguar.com.br\/wp-content\/uploads\/2019\/11\/Extors\u00e3o-1.jpg 1200w\" sizes=\"(max-width: 1024px) 100vw, 1024px\" \/><\/figure>\n\n\n\n<p>A C\u00e2mara Criminal do Tribunal de Justi\u00e7a do RN deu provimento parcial a uma Apela\u00e7\u00e3o Criminal apresentada pela defesa de dois policiais civis acusados de praticar o crime de extors\u00e3o. De acordo com os autos, a v\u00edtima foi detida enquanto conduzia um autom\u00f3vel com o chassi irregular, sendo advertida de que seria presa se n\u00e3o fizesse o pagamento da vantagem indevida.<\/p>\n\n\n\n<p>Ap\u00f3s o julgamento do recurso, a pena inicialmente estabelecida em dez anos foi reduzida para sete anos e seis meses de reclus\u00e3o, em regime fechado, para Vonaldo Souza Fran\u00e7a e para Wallison Williame Paulo.<\/p>\n\n\n\n<p>Dentre os argumentos apresentados, a defesa chegou a pedir pela nulidade processual em raz\u00e3o da invers\u00e3o na ordem de oitiva das testemunhas na audi\u00eancia de instru\u00e7\u00e3o e alegou uma suposta insufici\u00eancia probat\u00f3ria para a caracteriza\u00e7\u00e3o do delito, sobretudo por entender que n\u00e3o h\u00e1 comprova\u00e7\u00e3o da elementar \u201cgrave amea\u00e7a\u201d.<\/p>\n\n\n\n<p>Contudo, para o \u00f3rg\u00e3o julgador, n\u00e3o foi verificado qualquer preju\u00edzo \u00e0 base defensiva em decorr\u00eancia da invers\u00e3o da oitiva das testemunhas, diante do fato de que o interrogat\u00f3rio foi devidamente realizado ao final da instru\u00e7\u00e3o, como \u00faltimo ato da audi\u00eancia e ap\u00f3s a oitiva de todas as testemunhas, n\u00e3o havendo prova de que a audi\u00eancia pr\u00e9via do ofendido tenha causado preju\u00edzo aos acusados,<\/p>\n\n\n\n<p>A controv\u00e9rsia do caso residiria na necessidade de averiguar se o constrangimento exercido pelos denunciados caracterizou a elementar \u201cgrave amea\u00e7a\u201d necess\u00e1ria a caracteriza\u00e7\u00e3o do tipo penal da extors\u00e3o, ou se houve apenas uma intimida\u00e7\u00e3o na forma de exig\u00eancia da vantagem indevida pelos imputados. Algo j\u00e1 esclarecido para os desembargadores.<\/p><div class=\"eccyh69ec8dcb744c2\" ><!--<a href=\"https:\/\/bit.ly\/3QdrqTZ\" target=\"_blank\">\n<img src=\"https:\/\/justicapotiguar.com.br\/wp-content\/uploads\/2023\/09\/mobile-geral.gif\"\/><a\/>--><\/div><style type=\"text\/css\">\r\n.eccyh69ec8dcb744c2 {\r\ntext-align: center;\r\n}\r\n@media screen and (min-width: 1201px) {\r\n.eccyh69ec8dcb744c2 {\r\ndisplay: none;\r\n}\r\n}\r\n@media screen and (min-width: 993px) and (max-width: 1200px) {\r\n.eccyh69ec8dcb744c2 {\r\ndisplay: none;\r\n}\r\n}\r\n@media screen and (min-width: 769px) and (max-width: 992px) {\r\n.eccyh69ec8dcb744c2 {\r\ndisplay: none;\r\n}\r\n}\r\n@media screen and (min-width: 768px) and (max-width: 768px) {\r\n.eccyh69ec8dcb744c2 {\r\ndisplay: block;\r\n}\r\n}\r\n@media screen and (max-width: 767px) {\r\n.eccyh69ec8dcb744c2 {\r\ndisplay: block;\r\n}\r\n}\r\n<\/style>\r\n<div class=\"ozkny69ec8dcb744ae\" ><!--<a href=\"https:\/\/bit.ly\/3QdrqTZ\" target=\"_blank\">\n<img src=\"https:\/\/justicapotiguar.com.br\/wp-content\/uploads\/2023\/09\/desktop-geral.gif\"\/><a\/>--><\/div><style type=\"text\/css\">\r\n.ozkny69ec8dcb744ae {\r\ntext-align: center;\nmargin-bottom: 1em;\r\n}\r\n@media screen and (min-width: 1201px) {\r\n.ozkny69ec8dcb744ae {\r\ndisplay: block;\r\n}\r\n}\r\n@media screen and (min-width: 993px) and (max-width: 1200px) {\r\n.ozkny69ec8dcb744ae {\r\ndisplay: block;\r\n}\r\n}\r\n@media screen and (min-width: 769px) and (max-width: 992px) {\r\n.ozkny69ec8dcb744ae {\r\ndisplay: block;\r\n}\r\n}\r\n@media screen and (min-width: 768px) and (max-width: 768px) {\r\n.ozkny69ec8dcb744ae {\r\ndisplay: none;\r\n}\r\n}\r\n@media screen and (max-width: 767px) {\r\n.ozkny69ec8dcb744ae {\r\ndisplay: none;\r\n}\r\n}\r\n<\/style>\r\n\n\n\n\n<p>A relatoria do processo destaca que houve constrangimento indevido dos acusados sobre a v\u00edtima Pedro Eloi de Albuquerque, a partir da exig\u00eancia de vantagem econ\u00f4mica indevida para deixar de realizar um determinado ato.<\/p>\n\n\n\n<p>Para o \u00f3rg\u00e3o, houve efetivamente grave amea\u00e7a exercida contra a v\u00edtima, evidenciada no fato de que seria conduzido e preso pelos agentes acaso n\u00e3o se sujeitasse ao pagamento da vantagem indevida. Segundo a C\u00e2mara Criminal, h\u00e1 a exist\u00eancia de di\u00e1logo com teor intimidat\u00f3rio dos policiais em rela\u00e7\u00e3o \u00e0 pessoa extorquida, sobretudo pelo fato de ter sido escoltada por um ve\u00edculo oficial e caracterizado da Pol\u00edcia Civil at\u00e9 o local em que realizaria o saque da propina, numa a\u00e7\u00e3o destinada a exercer vigil\u00e2ncia contra qualquer chance de escape pela v\u00edtima.<\/p>\n\n\n\n<p><strong>(Apela\u00e7\u00e3o Criminal n\u00b0 2019.000725-3)<\/strong><\/p>\n\n\n\n<p>TJ RN<\/p>\n","protected":false},"excerpt":{"rendered":"<p>A pena inicialmente estabelecida em dez anos foi reduzida para sete anos e seis meses de reclus\u00e3o, em regime fechado, para Vonaldo Souza Fran\u00e7a e para Wallison Williame Paulo.<br \/><a class=\"more-link\" href=\"https:\/\/justicapotiguar.com.br\/index.php\/2020\/03\/05\/definida-pena-de-policiais-civis-acusados-de-extorsao\/\">Mais&#8230;<\/a><\/p>\n","protected":false},"author":6,"featured_media":4177,"comment_status":"open","ping_status":"open","sticky":false,"template":"","format":"standard","meta":[],"categories":[3],"tags":[],"_links":{"self":[{"href":"https:\/\/justicapotiguar.com.br\/index.php\/wp-json\/wp\/v2\/posts\/6784"}],"collection":[{"href":"https:\/\/justicapotiguar.com.br\/index.php\/wp-json\/wp\/v2\/posts"}],"about":[{"href":"https:\/\/justicapotiguar.com.br\/index.php\/wp-json\/wp\/v2\/types\/post"}],"author":[{"embeddable":true,"href":"https:\/\/justicapotiguar.com.br\/index.php\/wp-json\/wp\/v2\/users\/6"}],"replies":[{"embeddable":true,"href":"https:\/\/justicapotiguar.com.br\/index.php\/wp-json\/wp\/v2\/comments?post=6784"}],"version-history":[{"count":1,"href":"https:\/\/justicapotiguar.com.br\/index.php\/wp-json\/wp\/v2\/posts\/6784\/revisions"}],"predecessor-version":[{"id":6785,"href":"https:\/\/justicapotiguar.com.br\/index.php\/wp-json\/wp\/v2\/posts\/6784\/revisions\/6785"}],"wp:featuredmedia":[{"embeddable":true,"href":"https:\/\/justicapotiguar.com.br\/index.php\/wp-json\/wp\/v2\/media\/4177"}],"wp:attachment":[{"href":"https:\/\/justicapotiguar.com.br\/index.php\/wp-json\/wp\/v2\/media?parent=6784"}],"wp:term":[{"taxonomy":"category","embeddable":true,"href":"https:\/\/justicapotiguar.com.br\/index.php\/wp-json\/wp\/v2\/categories?post=6784"},{"taxonomy":"post_tag","embeddable":true,"href":"https:\/\/justicapotiguar.com.br\/index.php\/wp-json\/wp\/v2\/tags?post=6784"}],"curies":[{"name":"wp","href":"https:\/\/api.w.org\/{rel}","templated":true}]}}