{"id":6709,"date":"2020-03-03T15:50:04","date_gmt":"2020-03-03T18:50:04","guid":{"rendered":"https:\/\/justicapotiguar.com.br\/?p=6709"},"modified":"2020-03-03T14:32:37","modified_gmt":"2020-03-03T17:32:37","slug":"sisu-aponta-que-a-carreira-de-direito-e-a-segunda-mais-cobicada-entre-os-jovens-de-nosso-pais","status":"publish","type":"post","link":"https:\/\/justicapotiguar.com.br\/index.php\/2020\/03\/03\/sisu-aponta-que-a-carreira-de-direito-e-a-segunda-mais-cobicada-entre-os-jovens-de-nosso-pais\/","title":{"rendered":"SISU aponta que a carreira de Direito \u00e9 a segunda mais cobi\u00e7ada entre os jovens de nosso Pa\u00eds"},"content":{"rendered":"\n<figure class=\"wp-block-image\"><img loading=\"lazy\" width=\"789\" height=\"397\" src=\"https:\/\/justicapotiguar.com.br\/wp-content\/uploads\/2019\/08\/escrit\u00f3rio-adv.png\" alt=\"\" class=\"wp-image-667\" srcset=\"https:\/\/justicapotiguar.com.br\/wp-content\/uploads\/2019\/08\/escrit\u00f3rio-adv.png 789w, https:\/\/justicapotiguar.com.br\/wp-content\/uploads\/2019\/08\/escrit\u00f3rio-adv-300x151.png 300w, https:\/\/justicapotiguar.com.br\/wp-content\/uploads\/2019\/08\/escrit\u00f3rio-adv-768x386.png 768w\" sizes=\"(max-width: 789px) 100vw, 789px\" \/><\/figure>\n\n\n\n<p>De acordo com o site do SISU (Sistema de Sele\u00e7\u00e3o Unificada), atualizado em 2020,&nbsp;o Direito \u00e9 a segunda profiss\u00e3o mais cobi\u00e7a pelos estudantes. A premissa dos cursos oferecidos no Brasil \u00e9 formar profissionais que possam usar as leis vigentes e suas normas jur\u00eddicas, garantindo a cidadania plena e direitos fundamentais a todos os brasileiros, al\u00e9m de auxiliar o pa\u00eds tanto na evolu\u00e7\u00e3o do seu quadro pol\u00edtico quanto social.<\/p>\n\n\n\n<p>Com dura\u00e7\u00e3o de cinco anos, per\u00edodo exigido pelo MEC, os alunos obt\u00eam conhecimentos te\u00f3rico, t\u00e9cnico e pr\u00e1tico sobre a Legisla\u00e7\u00e3o Brasileira e Internacional. Por meio de uma vis\u00e3o cr\u00edtica, os estudantes tamb\u00e9m adquirem consci\u00eancia social e pol\u00edtica e, ap\u00f3s forma\u00e7\u00e3o na faculdade e aprova\u00e7\u00e3o no exame da Ordem dos Advogados do Brasil (OAB), o especialista poder\u00e1 ser advogado ou seguir uma carreira jur\u00eddica, pois ser\u00e1 bacharel e estar\u00e1 habilitado para atuar em diversas \u00e1reas de atua\u00e7\u00e3o.<\/p>\n\n\n\n<p>Entre as fun\u00e7\u00f5es que podem ser exercidas pelas pessoas formadas em Direito, destacam-se dar aulas em cursos T\u00e9cnicos e Superiores, trabalhar nos setores privado e p\u00fablico, em consultorias e seguir a \u00e1rea diplom\u00e1tica. Para aqueles que buscam estabilidade, ap\u00f3s a aprova\u00e7\u00e3o em concurso p\u00fablico, poder\u00e3o ser ju\u00edzes, promotores ou delegados de pol\u00edcia. Para exercer as fun\u00e7\u00f5es de juiz, os interessados dever\u00e3o ter dois anos de inscri\u00e7\u00e3o na OAB como advogado. &nbsp;&nbsp;&nbsp;<\/p><div class=\"vzhuw69f1dde00cf4a\" ><!--<a href=\"https:\/\/bit.ly\/3QdrqTZ\" target=\"_blank\">\n<img src=\"https:\/\/justicapotiguar.com.br\/wp-content\/uploads\/2023\/09\/mobile-geral.gif\"\/><a\/>--><\/div><style type=\"text\/css\">\r\n.vzhuw69f1dde00cf4a {\r\ntext-align: center;\r\n}\r\n@media screen and (min-width: 1201px) {\r\n.vzhuw69f1dde00cf4a {\r\ndisplay: none;\r\n}\r\n}\r\n@media screen and (min-width: 993px) and (max-width: 1200px) {\r\n.vzhuw69f1dde00cf4a {\r\ndisplay: none;\r\n}\r\n}\r\n@media screen and (min-width: 769px) and (max-width: 992px) {\r\n.vzhuw69f1dde00cf4a {\r\ndisplay: none;\r\n}\r\n}\r\n@media screen and (min-width: 768px) and (max-width: 768px) {\r\n.vzhuw69f1dde00cf4a {\r\ndisplay: block;\r\n}\r\n}\r\n@media screen and (max-width: 767px) {\r\n.vzhuw69f1dde00cf4a {\r\ndisplay: block;\r\n}\r\n}\r\n<\/style>\r\n<div class=\"lkgiz69f1dde00cf34\" ><!--<a href=\"https:\/\/bit.ly\/3QdrqTZ\" target=\"_blank\">\n<img src=\"https:\/\/justicapotiguar.com.br\/wp-content\/uploads\/2023\/09\/desktop-geral.gif\"\/><a\/>--><\/div><style type=\"text\/css\">\r\n.lkgiz69f1dde00cf34 {\r\ntext-align: center;\nmargin-bottom: 1em;\r\n}\r\n@media screen and (min-width: 1201px) {\r\n.lkgiz69f1dde00cf34 {\r\ndisplay: block;\r\n}\r\n}\r\n@media screen and (min-width: 993px) and (max-width: 1200px) {\r\n.lkgiz69f1dde00cf34 {\r\ndisplay: block;\r\n}\r\n}\r\n@media screen and (min-width: 769px) and (max-width: 992px) {\r\n.lkgiz69f1dde00cf34 {\r\ndisplay: block;\r\n}\r\n}\r\n@media screen and (min-width: 768px) and (max-width: 768px) {\r\n.lkgiz69f1dde00cf34 {\r\ndisplay: none;\r\n}\r\n}\r\n@media screen and (max-width: 767px) {\r\n.lkgiz69f1dde00cf34 {\r\ndisplay: none;\r\n}\r\n}\r\n<\/style>\r\n\n\n\n\n<p>Os profissionais de Direito est\u00e3o sempre envolvidos no pleno funcionamento de uma sociedade democr\u00e1tica e, por isso, s\u00e3o exigidos deles valores ligados aos direitos humanistas e \u00e0 Constitui\u00e7\u00e3o como pilar maior. Neste ano, o curso de Direito da Est\u00e1cio unidade Alexandrino, por exemplo, est\u00e1 comemorando 18 anos, per\u00edodo em que formou cerca de 1.500 profissionais. O eixo principal \u00e9 o Direito Constitucional, fundamentalmente ligado \u00e0 vis\u00e3o humanista da profiss\u00e3o. A institui\u00e7\u00e3o combina aplica\u00e7\u00f5es te\u00f3ricas e pr\u00e1ticas, oferecendo diversas parcerias por meio de projetos sociais e iniciativas oferecidas no pr\u00f3prio meio ambiente acad\u00eamico.&nbsp;&nbsp;&nbsp;<\/p>\n\n\n\n<p>H\u00e1 12 anos, a unidade Alexandrino conta com o N\u00facleo de Pr\u00e1ticas Jur\u00eddicas (NPJ). Nele, alunos do 7\u00ba ao 10\u00ba per\u00edodo vivenciam a advocacia na pr\u00e1tica. Eles prestam atendimentos \u00e0 comunidade sob a orienta\u00e7\u00e3o de professores e participam de mutir\u00f5es sociais e a\u00e7\u00f5es globais em parcerias com \u00f3rg\u00e3os p\u00fablicos. Para que os alunos tenham experi\u00eancia do est\u00e1gio no servi\u00e7o p\u00fablico, o curso mant\u00e9m conv\u00eanios com diversos \u00f3rg\u00e3os do setor p\u00fablico, como o Tribunal de Justi\u00e7a e o Minist\u00e9rio P\u00fablico do Rio.&nbsp;&nbsp;&nbsp;<\/p>\n\n\n\n<p>Segundo Camille Missick Guimar\u00e3es, gestora nacional de Ci\u00eancias Jur\u00eddicas da Est\u00e1cio, o \u00edndice de aprova\u00e7\u00e3o no exame da Ordem dos Advogados do Brasil (OAB) est\u00e1 dentro da m\u00e9dia nacional. Al\u00e9m de ter um curr\u00edculo e uma forma\u00e7\u00e3o ampla e de qualidade j\u00e1 atestada no curso de Direito, o grupo disponibiliza ainda para seus alunos conv\u00eanios e descontos para diversos cursos preparat\u00f3rios para o exame da OAB. Para quem busca uma forma\u00e7\u00e3o diferenciada, tamb\u00e9m s\u00e3o oferecidos os cursos de \u201cMedia\u00e7\u00e3o\u201d e \u201cInvestiga\u00e7\u00e3o Forense e Per\u00edcia Criminal\u201d na modalidade EaD.<\/p>\n","protected":false},"excerpt":{"rendered":"<p>A premissa dos cursos oferecidos no Brasil \u00e9 formar profissionais que possam usar as leis vigentes e suas normas jur\u00eddicas, garantindo a cidadania plena e direitos fundamentais a todos os brasileiros<br \/><a class=\"more-link\" href=\"https:\/\/justicapotiguar.com.br\/index.php\/2020\/03\/03\/sisu-aponta-que-a-carreira-de-direito-e-a-segunda-mais-cobicada-entre-os-jovens-de-nosso-pais\/\">Mais&#8230;<\/a><\/p>\n","protected":false},"author":5,"featured_media":667,"comment_status":"open","ping_status":"open","sticky":false,"template":"","format":"standard","meta":[],"categories":[3],"tags":[],"_links":{"self":[{"href":"https:\/\/justicapotiguar.com.br\/index.php\/wp-json\/wp\/v2\/posts\/6709"}],"collection":[{"href":"https:\/\/justicapotiguar.com.br\/index.php\/wp-json\/wp\/v2\/posts"}],"about":[{"href":"https:\/\/justicapotiguar.com.br\/index.php\/wp-json\/wp\/v2\/types\/post"}],"author":[{"embeddable":true,"href":"https:\/\/justicapotiguar.com.br\/index.php\/wp-json\/wp\/v2\/users\/5"}],"replies":[{"embeddable":true,"href":"https:\/\/justicapotiguar.com.br\/index.php\/wp-json\/wp\/v2\/comments?post=6709"}],"version-history":[{"count":1,"href":"https:\/\/justicapotiguar.com.br\/index.php\/wp-json\/wp\/v2\/posts\/6709\/revisions"}],"predecessor-version":[{"id":6710,"href":"https:\/\/justicapotiguar.com.br\/index.php\/wp-json\/wp\/v2\/posts\/6709\/revisions\/6710"}],"wp:featuredmedia":[{"embeddable":true,"href":"https:\/\/justicapotiguar.com.br\/index.php\/wp-json\/wp\/v2\/media\/667"}],"wp:attachment":[{"href":"https:\/\/justicapotiguar.com.br\/index.php\/wp-json\/wp\/v2\/media?parent=6709"}],"wp:term":[{"taxonomy":"category","embeddable":true,"href":"https:\/\/justicapotiguar.com.br\/index.php\/wp-json\/wp\/v2\/categories?post=6709"},{"taxonomy":"post_tag","embeddable":true,"href":"https:\/\/justicapotiguar.com.br\/index.php\/wp-json\/wp\/v2\/tags?post=6709"}],"curies":[{"name":"wp","href":"https:\/\/api.w.org\/{rel}","templated":true}]}}