{"id":6694,"date":"2020-03-03T08:20:25","date_gmt":"2020-03-03T11:20:25","guid":{"rendered":"https:\/\/justicapotiguar.com.br\/?p=6694"},"modified":"2020-03-03T08:20:25","modified_gmt":"2020-03-03T11:20:25","slug":"notificacoes-de-acidentes-de-trabalho-aumentam-em-25-no-rn","status":"publish","type":"post","link":"https:\/\/justicapotiguar.com.br\/index.php\/2020\/03\/03\/notificacoes-de-acidentes-de-trabalho-aumentam-em-25-no-rn\/","title":{"rendered":"Notifica\u00e7\u00f5es de acidentes de trabalho aumentam em 25% no RN"},"content":{"rendered":"\n<figure class=\"wp-block-image is-resized\"><img loading=\"lazy\" src=\"https:\/\/justicapotiguar.com.br\/wp-content\/uploads\/2020\/03\/image002-1.jpg\" alt=\"\" class=\"wp-image-6695\" width=\"404\" height=\"404\" srcset=\"https:\/\/justicapotiguar.com.br\/wp-content\/uploads\/2020\/03\/image002-1.jpg 370w, https:\/\/justicapotiguar.com.br\/wp-content\/uploads\/2020\/03\/image002-1-150x150.jpg 150w, https:\/\/justicapotiguar.com.br\/wp-content\/uploads\/2020\/03\/image002-1-300x300.jpg 300w\" sizes=\"(max-width: 404px) 100vw, 404px\" \/><figcaption>Ascom\/MPT-RN<\/figcaption><\/figure>\n\n\n\n<p>O n\u00famero de notifica\u00e7\u00f5es de acidentes e doen\u00e7as decorrentes do trabalho feitas ao Sistema de Informa\u00e7\u00e3o de Agravos de Notifica\u00e7\u00e3o (Sinan) no Rio Grande do Norte aumentou, entre os anos de 2016 e 2019, de 1508 para 1897, de acordo com estat\u00edstica do Centro de Refer\u00eancia em Sa\u00fade do Trabalhador do Rio Grande do Norte (Cerest\/RN). O n\u00famero representa 25% de aumento de registros.<\/p>\n\n\n\n<p>O \u00edndice revela que o estado tem conseguido mapear com mais consist\u00eancia os acidentes e doen\u00e7as do trabalho. A constata\u00e7\u00e3o foi feita em reuni\u00e3o da Comiss\u00e3o Intersetorial de Sa\u00fade do Trabalhador (CISST), ocorrida na \u00faltima sexta-feira (28), na sede do Minist\u00e9rio P\u00fablico do Trabalho do Rio Grande do Norte (MPT-RN).<\/p><div class=\"vrcaf69f2cd3817aab\" ><!--<a href=\"https:\/\/bit.ly\/3QdrqTZ\" target=\"_blank\">\n<img src=\"https:\/\/justicapotiguar.com.br\/wp-content\/uploads\/2023\/09\/mobile-geral.gif\"\/><a\/>--><\/div><style type=\"text\/css\">\r\n.vrcaf69f2cd3817aab {\r\ntext-align: center;\r\n}\r\n@media screen and (min-width: 1201px) {\r\n.vrcaf69f2cd3817aab {\r\ndisplay: none;\r\n}\r\n}\r\n@media screen and (min-width: 993px) and (max-width: 1200px) {\r\n.vrcaf69f2cd3817aab {\r\ndisplay: none;\r\n}\r\n}\r\n@media screen and (min-width: 769px) and (max-width: 992px) {\r\n.vrcaf69f2cd3817aab {\r\ndisplay: none;\r\n}\r\n}\r\n@media screen and (min-width: 768px) and (max-width: 768px) {\r\n.vrcaf69f2cd3817aab {\r\ndisplay: block;\r\n}\r\n}\r\n@media screen and (max-width: 767px) {\r\n.vrcaf69f2cd3817aab {\r\ndisplay: block;\r\n}\r\n}\r\n<\/style>\r\n<div class=\"kqdra69f2cd3817a95\" ><!--<a href=\"https:\/\/bit.ly\/3QdrqTZ\" target=\"_blank\">\n<img src=\"https:\/\/justicapotiguar.com.br\/wp-content\/uploads\/2023\/09\/desktop-geral.gif\"\/><a\/>--><\/div><style type=\"text\/css\">\r\n.kqdra69f2cd3817a95 {\r\ntext-align: center;\nmargin-bottom: 1em;\r\n}\r\n@media screen and (min-width: 1201px) {\r\n.kqdra69f2cd3817a95 {\r\ndisplay: block;\r\n}\r\n}\r\n@media screen and (min-width: 993px) and (max-width: 1200px) {\r\n.kqdra69f2cd3817a95 {\r\ndisplay: block;\r\n}\r\n}\r\n@media screen and (min-width: 769px) and (max-width: 992px) {\r\n.kqdra69f2cd3817a95 {\r\ndisplay: block;\r\n}\r\n}\r\n@media screen and (min-width: 768px) and (max-width: 768px) {\r\n.kqdra69f2cd3817a95 {\r\ndisplay: none;\r\n}\r\n}\r\n@media screen and (max-width: 767px) {\r\n.kqdra69f2cd3817a95 {\r\ndisplay: none;\r\n}\r\n}\r\n<\/style>\r\n\n\n\n\n<p>De acordo com Kelly Lima, subcoordenadora do Cerest Estadual, os n\u00fameros de 2019 devem ser fechados somente no dia 15 de mar\u00e7o. \u201cEnt\u00e3o o n\u00famero \u00e9 ainda maior. O aumento hist\u00f3rico \u00e9 um reflexo das mudan\u00e7as realizadas na metodologia das capacita\u00e7\u00f5es, e de um efeito positivo desses treinamentos\u201d, explica a representante do Cerest.<br><br>De acordo com os n\u00fameros apresentados na reuni\u00e3o, houve um aumento do n\u00famero de notifica\u00e7\u00e3o de transtornos mentais relacionados ao trabalho: o RN \u00e9 o estado que mais notifica esse tipo transtorno. Tamb\u00e9m foi constatado que o estado \u00e9 o terceiro no pa\u00eds que mais notifica c\u00e2ncer ocupacional.<br><br>Segundo a procuradora Regional do MPT-RN Ileana Neiva, os n\u00fameros revelam que h\u00e1 aumento crescente dos acidentes e doen\u00e7as do trabalho, principalmente, nos setores em que h\u00e1 manuseio de material biol\u00f3gico e naqueles em que h\u00e1 acidentes de trabalho graves, como os acidentes com m\u00e1quinas e quedas causadas pelo trabalho em altura. \u201cCom esse importante trabalho do Cerest \u00e9 poss\u00edvel identificar as \u00e1reas com maior acidentalidade e tais \u00e1reas ser\u00e3o de atua\u00e7\u00e3o priorit\u00e1ria para a preven\u00e7\u00e3o de acidentes\u201d, destaca a procuradora, representante do MPT na CISST.<br><br>Al\u00e9m da apresenta\u00e7\u00e3o do relat\u00f3rio de a\u00e7\u00f5es de 2019 do Cerest Estadual, o encontro tamb\u00e9m debateu as atividades programadas para 2020 e o planejamento de a\u00e7\u00f5es em defesa da sa\u00fade do trabalhador na campanha Abril Verde, que anualmente \u00e9 dedicada \u00e0 conscientiza\u00e7\u00e3o para a preven\u00e7\u00e3o de acidentes e doen\u00e7as do trabalho.<br><br>Capacita\u00e7\u00f5es para agentes comunit\u00e1rios de sa\u00fade em sa\u00fade do trabalhador e de servidores em sa\u00fade mental, bem como a realiza\u00e7\u00e3o de uma audi\u00eancia p\u00fablica com hospitais p\u00fablicos, privados e SAMU para discutir a nova ficha do Sinan s\u00e3o algumas das atividades planejadas.<br><br><strong>CISST \u2013<\/strong>&nbsp;A Comiss\u00e3o Intersetorial de Sa\u00fade do Trabalhador (CISST) atua junto aos Conselhos de Sa\u00fade visando aprimorar o atendimento aos trabalhadores no \u00e2mbito do SUS.<\/p>\n","protected":false},"excerpt":{"rendered":"<p> constata\u00e7\u00e3o foi feita em reuni\u00e3o da Comiss\u00e3o Intersetorial de Sa\u00fade do Trabalhador (CISST), ocorrida na \u00faltima sexta-feira (28), na sede do Minist\u00e9rio P\u00fablico do Trabalho do Rio Grande do Norte (MPT-RN)<br \/><a class=\"more-link\" href=\"https:\/\/justicapotiguar.com.br\/index.php\/2020\/03\/03\/notificacoes-de-acidentes-de-trabalho-aumentam-em-25-no-rn\/\">Mais&#8230;<\/a><\/p>\n","protected":false},"author":5,"featured_media":6695,"comment_status":"open","ping_status":"open","sticky":false,"template":"","format":"standard","meta":[],"categories":[3],"tags":[],"_links":{"self":[{"href":"https:\/\/justicapotiguar.com.br\/index.php\/wp-json\/wp\/v2\/posts\/6694"}],"collection":[{"href":"https:\/\/justicapotiguar.com.br\/index.php\/wp-json\/wp\/v2\/posts"}],"about":[{"href":"https:\/\/justicapotiguar.com.br\/index.php\/wp-json\/wp\/v2\/types\/post"}],"author":[{"embeddable":true,"href":"https:\/\/justicapotiguar.com.br\/index.php\/wp-json\/wp\/v2\/users\/5"}],"replies":[{"embeddable":true,"href":"https:\/\/justicapotiguar.com.br\/index.php\/wp-json\/wp\/v2\/comments?post=6694"}],"version-history":[{"count":1,"href":"https:\/\/justicapotiguar.com.br\/index.php\/wp-json\/wp\/v2\/posts\/6694\/revisions"}],"predecessor-version":[{"id":6696,"href":"https:\/\/justicapotiguar.com.br\/index.php\/wp-json\/wp\/v2\/posts\/6694\/revisions\/6696"}],"wp:featuredmedia":[{"embeddable":true,"href":"https:\/\/justicapotiguar.com.br\/index.php\/wp-json\/wp\/v2\/media\/6695"}],"wp:attachment":[{"href":"https:\/\/justicapotiguar.com.br\/index.php\/wp-json\/wp\/v2\/media?parent=6694"}],"wp:term":[{"taxonomy":"category","embeddable":true,"href":"https:\/\/justicapotiguar.com.br\/index.php\/wp-json\/wp\/v2\/categories?post=6694"},{"taxonomy":"post_tag","embeddable":true,"href":"https:\/\/justicapotiguar.com.br\/index.php\/wp-json\/wp\/v2\/tags?post=6694"}],"curies":[{"name":"wp","href":"https:\/\/api.w.org\/{rel}","templated":true}]}}