{"id":6625,"date":"2020-02-28T13:32:30","date_gmt":"2020-02-28T16:32:30","guid":{"rendered":"https:\/\/justicapotiguar.com.br\/?p=6625"},"modified":"2020-02-28T13:32:30","modified_gmt":"2020-02-28T16:32:30","slug":"mpt-oferece-curso-de-enfrentamento-ao-trabalho-infantil-pela-rede-de-educacao","status":"publish","type":"post","link":"https:\/\/justicapotiguar.com.br\/index.php\/2020\/02\/28\/mpt-oferece-curso-de-enfrentamento-ao-trabalho-infantil-pela-rede-de-educacao\/","title":{"rendered":"MPT oferece curso de enfrentamento ao trabalho infantil pela rede de educa\u00e7\u00e3o"},"content":{"rendered":"\n<p>Est\u00e3o abertas, de 14 de fevereiro a 6 de mar\u00e7o, as inscri\u00e7\u00f5es de capacita\u00e7\u00e3o para o enfrentamento ao trabalho infantil pela rede de educa\u00e7\u00e3o. O curso, que ser\u00e1 realizado entre os dias 16 de mar\u00e7o e 3 de abril, ser\u00e1 em modalidade EaD, pela plataforma de ensino a dist\u00e2ncia do MPT.<br><br>Voc\u00ea pode acessar o\u00a0<a rel=\"noreferrer noopener\" href=\"https:\/\/ead.mpt.mp.br\/\" target=\"_blank\">link das inscri\u00e7\u00f5es aqui\u00a0<\/a>ou pelo site:\u00a0<a rel=\"noreferrer noopener\" href=\"https:\/\/ead.mpt.mp.br\/\" target=\"_blank\">https:\/\/ead.mpt.mp.br\/<\/a><\/p>\n\n\n\n<figure class=\"wp-block-image\"><img loading=\"lazy\" width=\"612\" height=\"349\" src=\"https:\/\/justicapotiguar.com.br\/wp-content\/uploads\/2019\/08\/mpt.jpg\" alt=\"\" class=\"wp-image-930\" srcset=\"https:\/\/justicapotiguar.com.br\/wp-content\/uploads\/2019\/08\/mpt.jpg 612w, https:\/\/justicapotiguar.com.br\/wp-content\/uploads\/2019\/08\/mpt-300x171.jpg 300w\" sizes=\"(max-width: 612px) 100vw, 612px\" \/><figcaption>Reprodu\u00e7\u00e3o<\/figcaption><\/figure>\n\n\n\n<p>A carga hor\u00e1ria do curso \u00e9 de 20h. A capacita\u00e7\u00e3o \u00e9 aberta a educadores da rede municipal, estadual e privada de ensino de todo o pa\u00eds.<\/p><div class=\"mesml69f48a1405539\" ><!--<a href=\"https:\/\/bit.ly\/3QdrqTZ\" target=\"_blank\">\n<img src=\"https:\/\/justicapotiguar.com.br\/wp-content\/uploads\/2023\/09\/mobile-geral.gif\"\/><a\/>--><\/div><style type=\"text\/css\">\r\n.mesml69f48a1405539 {\r\ntext-align: center;\r\n}\r\n@media screen and (min-width: 1201px) {\r\n.mesml69f48a1405539 {\r\ndisplay: none;\r\n}\r\n}\r\n@media screen and (min-width: 993px) and (max-width: 1200px) {\r\n.mesml69f48a1405539 {\r\ndisplay: none;\r\n}\r\n}\r\n@media screen and (min-width: 769px) and (max-width: 992px) {\r\n.mesml69f48a1405539 {\r\ndisplay: none;\r\n}\r\n}\r\n@media screen and (min-width: 768px) and (max-width: 768px) {\r\n.mesml69f48a1405539 {\r\ndisplay: block;\r\n}\r\n}\r\n@media screen and (max-width: 767px) {\r\n.mesml69f48a1405539 {\r\ndisplay: block;\r\n}\r\n}\r\n<\/style>\r\n<div class=\"dyrac69f48a140551d\" ><!--<a href=\"https:\/\/bit.ly\/3QdrqTZ\" target=\"_blank\">\n<img src=\"https:\/\/justicapotiguar.com.br\/wp-content\/uploads\/2023\/09\/desktop-geral.gif\"\/><a\/>--><\/div><style type=\"text\/css\">\r\n.dyrac69f48a140551d {\r\ntext-align: center;\nmargin-bottom: 1em;\r\n}\r\n@media screen and (min-width: 1201px) {\r\n.dyrac69f48a140551d {\r\ndisplay: block;\r\n}\r\n}\r\n@media screen and (min-width: 993px) and (max-width: 1200px) {\r\n.dyrac69f48a140551d {\r\ndisplay: block;\r\n}\r\n}\r\n@media screen and (min-width: 769px) and (max-width: 992px) {\r\n.dyrac69f48a140551d {\r\ndisplay: block;\r\n}\r\n}\r\n@media screen and (min-width: 768px) and (max-width: 768px) {\r\n.dyrac69f48a140551d {\r\ndisplay: none;\r\n}\r\n}\r\n@media screen and (max-width: 767px) {\r\n.dyrac69f48a140551d {\r\ndisplay: none;\r\n}\r\n}\r\n<\/style>\r\n\n\n\n\n<p><\/p>\n","protected":false},"excerpt":{"rendered":"<p>A capacita\u00e7\u00e3o \u00e9 aberta a educadores da rede municipal, estadual e privada de ensino de todo o pa\u00eds.<br \/><a class=\"more-link\" href=\"https:\/\/justicapotiguar.com.br\/index.php\/2020\/02\/28\/mpt-oferece-curso-de-enfrentamento-ao-trabalho-infantil-pela-rede-de-educacao\/\">Mais&#8230;<\/a><\/p>\n","protected":false},"author":5,"featured_media":930,"comment_status":"open","ping_status":"open","sticky":false,"template":"","format":"standard","meta":[],"categories":[3],"tags":[],"_links":{"self":[{"href":"https:\/\/justicapotiguar.com.br\/index.php\/wp-json\/wp\/v2\/posts\/6625"}],"collection":[{"href":"https:\/\/justicapotiguar.com.br\/index.php\/wp-json\/wp\/v2\/posts"}],"about":[{"href":"https:\/\/justicapotiguar.com.br\/index.php\/wp-json\/wp\/v2\/types\/post"}],"author":[{"embeddable":true,"href":"https:\/\/justicapotiguar.com.br\/index.php\/wp-json\/wp\/v2\/users\/5"}],"replies":[{"embeddable":true,"href":"https:\/\/justicapotiguar.com.br\/index.php\/wp-json\/wp\/v2\/comments?post=6625"}],"version-history":[{"count":1,"href":"https:\/\/justicapotiguar.com.br\/index.php\/wp-json\/wp\/v2\/posts\/6625\/revisions"}],"predecessor-version":[{"id":6626,"href":"https:\/\/justicapotiguar.com.br\/index.php\/wp-json\/wp\/v2\/posts\/6625\/revisions\/6626"}],"wp:featuredmedia":[{"embeddable":true,"href":"https:\/\/justicapotiguar.com.br\/index.php\/wp-json\/wp\/v2\/media\/930"}],"wp:attachment":[{"href":"https:\/\/justicapotiguar.com.br\/index.php\/wp-json\/wp\/v2\/media?parent=6625"}],"wp:term":[{"taxonomy":"category","embeddable":true,"href":"https:\/\/justicapotiguar.com.br\/index.php\/wp-json\/wp\/v2\/categories?post=6625"},{"taxonomy":"post_tag","embeddable":true,"href":"https:\/\/justicapotiguar.com.br\/index.php\/wp-json\/wp\/v2\/tags?post=6625"}],"curies":[{"name":"wp","href":"https:\/\/api.w.org\/{rel}","templated":true}]}}