{"id":6577,"date":"2020-02-26T13:31:29","date_gmt":"2020-02-26T16:31:29","guid":{"rendered":"https:\/\/justicapotiguar.com.br\/?p=6577"},"modified":"2020-02-26T10:53:57","modified_gmt":"2020-02-26T13:53:57","slug":"bolsonaro-nao-esta-a-altura-do-cargo-se-apoiou-ato-contra-o-congresso-diz-celso-de-mello","status":"publish","type":"post","link":"https:\/\/justicapotiguar.com.br\/index.php\/2020\/02\/26\/bolsonaro-nao-esta-a-altura-do-cargo-se-apoiou-ato-contra-o-congresso-diz-celso-de-mello\/","title":{"rendered":"Bolsonaro n\u00e3o est\u00e1 \u00e0 altura do cargo se apoiou ato contra o Congresso, diz Celso de Mello"},"content":{"rendered":"\n<p>O ministro do STF (Supremo Tribunal Federal) Celso de Mello afirma que a conclama\u00e7\u00e3o do presidente Jair Bolsonaro para\u00a0<a href=\"https:\/\/www1.folha.uol.com.br\/poder\/2020\/02\/fhc-lula-ciro-e-oab-reagem-contra-ato-anti-congresso-apoiado-por-bolsonaro.shtml\">ato contra a corte e o Congresso<\/a>, &#8220;se confirmada&#8221;, revela &#8220;a face sombria de um presidente da Rep\u00fablica que desconhece o valor da ordem constitucional, que ignora o sentido fundamental da separa\u00e7\u00e3o de Poderes, que demonstra uma vis\u00e3o indigna de quem n\u00e3o est\u00e1 \u00e0 altura do alt\u00edssimo cargo que exerce e cujo ato de inequ\u00edvoca hostilidade aos demais Poderes da Rep\u00fablica traduz gesto de ominoso desapre\u00e7o e de inaceit\u00e1vel degrada\u00e7\u00e3o do princ\u00edpio democr\u00e1tico!!!&#8221;.<\/p>\n\n\n\n<figure class=\"wp-block-image\"><img loading=\"lazy\" width=\"1024\" height=\"615\" src=\"https:\/\/justicapotiguar.com.br\/wp-content\/uploads\/2019\/08\/Celso-de-Mello-1024x615.jpg\" alt=\"\" class=\"wp-image-221\" srcset=\"https:\/\/justicapotiguar.com.br\/wp-content\/uploads\/2019\/08\/Celso-de-Mello-1024x615.jpg 1024w, https:\/\/justicapotiguar.com.br\/wp-content\/uploads\/2019\/08\/Celso-de-Mello-300x180.jpg 300w, https:\/\/justicapotiguar.com.br\/wp-content\/uploads\/2019\/08\/Celso-de-Mello-768x461.jpg 768w, https:\/\/justicapotiguar.com.br\/wp-content\/uploads\/2019\/08\/Celso-de-Mello.jpg 1086w\" sizes=\"(max-width: 1024px) 100vw, 1024px\" \/><figcaption>Reprodu\u00e7\u00e3o<\/figcaption><\/figure>\n\n\n\n<p>Decano do tribunal, ele enviou a mensagem por escrito \u00e0&nbsp;<strong>Folha<\/strong>. No texto, Celso de Mello afirma ainda: &#8220;O presidente da Rep\u00fablica, qualquer que ele seja, embora possa muito, n\u00e3o pode tudo, pois lhe \u00e9 vedado, sob pena de incidir em crime de responsabilidade, transgredir a supremacia pol\u00edtico-jur\u00eddica da Constitui\u00e7\u00e3o e das leis da Rep\u00fablica&#8221;.<\/p><div class=\"nzlne69f48d3076624\" ><!--<a href=\"https:\/\/bit.ly\/3QdrqTZ\" target=\"_blank\">\n<img src=\"https:\/\/justicapotiguar.com.br\/wp-content\/uploads\/2023\/09\/mobile-geral.gif\"\/><a\/>--><\/div><style type=\"text\/css\">\r\n.nzlne69f48d3076624 {\r\ntext-align: center;\r\n}\r\n@media screen and (min-width: 1201px) {\r\n.nzlne69f48d3076624 {\r\ndisplay: none;\r\n}\r\n}\r\n@media screen and (min-width: 993px) and (max-width: 1200px) {\r\n.nzlne69f48d3076624 {\r\ndisplay: none;\r\n}\r\n}\r\n@media screen and (min-width: 769px) and (max-width: 992px) {\r\n.nzlne69f48d3076624 {\r\ndisplay: none;\r\n}\r\n}\r\n@media screen and (min-width: 768px) and (max-width: 768px) {\r\n.nzlne69f48d3076624 {\r\ndisplay: block;\r\n}\r\n}\r\n@media screen and (max-width: 767px) {\r\n.nzlne69f48d3076624 {\r\ndisplay: block;\r\n}\r\n}\r\n<\/style>\r\n<div class=\"klsco69f48d307660f\" ><!--<a href=\"https:\/\/bit.ly\/3QdrqTZ\" target=\"_blank\">\n<img src=\"https:\/\/justicapotiguar.com.br\/wp-content\/uploads\/2023\/09\/desktop-geral.gif\"\/><a\/>--><\/div><style type=\"text\/css\">\r\n.klsco69f48d307660f {\r\ntext-align: center;\nmargin-bottom: 1em;\r\n}\r\n@media screen and (min-width: 1201px) {\r\n.klsco69f48d307660f {\r\ndisplay: block;\r\n}\r\n}\r\n@media screen and (min-width: 993px) and (max-width: 1200px) {\r\n.klsco69f48d307660f {\r\ndisplay: block;\r\n}\r\n}\r\n@media screen and (min-width: 769px) and (max-width: 992px) {\r\n.klsco69f48d307660f {\r\ndisplay: block;\r\n}\r\n}\r\n@media screen and (min-width: 768px) and (max-width: 768px) {\r\n.klsco69f48d307660f {\r\ndisplay: none;\r\n}\r\n}\r\n@media screen and (max-width: 767px) {\r\n.klsco69f48d307660f {\r\ndisplay: none;\r\n}\r\n}\r\n<\/style>\r\n\n\n\n\n<p>Os crimes de responsabilidade s\u00e3o pass\u00edveis de pena de perda do cargo \u2013ou seja, de impeachment.<\/p>\n\n\n\n<p>A manifesta\u00e7\u00e3o do magistrado \u00e9 uma rea\u00e7\u00e3o \u00e0 informa\u00e7\u00e3o de que\u00a0<a href=\"https:\/\/www1.folha.uol.com.br\/poder\/2020\/02\/ato-com-grupos-autoritarios-e-incentivado-por-deputados-bolsonaristas-e-gera-repudio.shtml\">Bolsonaro enviou v\u00eddeos em grupos de WhatsApp que conclamam a popula\u00e7\u00e3o<\/a>\u00a0a ir \u00e0s ruas no dia 15 de mar\u00e7o protestar contra o STF e o Congresso.<\/p>\n","protected":false},"excerpt":{"rendered":"<p>Os crimes de responsabilidade s\u00e3o pass\u00edveis de pena de perda do cargo \u2013ou seja, de impeachment.<br \/><a class=\"more-link\" href=\"https:\/\/justicapotiguar.com.br\/index.php\/2020\/02\/26\/bolsonaro-nao-esta-a-altura-do-cargo-se-apoiou-ato-contra-o-congresso-diz-celso-de-mello\/\">Mais&#8230;<\/a><\/p>\n","protected":false},"author":5,"featured_media":221,"comment_status":"open","ping_status":"open","sticky":false,"template":"","format":"standard","meta":[],"categories":[3],"tags":[],"_links":{"self":[{"href":"https:\/\/justicapotiguar.com.br\/index.php\/wp-json\/wp\/v2\/posts\/6577"}],"collection":[{"href":"https:\/\/justicapotiguar.com.br\/index.php\/wp-json\/wp\/v2\/posts"}],"about":[{"href":"https:\/\/justicapotiguar.com.br\/index.php\/wp-json\/wp\/v2\/types\/post"}],"author":[{"embeddable":true,"href":"https:\/\/justicapotiguar.com.br\/index.php\/wp-json\/wp\/v2\/users\/5"}],"replies":[{"embeddable":true,"href":"https:\/\/justicapotiguar.com.br\/index.php\/wp-json\/wp\/v2\/comments?post=6577"}],"version-history":[{"count":1,"href":"https:\/\/justicapotiguar.com.br\/index.php\/wp-json\/wp\/v2\/posts\/6577\/revisions"}],"predecessor-version":[{"id":6578,"href":"https:\/\/justicapotiguar.com.br\/index.php\/wp-json\/wp\/v2\/posts\/6577\/revisions\/6578"}],"wp:featuredmedia":[{"embeddable":true,"href":"https:\/\/justicapotiguar.com.br\/index.php\/wp-json\/wp\/v2\/media\/221"}],"wp:attachment":[{"href":"https:\/\/justicapotiguar.com.br\/index.php\/wp-json\/wp\/v2\/media?parent=6577"}],"wp:term":[{"taxonomy":"category","embeddable":true,"href":"https:\/\/justicapotiguar.com.br\/index.php\/wp-json\/wp\/v2\/categories?post=6577"},{"taxonomy":"post_tag","embeddable":true,"href":"https:\/\/justicapotiguar.com.br\/index.php\/wp-json\/wp\/v2\/tags?post=6577"}],"curies":[{"name":"wp","href":"https:\/\/api.w.org\/{rel}","templated":true}]}}