{"id":6280,"date":"2020-02-13T12:22:54","date_gmt":"2020-02-13T15:22:54","guid":{"rendered":"https:\/\/justicapotiguar.com.br\/?p=6280"},"modified":"2020-02-13T10:02:28","modified_gmt":"2020-02-13T13:02:28","slug":"mec-veta-abertura-de-sete-cursos-de-direito-no-pais","status":"publish","type":"post","link":"https:\/\/justicapotiguar.com.br\/index.php\/2020\/02\/13\/mec-veta-abertura-de-sete-cursos-de-direito-no-pais\/","title":{"rendered":"MEC veta abertura de sete cursos de Direito no Pa\u00eds"},"content":{"rendered":"\n<figure class=\"wp-block-image\"><img loading=\"lazy\" width=\"1000\" height=\"667\" src=\"https:\/\/justicapotiguar.com.br\/wp-content\/uploads\/2019\/11\/advogado2.jpg\" alt=\"\" class=\"wp-image-3592\" srcset=\"https:\/\/justicapotiguar.com.br\/wp-content\/uploads\/2019\/11\/advogado2.jpg 1000w, https:\/\/justicapotiguar.com.br\/wp-content\/uploads\/2019\/11\/advogado2-300x200.jpg 300w, https:\/\/justicapotiguar.com.br\/wp-content\/uploads\/2019\/11\/advogado2-768x512.jpg 768w\" sizes=\"(max-width: 1000px) 100vw, 1000px\" \/><figcaption>Reprodu\u00e7\u00e3o<\/figcaption><\/figure>\n\n\n\n<p>Garantindo a qualidade do ensino jur\u00eddico no Pa\u00eds, o Minist\u00e9rio da Educa\u00e7\u00e3o (MEC) vetou a abertura de sete cursos do Direito, solicitados por Institui\u00e7\u00f5es de Educa\u00e7\u00e3o Superior. Dois dos sete cursos seriam implantados no Piau\u00ed, sendo um na capital e outro em Parna\u00edba, litoral do Estado.<\/p>\n\n\n\n<p>A decis\u00e3o ocorreu em virtude de um parecer t\u00e9cnico por parte do MEC, ap\u00f3s a realiza\u00e7\u00e3o de relat\u00f3rios produzidos pela Comiss\u00e3o Especial de Direito \u00e0 Educa\u00e7\u00e3o da OAB Nacional e, no \u00e2mbito estadual, pela Comiss\u00e3o de Educa\u00e7\u00e3o Jur\u00eddica da OAB Piau\u00ed, que j\u00e1 vem realizando esse trabalho h\u00e1 alguns meses.<\/p>\n\n\n\n<p>Os relat\u00f3rios foram criados ap\u00f3s visitas por parte da Comiss\u00e3o da OAB Piau\u00ed \u00e0s institui\u00e7\u00f5es de ensino que demonstraram interesse na abertura dos novos cursos de Direito. A medida teve o intuito de entender a viabilidade dos cursos no Estado.<\/p><div class=\"gptxn69f410ee1623c\" ><!--<a href=\"https:\/\/bit.ly\/3QdrqTZ\" target=\"_blank\">\n<img src=\"https:\/\/justicapotiguar.com.br\/wp-content\/uploads\/2023\/09\/mobile-geral.gif\"\/><a\/>--><\/div><style type=\"text\/css\">\r\n.gptxn69f410ee1623c {\r\ntext-align: center;\r\n}\r\n@media screen and (min-width: 1201px) {\r\n.gptxn69f410ee1623c {\r\ndisplay: none;\r\n}\r\n}\r\n@media screen and (min-width: 993px) and (max-width: 1200px) {\r\n.gptxn69f410ee1623c {\r\ndisplay: none;\r\n}\r\n}\r\n@media screen and (min-width: 769px) and (max-width: 992px) {\r\n.gptxn69f410ee1623c {\r\ndisplay: none;\r\n}\r\n}\r\n@media screen and (min-width: 768px) and (max-width: 768px) {\r\n.gptxn69f410ee1623c {\r\ndisplay: block;\r\n}\r\n}\r\n@media screen and (max-width: 767px) {\r\n.gptxn69f410ee1623c {\r\ndisplay: block;\r\n}\r\n}\r\n<\/style>\r\n<div class=\"yyfub69f410ee16229\" ><!--<a href=\"https:\/\/bit.ly\/3QdrqTZ\" target=\"_blank\">\n<img src=\"https:\/\/justicapotiguar.com.br\/wp-content\/uploads\/2023\/09\/desktop-geral.gif\"\/><a\/>--><\/div><style type=\"text\/css\">\r\n.yyfub69f410ee16229 {\r\ntext-align: center;\nmargin-bottom: 1em;\r\n}\r\n@media screen and (min-width: 1201px) {\r\n.yyfub69f410ee16229 {\r\ndisplay: block;\r\n}\r\n}\r\n@media screen and (min-width: 993px) and (max-width: 1200px) {\r\n.yyfub69f410ee16229 {\r\ndisplay: block;\r\n}\r\n}\r\n@media screen and (min-width: 769px) and (max-width: 992px) {\r\n.yyfub69f410ee16229 {\r\ndisplay: block;\r\n}\r\n}\r\n@media screen and (min-width: 768px) and (max-width: 768px) {\r\n.yyfub69f410ee16229 {\r\ndisplay: none;\r\n}\r\n}\r\n@media screen and (max-width: 767px) {\r\n.yyfub69f410ee16229 {\r\ndisplay: none;\r\n}\r\n}\r\n<\/style>\r\n\n\n\n\n<p>O Presidente da Comiss\u00e3o Especial de Direito \u00e0 Educa\u00e7\u00e3o da OAB Nacional, Thiago Carcar\u00e1, ressaltou que a decis\u00e3o do Minist\u00e9rio foi positiva. \u201c\u00c9 preocupante o elevado n\u00famero de cursos de Direito pelo pa\u00eds sem par\u00e2metros adequados para seus funcionamentos. O Instrumento de Avalia\u00e7\u00e3o dos Cursos utilizado pelo MEC, bem como seus diversos normativos, indicam que uma boa organiza\u00e7\u00e3o did\u00e1tico-pedag\u00f3gica, pode contribuir para o alcance de bons resultados\u201d, frisou.<\/p>\n\n\n\n<p>De acordo com os dados do MEC, OAB e Inep o pa\u00eds conta com 1.175.940 com advogadas e advogados inscritos na OAB. Ao todo, s\u00e3o 1.670 cursos de Direito no Brasil autorizados pelo Minist\u00e9rio da Educa\u00e7\u00e3o. Apenas no Piau\u00ed, existem 33 cursos de Direito, sendo ofertadas 4.646 vagas anuais.<\/p>\n","protected":false},"excerpt":{"rendered":"<p>A decis\u00e3o ocorreu em virtude de um parecer t\u00e9cnico por parte do MEC, ap\u00f3s a realiza\u00e7\u00e3o de relat\u00f3rios produzidos pela Comiss\u00e3o Especial de Direito \u00e0 Educa\u00e7\u00e3o da OAB Nacional<br \/><a class=\"more-link\" href=\"https:\/\/justicapotiguar.com.br\/index.php\/2020\/02\/13\/mec-veta-abertura-de-sete-cursos-de-direito-no-pais\/\">Mais&#8230;<\/a><\/p>\n","protected":false},"author":5,"featured_media":3592,"comment_status":"open","ping_status":"open","sticky":false,"template":"","format":"standard","meta":[],"categories":[3],"tags":[],"_links":{"self":[{"href":"https:\/\/justicapotiguar.com.br\/index.php\/wp-json\/wp\/v2\/posts\/6280"}],"collection":[{"href":"https:\/\/justicapotiguar.com.br\/index.php\/wp-json\/wp\/v2\/posts"}],"about":[{"href":"https:\/\/justicapotiguar.com.br\/index.php\/wp-json\/wp\/v2\/types\/post"}],"author":[{"embeddable":true,"href":"https:\/\/justicapotiguar.com.br\/index.php\/wp-json\/wp\/v2\/users\/5"}],"replies":[{"embeddable":true,"href":"https:\/\/justicapotiguar.com.br\/index.php\/wp-json\/wp\/v2\/comments?post=6280"}],"version-history":[{"count":1,"href":"https:\/\/justicapotiguar.com.br\/index.php\/wp-json\/wp\/v2\/posts\/6280\/revisions"}],"predecessor-version":[{"id":6281,"href":"https:\/\/justicapotiguar.com.br\/index.php\/wp-json\/wp\/v2\/posts\/6280\/revisions\/6281"}],"wp:featuredmedia":[{"embeddable":true,"href":"https:\/\/justicapotiguar.com.br\/index.php\/wp-json\/wp\/v2\/media\/3592"}],"wp:attachment":[{"href":"https:\/\/justicapotiguar.com.br\/index.php\/wp-json\/wp\/v2\/media?parent=6280"}],"wp:term":[{"taxonomy":"category","embeddable":true,"href":"https:\/\/justicapotiguar.com.br\/index.php\/wp-json\/wp\/v2\/categories?post=6280"},{"taxonomy":"post_tag","embeddable":true,"href":"https:\/\/justicapotiguar.com.br\/index.php\/wp-json\/wp\/v2\/tags?post=6280"}],"curies":[{"name":"wp","href":"https:\/\/api.w.org\/{rel}","templated":true}]}}