{"id":6278,"date":"2020-02-13T11:19:31","date_gmt":"2020-02-13T14:19:31","guid":{"rendered":"https:\/\/justicapotiguar.com.br\/?p=6278"},"modified":"2020-02-13T09:57:09","modified_gmt":"2020-02-13T12:57:09","slug":"grupo-no-senado-retoma-pressao-por-prisao-em-segunda-instancia","status":"publish","type":"post","link":"https:\/\/justicapotiguar.com.br\/index.php\/2020\/02\/13\/grupo-no-senado-retoma-pressao-por-prisao-em-segunda-instancia\/","title":{"rendered":"Grupo no Senado retoma press\u00e3o por pris\u00e3o em segunda inst\u00e2ncia"},"content":{"rendered":"\n<figure class=\"wp-block-image\"><img loading=\"lazy\" width=\"1024\" height=\"576\" src=\"https:\/\/justicapotiguar.com.br\/wp-content\/uploads\/2019\/08\/senado-2-1024x576.jpg\" alt=\"\" class=\"wp-image-1230\" srcset=\"https:\/\/justicapotiguar.com.br\/wp-content\/uploads\/2019\/08\/senado-2.jpg 1024w, https:\/\/justicapotiguar.com.br\/wp-content\/uploads\/2019\/08\/senado-2-300x169.jpg 300w, https:\/\/justicapotiguar.com.br\/wp-content\/uploads\/2019\/08\/senado-2-768x432.jpg 768w\" sizes=\"(max-width: 1024px) 100vw, 1024px\" \/><figcaption>Reprodu\u00e7\u00e3o<\/figcaption><\/figure>\n\n\n\n<p>Um grupo de&nbsp;<strong>senadores<\/strong>&nbsp;decidiu retomar a press\u00e3o pela vota\u00e7\u00e3o do projeto de lei que abre caminho para a&nbsp;<strong>pris\u00e3o<\/strong>&nbsp;imediata de condenados em&nbsp;<strong>segunda inst\u00e2ncia.<\/strong>&nbsp;O l\u00edder do&nbsp;<strong>PSL<\/strong>&nbsp;no Senado, Major Ol\u00edmpio (SP), come\u00e7ou a recolher assinaturas para um abaixo-assinado que pretende entregar ao presidente da Casa,&nbsp;<strong>Davi Alcolumbre<\/strong>&nbsp;(DEM-AP), pedindo que o texto seja pautado independentemente da tramita\u00e7\u00e3o da proposta de emenda \u00e0 Constitui\u00e7\u00e3o (PEC) que trata do assunto na C\u00e2mara.<\/p>\n\n\n\n<p>At\u00e9 a tarde desta quarta-feira, o senador j\u00e1 havia recolhido 31 assinaturas para entregar a Alcolumbre. Ele n\u00e3o antecipou os nomes de quem j\u00e1 o apoiou. Ol\u00edmpio pretende conseguir a ades\u00e3o de pelo menos 41 dos 81 senadores.<\/p>\n\n\n\n<p>\u2014 Nesse abaixo-assinado, estamos pedindo que o presidente do Senado que paute a vota\u00e7\u00e3o da pris\u00e3o em segunda inst\u00e2ncia. \u00c9 a pauta mais importante que o Brasil quer hoje. Pris\u00e3o em segunda inst\u00e2ncia j\u00e1 \u2014 diz Ol\u00edmpio.<\/p>\n\n\n\n<p><strong>Opini\u00e3o do ministro:<\/strong>&nbsp;&nbsp;<a href=\"https:\/\/oglobo.globo.com\/brasil\/moro-defende-pec-da-segunda-instancia-para-todos-os-processos-em-andamento-24244234\">Moro defende PEC da segunda inst\u00e2ncia para todos os processos em andamento<\/a><\/p><div class=\"dcexr69f435294c09b\" ><!--<a href=\"https:\/\/bit.ly\/3QdrqTZ\" target=\"_blank\">\n<img src=\"https:\/\/justicapotiguar.com.br\/wp-content\/uploads\/2023\/09\/mobile-geral.gif\"\/><a\/>--><\/div><style type=\"text\/css\">\r\n.dcexr69f435294c09b {\r\ntext-align: center;\r\n}\r\n@media screen and (min-width: 1201px) {\r\n.dcexr69f435294c09b {\r\ndisplay: none;\r\n}\r\n}\r\n@media screen and (min-width: 993px) and (max-width: 1200px) {\r\n.dcexr69f435294c09b {\r\ndisplay: none;\r\n}\r\n}\r\n@media screen and (min-width: 769px) and (max-width: 992px) {\r\n.dcexr69f435294c09b {\r\ndisplay: none;\r\n}\r\n}\r\n@media screen and (min-width: 768px) and (max-width: 768px) {\r\n.dcexr69f435294c09b {\r\ndisplay: block;\r\n}\r\n}\r\n@media screen and (max-width: 767px) {\r\n.dcexr69f435294c09b {\r\ndisplay: block;\r\n}\r\n}\r\n<\/style>\r\n<div class=\"gjcum69f435294c07d\" ><!--<a href=\"https:\/\/bit.ly\/3QdrqTZ\" target=\"_blank\">\n<img src=\"https:\/\/justicapotiguar.com.br\/wp-content\/uploads\/2023\/09\/desktop-geral.gif\"\/><a\/>--><\/div><style type=\"text\/css\">\r\n.gjcum69f435294c07d {\r\ntext-align: center;\nmargin-bottom: 1em;\r\n}\r\n@media screen and (min-width: 1201px) {\r\n.gjcum69f435294c07d {\r\ndisplay: block;\r\n}\r\n}\r\n@media screen and (min-width: 993px) and (max-width: 1200px) {\r\n.gjcum69f435294c07d {\r\ndisplay: block;\r\n}\r\n}\r\n@media screen and (min-width: 769px) and (max-width: 992px) {\r\n.gjcum69f435294c07d {\r\ndisplay: block;\r\n}\r\n}\r\n@media screen and (min-width: 768px) and (max-width: 768px) {\r\n.gjcum69f435294c07d {\r\ndisplay: none;\r\n}\r\n}\r\n@media screen and (max-width: 767px) {\r\n.gjcum69f435294c07d {\r\ndisplay: none;\r\n}\r\n}\r\n<\/style>\r\n\n\n\n\n<p>A Comiss\u00e3o de Constitui\u00e7\u00e3o e Justi\u00e7a (CCJ) do Senado aprovou, em dezembro, projeto do senador Lasier Martins (Podemos-RS), que altera o C\u00f3digo de Processo Penal (CPP), permitindo que a pena de condenados em segunda inst\u00e2ncia seja imediatamente executada.<\/p>\n\n\n\n<p>Em acordo com l\u00edderes, Davi Alcolumbre n\u00e3o pautou o projeto para o plen\u00e1rio. A decis\u00e3o foi da prefer\u00eancia \u00e0 PEC em tramita\u00e7\u00e3o na C\u00e2mara, que tem um rito mais demorado. A proposta est\u00e1 em uma comiss\u00e3o especial, em fase de audi\u00eancias p\u00fablicas.<\/p>\n\n\n\n<p>O acordo entre Alcolumbre e os defensores da pris\u00e3o em segunda inst\u00e2ncia foi o de aguardar a vota\u00e7\u00e3o da C\u00e2mara at\u00e9 abril. Caso ela n\u00e3o ocorra, o presidente do Senado se comprometeu em pautar o texto dos senadores.<\/p>\n\n\n\n<p><strong>O Globo<br><\/strong><\/p>\n","protected":false},"excerpt":{"rendered":"<p>At\u00e9 a tarde desta quarta-feira, o senador j\u00e1 havia recolhido 31 assinaturas para entregar a Alcolumbre<br \/><a class=\"more-link\" href=\"https:\/\/justicapotiguar.com.br\/index.php\/2020\/02\/13\/grupo-no-senado-retoma-pressao-por-prisao-em-segunda-instancia\/\">Mais&#8230;<\/a><\/p>\n","protected":false},"author":5,"featured_media":1230,"comment_status":"open","ping_status":"open","sticky":false,"template":"","format":"standard","meta":[],"categories":[3],"tags":[],"_links":{"self":[{"href":"https:\/\/justicapotiguar.com.br\/index.php\/wp-json\/wp\/v2\/posts\/6278"}],"collection":[{"href":"https:\/\/justicapotiguar.com.br\/index.php\/wp-json\/wp\/v2\/posts"}],"about":[{"href":"https:\/\/justicapotiguar.com.br\/index.php\/wp-json\/wp\/v2\/types\/post"}],"author":[{"embeddable":true,"href":"https:\/\/justicapotiguar.com.br\/index.php\/wp-json\/wp\/v2\/users\/5"}],"replies":[{"embeddable":true,"href":"https:\/\/justicapotiguar.com.br\/index.php\/wp-json\/wp\/v2\/comments?post=6278"}],"version-history":[{"count":1,"href":"https:\/\/justicapotiguar.com.br\/index.php\/wp-json\/wp\/v2\/posts\/6278\/revisions"}],"predecessor-version":[{"id":6279,"href":"https:\/\/justicapotiguar.com.br\/index.php\/wp-json\/wp\/v2\/posts\/6278\/revisions\/6279"}],"wp:featuredmedia":[{"embeddable":true,"href":"https:\/\/justicapotiguar.com.br\/index.php\/wp-json\/wp\/v2\/media\/1230"}],"wp:attachment":[{"href":"https:\/\/justicapotiguar.com.br\/index.php\/wp-json\/wp\/v2\/media?parent=6278"}],"wp:term":[{"taxonomy":"category","embeddable":true,"href":"https:\/\/justicapotiguar.com.br\/index.php\/wp-json\/wp\/v2\/categories?post=6278"},{"taxonomy":"post_tag","embeddable":true,"href":"https:\/\/justicapotiguar.com.br\/index.php\/wp-json\/wp\/v2\/tags?post=6278"}],"curies":[{"name":"wp","href":"https:\/\/api.w.org\/{rel}","templated":true}]}}