{"id":6271,"date":"2020-02-13T09:19:22","date_gmt":"2020-02-13T12:19:22","guid":{"rendered":"https:\/\/justicapotiguar.com.br\/?p=6271"},"modified":"2020-02-13T09:19:22","modified_gmt":"2020-02-13T12:19:22","slug":"decisao-mantem-nomeacao-de-agentes-comunitarios-em-natal","status":"publish","type":"post","link":"https:\/\/justicapotiguar.com.br\/index.php\/2020\/02\/13\/decisao-mantem-nomeacao-de-agentes-comunitarios-em-natal\/","title":{"rendered":"Decis\u00e3o mant\u00e9m nomea\u00e7\u00e3o de agentes comunit\u00e1rios em Natal"},"content":{"rendered":"\n<figure class=\"wp-block-image\"><img loading=\"lazy\" width=\"680\" height=\"350\" src=\"https:\/\/justicapotiguar.com.br\/wp-content\/uploads\/2020\/02\/A8D29C4A8730F3D168C3A981507705A3C79B_agenteessa.jpg\" alt=\"\" class=\"wp-image-6272\" srcset=\"https:\/\/justicapotiguar.com.br\/wp-content\/uploads\/2020\/02\/A8D29C4A8730F3D168C3A981507705A3C79B_agenteessa.jpg 680w, https:\/\/justicapotiguar.com.br\/wp-content\/uploads\/2020\/02\/A8D29C4A8730F3D168C3A981507705A3C79B_agenteessa-300x154.jpg 300w\" sizes=\"(max-width: 680px) 100vw, 680px\" \/><figcaption>Reprodu\u00e7\u00e3o<\/figcaption><\/figure>\n\n\n\n<p>O Munic\u00edpio de Natal ter\u00e1 que efetivar os atos decis\u00f3rios formulados pelas Varas da Fazenda P\u00fablica de Natal, as quais determinam a nomea\u00e7\u00e3o de candidatos aprovados no concurso p\u00fablico para preenchimento de vagas no cargo de Agente Comunit\u00e1rio de Sa\u00fade e Agente de Combate \u00e0s Endemias, no ano de 2015. A decis\u00e3o \u00e9 relacionada a recurso movido pelo Ente p\u00fablico, que requer a modifica\u00e7\u00e3o de decis\u00e3o anterior, proferida pelo desembargador Expedito Ferreira, o qual havia negado o pedido de suspens\u00e3o da medida liminar, que manteve a convoca\u00e7\u00e3o dos aprovados, definidos nas unidades de primeira inst\u00e2ncia.<\/p>\n\n\n\n<p>\u201cNesse cen\u00e1rio, as alega\u00e7\u00f5es do recorrente n\u00e3o s\u00e3o suficientes para firmar ju\u00edzo diverso daquele lan\u00e7ado quando do indeferimento da suspens\u00e3o por esta Presid\u00eancia, n\u00e3o restando evidenciado qualquer les\u00e3o ao Munic\u00edpio, acaso n\u00e3o seja concedida a tutela pleiteada, mantendo-se, assim, os fundamentos para o indeferimento da contracautela\u201d, enfatiza o relator do Agravo, desembargador Jo\u00e3o Batista Rebou\u00e7as, presidente do TJRN.<\/p>\n\n\n\n<p>Os desembargadores do TJRN mantiveram, desta forma, a decis\u00e3o anterior do desembargador Expedito Ferreira, o qual manteve os atos da 1\u00aa Vara da Fazenda P\u00fablica da Comarca de Natal, nos autos do Mandado de Seguran\u00e7a de n\u00ba 0829469-68.2017.8.20.5001; a decis\u00e3o proferida pelo Ju\u00edzo da 2\u00aa Vara da Fazenda P\u00fablica da Comarca de Natal no Mandado de Seguran\u00e7a n\u00ba 0841319-22.2017.8.20.5001, bem como a senten\u00e7a proferida pelo Ju\u00edzo da 5\u00aa Vara da Fazenda P\u00fablica da Comarca de Natal, no Mandado de Seguran\u00e7a de n\u00ba 0820028-63.2017.8.20.5001.<\/p><div class=\"ehuhs69f428091b21d\" ><!--<a href=\"https:\/\/bit.ly\/3QdrqTZ\" target=\"_blank\">\n<img src=\"https:\/\/justicapotiguar.com.br\/wp-content\/uploads\/2023\/09\/mobile-geral.gif\"\/><a\/>--><\/div><style type=\"text\/css\">\r\n.ehuhs69f428091b21d {\r\ntext-align: center;\r\n}\r\n@media screen and (min-width: 1201px) {\r\n.ehuhs69f428091b21d {\r\ndisplay: none;\r\n}\r\n}\r\n@media screen and (min-width: 993px) and (max-width: 1200px) {\r\n.ehuhs69f428091b21d {\r\ndisplay: none;\r\n}\r\n}\r\n@media screen and (min-width: 769px) and (max-width: 992px) {\r\n.ehuhs69f428091b21d {\r\ndisplay: none;\r\n}\r\n}\r\n@media screen and (min-width: 768px) and (max-width: 768px) {\r\n.ehuhs69f428091b21d {\r\ndisplay: block;\r\n}\r\n}\r\n@media screen and (max-width: 767px) {\r\n.ehuhs69f428091b21d {\r\ndisplay: block;\r\n}\r\n}\r\n<\/style>\r\n<div class=\"eflum69f428091b201\" ><!--<a href=\"https:\/\/bit.ly\/3QdrqTZ\" target=\"_blank\">\n<img src=\"https:\/\/justicapotiguar.com.br\/wp-content\/uploads\/2023\/09\/desktop-geral.gif\"\/><a\/>--><\/div><style type=\"text\/css\">\r\n.eflum69f428091b201 {\r\ntext-align: center;\nmargin-bottom: 1em;\r\n}\r\n@media screen and (min-width: 1201px) {\r\n.eflum69f428091b201 {\r\ndisplay: block;\r\n}\r\n}\r\n@media screen and (min-width: 993px) and (max-width: 1200px) {\r\n.eflum69f428091b201 {\r\ndisplay: block;\r\n}\r\n}\r\n@media screen and (min-width: 769px) and (max-width: 992px) {\r\n.eflum69f428091b201 {\r\ndisplay: block;\r\n}\r\n}\r\n@media screen and (min-width: 768px) and (max-width: 768px) {\r\n.eflum69f428091b201 {\r\ndisplay: none;\r\n}\r\n}\r\n@media screen and (max-width: 767px) {\r\n.eflum69f428091b201 {\r\ndisplay: none;\r\n}\r\n}\r\n<\/style>\r\n\n\n\n\n<p>O julgamento do Pleno ainda enfatizou que a situa\u00e7\u00e3o trazida aos autos n\u00e3o seria automaticamente transferida para outros casos e que os provimentos questionados foram deferidos ante a configura\u00e7\u00e3o da situa\u00e7\u00e3o ensejadora para tanto, em estrita conformidade \u00e0 orienta\u00e7\u00e3o legal e jurisprudencial sobre a mat\u00e9ria, no \u00e2mbito dos Tribunais Superiores.<\/p>\n\n\n\n<p>\u201cN\u00e3o ficou demonstrada nos autos a ocorr\u00eancia de situa\u00e7\u00f5es similares, de modo que entendo ausente a ocorr\u00eancia de efeito multiplicador, sobretudo considerando que as alega\u00e7\u00f5es de pretensos e futuros impetrantes sobre o direito subjetivo a nomea\u00e7\u00e3o perpassa pelo crivo jurisdicional n\u00e3o afeto ao presente incidente. Trata-se de quest\u00e3o de fundo a ser tratada no processo principal ou na via recursal pr\u00f3pria\u201d, ressalta o voto do desembargador Expedito Ferreira, destacado na nova decis\u00e3o do TJRN.<\/p>\n","protected":false},"excerpt":{"rendered":"<p>A decis\u00e3o \u00e9 relacionada a recurso movido pelo Ente p\u00fablico, que requer a modifica\u00e7\u00e3o de decis\u00e3o anterior, proferida pelo desembargador Expedito Ferreira<br \/><a class=\"more-link\" href=\"https:\/\/justicapotiguar.com.br\/index.php\/2020\/02\/13\/decisao-mantem-nomeacao-de-agentes-comunitarios-em-natal\/\">Mais&#8230;<\/a><\/p>\n","protected":false},"author":5,"featured_media":6272,"comment_status":"open","ping_status":"open","sticky":false,"template":"","format":"standard","meta":[],"categories":[3],"tags":[],"_links":{"self":[{"href":"https:\/\/justicapotiguar.com.br\/index.php\/wp-json\/wp\/v2\/posts\/6271"}],"collection":[{"href":"https:\/\/justicapotiguar.com.br\/index.php\/wp-json\/wp\/v2\/posts"}],"about":[{"href":"https:\/\/justicapotiguar.com.br\/index.php\/wp-json\/wp\/v2\/types\/post"}],"author":[{"embeddable":true,"href":"https:\/\/justicapotiguar.com.br\/index.php\/wp-json\/wp\/v2\/users\/5"}],"replies":[{"embeddable":true,"href":"https:\/\/justicapotiguar.com.br\/index.php\/wp-json\/wp\/v2\/comments?post=6271"}],"version-history":[{"count":1,"href":"https:\/\/justicapotiguar.com.br\/index.php\/wp-json\/wp\/v2\/posts\/6271\/revisions"}],"predecessor-version":[{"id":6273,"href":"https:\/\/justicapotiguar.com.br\/index.php\/wp-json\/wp\/v2\/posts\/6271\/revisions\/6273"}],"wp:featuredmedia":[{"embeddable":true,"href":"https:\/\/justicapotiguar.com.br\/index.php\/wp-json\/wp\/v2\/media\/6272"}],"wp:attachment":[{"href":"https:\/\/justicapotiguar.com.br\/index.php\/wp-json\/wp\/v2\/media?parent=6271"}],"wp:term":[{"taxonomy":"category","embeddable":true,"href":"https:\/\/justicapotiguar.com.br\/index.php\/wp-json\/wp\/v2\/categories?post=6271"},{"taxonomy":"post_tag","embeddable":true,"href":"https:\/\/justicapotiguar.com.br\/index.php\/wp-json\/wp\/v2\/tags?post=6271"}],"curies":[{"name":"wp","href":"https:\/\/api.w.org\/{rel}","templated":true}]}}