{"id":6268,"date":"2020-02-12T21:23:04","date_gmt":"2020-02-13T00:23:04","guid":{"rendered":"https:\/\/justicapotiguar.com.br\/?p=6268"},"modified":"2020-02-12T21:23:04","modified_gmt":"2020-02-13T00:23:04","slug":"foragido-da-justica-por-crime-tributario-e-preso-pela-prf-na-grande-natal","status":"publish","type":"post","link":"https:\/\/justicapotiguar.com.br\/index.php\/2020\/02\/12\/foragido-da-justica-por-crime-tributario-e-preso-pela-prf-na-grande-natal\/","title":{"rendered":"Foragido da justi\u00e7a por crime tribut\u00e1rio \u00e9 preso pela PRF na Grande Natal"},"content":{"rendered":"\n<figure class=\"wp-block-image\"><img loading=\"lazy\" width=\"1024\" height=\"683\" src=\"https:\/\/justicapotiguar.com.br\/wp-content\/uploads\/2020\/02\/prf-foto-Luca-_Gebara-Ag__ncia-AL-1024x683.jpeg\" alt=\"\" class=\"wp-image-6269\" srcset=\"https:\/\/justicapotiguar.com.br\/wp-content\/uploads\/2020\/02\/prf-foto-Luca-_Gebara-Ag__ncia-AL-1024x683.jpeg 1024w, https:\/\/justicapotiguar.com.br\/wp-content\/uploads\/2020\/02\/prf-foto-Luca-_Gebara-Ag__ncia-AL-300x200.jpeg 300w, https:\/\/justicapotiguar.com.br\/wp-content\/uploads\/2020\/02\/prf-foto-Luca-_Gebara-Ag__ncia-AL-768x512.jpeg 768w\" sizes=\"(max-width: 1024px) 100vw, 1024px\" \/><figcaption>Foto: Divulga\u00e7\u00e3o<\/figcaption><\/figure>\n\n\n\n<p>A Pol\u00edcia Rodovi\u00e1ria Federal prendeu, no Km 118 da BR 101, em S\u00e3o Jos\u00e9 de Mipibu\/RN, no final da tarde desta quarta-feira (12), um empres\u00e1rio de 58 anos, com mandado de pris\u00e3o em aberto.<\/p>\n\n\n\n<p>Durante fiscaliza\u00e7\u00e3o de rotina, os policiais abordaram uma BMW X3, quando, ao consultar os sistemas de seguran\u00e7a, foi constatado que havia, contra o condutor, um mandado de pris\u00e3o em aberto, pelo crime tribut\u00e1rio, previsto na Lei 8.237\/90, expedido pela 2\u00aa Vara Criminal da Comarca de Mossor\u00f3, no dia 20 de setembro de 2018.<\/p><div class=\"gblai69f41356d179e\" ><!--<a href=\"https:\/\/bit.ly\/3QdrqTZ\" target=\"_blank\">\n<img src=\"https:\/\/justicapotiguar.com.br\/wp-content\/uploads\/2023\/09\/mobile-geral.gif\"\/><a\/>--><\/div><style type=\"text\/css\">\r\n.gblai69f41356d179e {\r\ntext-align: center;\r\n}\r\n@media screen and (min-width: 1201px) {\r\n.gblai69f41356d179e {\r\ndisplay: none;\r\n}\r\n}\r\n@media screen and (min-width: 993px) and (max-width: 1200px) {\r\n.gblai69f41356d179e {\r\ndisplay: none;\r\n}\r\n}\r\n@media screen and (min-width: 769px) and (max-width: 992px) {\r\n.gblai69f41356d179e {\r\ndisplay: none;\r\n}\r\n}\r\n@media screen and (min-width: 768px) and (max-width: 768px) {\r\n.gblai69f41356d179e {\r\ndisplay: block;\r\n}\r\n}\r\n@media screen and (max-width: 767px) {\r\n.gblai69f41356d179e {\r\ndisplay: block;\r\n}\r\n}\r\n<\/style>\r\n<div class=\"pkjel69f41356d178b\" ><!--<a href=\"https:\/\/bit.ly\/3QdrqTZ\" target=\"_blank\">\n<img src=\"https:\/\/justicapotiguar.com.br\/wp-content\/uploads\/2023\/09\/desktop-geral.gif\"\/><a\/>--><\/div><style type=\"text\/css\">\r\n.pkjel69f41356d178b {\r\ntext-align: center;\nmargin-bottom: 1em;\r\n}\r\n@media screen and (min-width: 1201px) {\r\n.pkjel69f41356d178b {\r\ndisplay: block;\r\n}\r\n}\r\n@media screen and (min-width: 993px) and (max-width: 1200px) {\r\n.pkjel69f41356d178b {\r\ndisplay: block;\r\n}\r\n}\r\n@media screen and (min-width: 769px) and (max-width: 992px) {\r\n.pkjel69f41356d178b {\r\ndisplay: block;\r\n}\r\n}\r\n@media screen and (min-width: 768px) and (max-width: 768px) {\r\n.pkjel69f41356d178b {\r\ndisplay: none;\r\n}\r\n}\r\n@media screen and (max-width: 767px) {\r\n.pkjel69f41356d178b {\r\ndisplay: none;\r\n}\r\n}\r\n<\/style>\r\n\n\n\n\n<p>De acordo com a lei, constitui crime contra a ordem tribut\u00e1ria&nbsp;<strong>omitir<\/strong>&nbsp;informa\u00e7\u00e3o, ou prestar&nbsp;<strong>declara\u00e7\u00e3o falsa<\/strong>&nbsp;\u00e0s autoridades fazend\u00e1rias e prev\u00ea pena de reclus\u00e3o de 2 (dois) a 5 (cinco) anos, e multa.<\/p>\n\n\n\n<p>Ocorr\u00eancia encaminhada \u00e0 Delegacia de Pol\u00edcia Civil de S\u00e3o Jos\u00e9 de Mipibu\/RN.<\/p>\n","protected":false},"excerpt":{"rendered":"<p>De acordo com a lei, constitui crime contra a ordem tribut\u00e1ria omitir informa\u00e7\u00e3o, ou prestar declara\u00e7\u00e3o falsa \u00e0s autoridades<br \/><a class=\"more-link\" href=\"https:\/\/justicapotiguar.com.br\/index.php\/2020\/02\/12\/foragido-da-justica-por-crime-tributario-e-preso-pela-prf-na-grande-natal\/\">Mais&#8230;<\/a><\/p>\n","protected":false},"author":5,"featured_media":6269,"comment_status":"open","ping_status":"open","sticky":false,"template":"","format":"standard","meta":[],"categories":[3],"tags":[],"_links":{"self":[{"href":"https:\/\/justicapotiguar.com.br\/index.php\/wp-json\/wp\/v2\/posts\/6268"}],"collection":[{"href":"https:\/\/justicapotiguar.com.br\/index.php\/wp-json\/wp\/v2\/posts"}],"about":[{"href":"https:\/\/justicapotiguar.com.br\/index.php\/wp-json\/wp\/v2\/types\/post"}],"author":[{"embeddable":true,"href":"https:\/\/justicapotiguar.com.br\/index.php\/wp-json\/wp\/v2\/users\/5"}],"replies":[{"embeddable":true,"href":"https:\/\/justicapotiguar.com.br\/index.php\/wp-json\/wp\/v2\/comments?post=6268"}],"version-history":[{"count":1,"href":"https:\/\/justicapotiguar.com.br\/index.php\/wp-json\/wp\/v2\/posts\/6268\/revisions"}],"predecessor-version":[{"id":6270,"href":"https:\/\/justicapotiguar.com.br\/index.php\/wp-json\/wp\/v2\/posts\/6268\/revisions\/6270"}],"wp:featuredmedia":[{"embeddable":true,"href":"https:\/\/justicapotiguar.com.br\/index.php\/wp-json\/wp\/v2\/media\/6269"}],"wp:attachment":[{"href":"https:\/\/justicapotiguar.com.br\/index.php\/wp-json\/wp\/v2\/media?parent=6268"}],"wp:term":[{"taxonomy":"category","embeddable":true,"href":"https:\/\/justicapotiguar.com.br\/index.php\/wp-json\/wp\/v2\/categories?post=6268"},{"taxonomy":"post_tag","embeddable":true,"href":"https:\/\/justicapotiguar.com.br\/index.php\/wp-json\/wp\/v2\/tags?post=6268"}],"curies":[{"name":"wp","href":"https:\/\/api.w.org\/{rel}","templated":true}]}}