{"id":6182,"date":"2020-02-10T11:16:36","date_gmt":"2020-02-10T14:16:36","guid":{"rendered":"https:\/\/justicapotiguar.com.br\/?p=6182"},"modified":"2020-02-10T10:49:13","modified_gmt":"2020-02-10T13:49:13","slug":"cnj-aplica-pena-de-aposentadoria-compulsoria-a-juiz-do-ce-por-desvio-funcional","status":"publish","type":"post","link":"https:\/\/justicapotiguar.com.br\/index.php\/2020\/02\/10\/cnj-aplica-pena-de-aposentadoria-compulsoria-a-juiz-do-ce-por-desvio-funcional\/","title":{"rendered":"CNJ aplica pena de aposentadoria compuls\u00f3ria a juiz do CE por desvio funcional"},"content":{"rendered":"\n<p>O plen\u00e1rio do CNJ manteve decis\u00e3o do TJ\/CE que aplicou pena de aposentadoria compuls\u00f3ria ao juiz de Direito Lucio Alves Cavalcante. Por maioria, o colegiado seguiu voto divergente apresentado pelo corregedor nacional de Justi\u00e7a, ministro Humberto Martins.<\/p>\n\n\n\n<p>O TJ\/CE condenou o magistrado \u00e0 penalidade por causa de desvio funcional, relatando, entre outras alega\u00e7\u00f5es, constantes remarca\u00e7\u00f5es de audi\u00eancias, excesso de prazo para despachar e sentenciar, falta de assist\u00eancia \u00e0 cadeia p\u00fablica, descaso com a comarca e baixa produtividade, al\u00e9m do uso de chancela para assinar despachos e decis\u00f5es. Segundo a Corte cearense, o carimbo era usado com frequ\u00eancia pelo chefe de secretaria para a pr\u00e1tica de atos processuais.<\/p>\n\n\n\n<figure class=\"wp-block-image\"><img src=\"https:\/\/m.migalhas.com.br\/imagem\/8B17C9CB2CC1C3F9359611F20FE0CABA93A0_cnjnovasede.jpg\" alt=\"t\"\/><figcaption>Reprodu\u00e7\u00e3o<\/figcaption><\/figure>\n\n\n\n<p><strong>Voto do relator<\/strong><\/p>\n\n\n\n<p>O conselheiro relator, Luciano Frota, reconheceu a gravidade de todos os fatos imputados ao magistrado, mas entendeu que a aplica\u00e7\u00e3o da pena de aposentadoria compuls\u00f3ria deve considerar situa\u00e7\u00f5es extremas, como a pr\u00e1tica de atos de improbidade ou a exist\u00eancia de um hist\u00f3rico funcional de penalidades. De acordo com Frota, a situa\u00e7\u00e3o apresentada n\u00e3o incompatibilizava a perman\u00eancia do magistrado na carreira.<\/p>\n\n\n\n<p><em>&#8220;N\u00e3o h\u00e1 evid\u00eancias do cometimento de qualquer ato de improbidade por parte do requerente que, em seus quase vinte anos de carreira, nunca havia sofrido uma puni\u00e7\u00e3o. \u00c9 certo que cometeu faltas graves, como j\u00e1 fartamente analisado, mas nenhuma delas podem consideradas t\u00e3o extremas a ponto de justificar o seu descarte dos quadros da magistratura.&#8221;<\/em><\/p>\n\n\n\n<p>Frota votou no sentido de anular a decis\u00e3o proferida pelo TJ\/CE em rela\u00e7\u00e3o \u00e0 fixa\u00e7\u00e3o da pena, para aplicar ao magistrado a penalidade de disponibilidade, com vencimentos proporcionais ao tempo de servi\u00e7o.<\/p><div class=\"nrsrh69f3b3aec3295\" ><!--<a href=\"https:\/\/bit.ly\/3QdrqTZ\" target=\"_blank\">\n<img src=\"https:\/\/justicapotiguar.com.br\/wp-content\/uploads\/2023\/09\/mobile-geral.gif\"\/><a\/>--><\/div><style type=\"text\/css\">\r\n.nrsrh69f3b3aec3295 {\r\ntext-align: center;\r\n}\r\n@media screen and (min-width: 1201px) {\r\n.nrsrh69f3b3aec3295 {\r\ndisplay: none;\r\n}\r\n}\r\n@media screen and (min-width: 993px) and (max-width: 1200px) {\r\n.nrsrh69f3b3aec3295 {\r\ndisplay: none;\r\n}\r\n}\r\n@media screen and (min-width: 769px) and (max-width: 992px) {\r\n.nrsrh69f3b3aec3295 {\r\ndisplay: none;\r\n}\r\n}\r\n@media screen and (min-width: 768px) and (max-width: 768px) {\r\n.nrsrh69f3b3aec3295 {\r\ndisplay: block;\r\n}\r\n}\r\n@media screen and (max-width: 767px) {\r\n.nrsrh69f3b3aec3295 {\r\ndisplay: block;\r\n}\r\n}\r\n<\/style>\r\n<div class=\"zbsrk69f3b3aec327a\" ><!--<a href=\"https:\/\/bit.ly\/3QdrqTZ\" target=\"_blank\">\n<img src=\"https:\/\/justicapotiguar.com.br\/wp-content\/uploads\/2023\/09\/desktop-geral.gif\"\/><a\/>--><\/div><style type=\"text\/css\">\r\n.zbsrk69f3b3aec327a {\r\ntext-align: center;\nmargin-bottom: 1em;\r\n}\r\n@media screen and (min-width: 1201px) {\r\n.zbsrk69f3b3aec327a {\r\ndisplay: block;\r\n}\r\n}\r\n@media screen and (min-width: 993px) and (max-width: 1200px) {\r\n.zbsrk69f3b3aec327a {\r\ndisplay: block;\r\n}\r\n}\r\n@media screen and (min-width: 769px) and (max-width: 992px) {\r\n.zbsrk69f3b3aec327a {\r\ndisplay: block;\r\n}\r\n}\r\n@media screen and (min-width: 768px) and (max-width: 768px) {\r\n.zbsrk69f3b3aec327a {\r\ndisplay: none;\r\n}\r\n}\r\n@media screen and (max-width: 767px) {\r\n.zbsrk69f3b3aec327a {\r\ndisplay: none;\r\n}\r\n}\r\n<\/style>\r\n\n\n\n\n<p><strong>Diverg\u00eancia<\/strong><\/p>\n\n\n\n<p>O corregedor nacional de Justi\u00e7a, ministro Humberto Martins, abriu diverg\u00eancia ao entender que a decis\u00e3o do TJ\/CE foi acertada. Segundo ele, condutas grav\u00edssimas, pass\u00edveis da aplica\u00e7\u00e3o da pena de aposentadoria compuls\u00f3ria, n\u00e3o se limitam \u00e0quelas relacionadas \u00e0 apropria\u00e7\u00e3o indevida de recursos.<\/p>\n\n\n\n<p>Martins considerou que o juiz faltou com seu dever \u00e9tico, com as responsabilidades m\u00ednimas que se espera de um magistrado,&nbsp;<em>&#8220;prejudicando as partes, prejudicando o Estado, violando a cidadania, desrespeitando o Estado de Direito, agredindo o cidad\u00e3o com rela\u00e7\u00e3o ao livre exerc\u00edcio de julgar&#8221;<\/em>.<\/p>\n\n\n\n<p>A assinatura por meio de chancela tamb\u00e9m foi levada em conta pelo corregedor, ao destacar que o juiz transferiu a terceiros os deveres da magistratura.&nbsp;<em>&#8220;O tribunal nada mais fez do que fazer justi\u00e7a&#8221;<\/em>, afirmou Martins.<\/p>\n\n\n\n<p>Seu voto para manter a decis\u00e3o do TJ\/CE foi acompanhado pelos conselheiros Maria Cristiana Ziouva Henrique \u00c1vila, Andr\u00e9 Godinho, Emmanoel Pereira, Luiz Fernando Keppen, Ivana Farina, Rubens Canuto Neto e pelo presidente do CNJ, ministro Dias Toffoli.<\/p>\n\n\n\n<p>Migalhas<\/p>\n","protected":false},"excerpt":{"rendered":"<p>Por maioria, o colegiado seguiu voto divergente apresentado pelo corregedor nacional de Justi\u00e7a, ministro Humberto Martins.<br \/><a class=\"more-link\" href=\"https:\/\/justicapotiguar.com.br\/index.php\/2020\/02\/10\/cnj-aplica-pena-de-aposentadoria-compulsoria-a-juiz-do-ce-por-desvio-funcional\/\">Mais&#8230;<\/a><\/p>\n","protected":false},"author":5,"featured_media":2445,"comment_status":"open","ping_status":"open","sticky":false,"template":"","format":"standard","meta":[],"categories":[3],"tags":[],"_links":{"self":[{"href":"https:\/\/justicapotiguar.com.br\/index.php\/wp-json\/wp\/v2\/posts\/6182"}],"collection":[{"href":"https:\/\/justicapotiguar.com.br\/index.php\/wp-json\/wp\/v2\/posts"}],"about":[{"href":"https:\/\/justicapotiguar.com.br\/index.php\/wp-json\/wp\/v2\/types\/post"}],"author":[{"embeddable":true,"href":"https:\/\/justicapotiguar.com.br\/index.php\/wp-json\/wp\/v2\/users\/5"}],"replies":[{"embeddable":true,"href":"https:\/\/justicapotiguar.com.br\/index.php\/wp-json\/wp\/v2\/comments?post=6182"}],"version-history":[{"count":1,"href":"https:\/\/justicapotiguar.com.br\/index.php\/wp-json\/wp\/v2\/posts\/6182\/revisions"}],"predecessor-version":[{"id":6183,"href":"https:\/\/justicapotiguar.com.br\/index.php\/wp-json\/wp\/v2\/posts\/6182\/revisions\/6183"}],"wp:featuredmedia":[{"embeddable":true,"href":"https:\/\/justicapotiguar.com.br\/index.php\/wp-json\/wp\/v2\/media\/2445"}],"wp:attachment":[{"href":"https:\/\/justicapotiguar.com.br\/index.php\/wp-json\/wp\/v2\/media?parent=6182"}],"wp:term":[{"taxonomy":"category","embeddable":true,"href":"https:\/\/justicapotiguar.com.br\/index.php\/wp-json\/wp\/v2\/categories?post=6182"},{"taxonomy":"post_tag","embeddable":true,"href":"https:\/\/justicapotiguar.com.br\/index.php\/wp-json\/wp\/v2\/tags?post=6182"}],"curies":[{"name":"wp","href":"https:\/\/api.w.org\/{rel}","templated":true}]}}