{"id":6180,"date":"2020-02-10T08:38:53","date_gmt":"2020-02-10T11:38:53","guid":{"rendered":"https:\/\/justicapotiguar.com.br\/?p=6180"},"modified":"2020-02-10T08:11:36","modified_gmt":"2020-02-10T11:11:36","slug":"homem-e-condenado-por-estuprar-adolescente-de-13-anos-filha-de-sua-vizinha-em-natal","status":"publish","type":"post","link":"https:\/\/justicapotiguar.com.br\/index.php\/2020\/02\/10\/homem-e-condenado-por-estuprar-adolescente-de-13-anos-filha-de-sua-vizinha-em-natal\/","title":{"rendered":"Homem \u00e9 condenado por estuprar adolescente de 13 anos, filha de sua vizinha em Natal"},"content":{"rendered":"\n<figure class=\"wp-block-image\"><img loading=\"lazy\" width=\"786\" height=\"550\" src=\"https:\/\/justicapotiguar.com.br\/wp-content\/uploads\/2019\/12\/estupro.jpg\" alt=\"\" class=\"wp-image-4463\" srcset=\"https:\/\/justicapotiguar.com.br\/wp-content\/uploads\/2019\/12\/estupro.jpg 786w, https:\/\/justicapotiguar.com.br\/wp-content\/uploads\/2019\/12\/estupro-300x210.jpg 300w, https:\/\/justicapotiguar.com.br\/wp-content\/uploads\/2019\/12\/estupro-768x537.jpg 768w\" sizes=\"(max-width: 786px) 100vw, 786px\" \/><figcaption>Reprodu\u00e7\u00e3o<\/figcaption><\/figure>\n\n\n\n<p>A ju\u00edza Lena Rocha, da 10\u00aa Vara Criminal de Natal, condenou um homem a oito anos de pris\u00e3o pelo crime de estupro de vulner\u00e1vel, tendo como v\u00edtima uma adolescente de 13 anos de idade. Conforme o processo, o agressor conhecia a v\u00edtima desde a inf\u00e2ncia e vivia em uma casa alugada pertencente \u00e0 m\u00e3e da adolescente localizada no mesmo terreno.<\/p>\n\n\n\n<p>As testemunhas do caso indicaram que na noite em que ocorreu o crime a v\u00edtima havia chegado de uma festa em que \u201cingeriu bebida alco\u00f3lica e por volta de uma hora da manh\u00e3 decidiu recolher-se para sua resid\u00eancia\u201d. Por\u00e9m, durante a madrugada o r\u00e9u destelhou a casa da vizinha e invadiu o quarto da v\u00edtima para cometer o crime.<\/p>\n\n\n\n<p>Nos depoimentos constam que a v\u00edtima \u201cacordou assustada, sem a parte de baixo de sua vestimenta, com o corpo do acusado em cima do seu, lhe penetrando\u201d. Em seguida, ela o \u201cempurrou e saiu correndo para dentro do banheiro da casa, permanecendo trancada no local por cerca de dez minutos\u201d. O acusado ent\u00e3o fugiu, vindo a ser identificado posteriormente pela Pol\u00edcia. O r\u00e9u por\u00e9m negou a pr\u00e1tica desse ato.<\/p>\n\n\n\n<p>Decis\u00e3o<\/p><div class=\"tjenz69f4099f6a1ae\" ><!--<a href=\"https:\/\/bit.ly\/3QdrqTZ\" target=\"_blank\">\n<img src=\"https:\/\/justicapotiguar.com.br\/wp-content\/uploads\/2023\/09\/mobile-geral.gif\"\/><a\/>--><\/div><style type=\"text\/css\">\r\n.tjenz69f4099f6a1ae {\r\ntext-align: center;\r\n}\r\n@media screen and (min-width: 1201px) {\r\n.tjenz69f4099f6a1ae {\r\ndisplay: none;\r\n}\r\n}\r\n@media screen and (min-width: 993px) and (max-width: 1200px) {\r\n.tjenz69f4099f6a1ae {\r\ndisplay: none;\r\n}\r\n}\r\n@media screen and (min-width: 769px) and (max-width: 992px) {\r\n.tjenz69f4099f6a1ae {\r\ndisplay: none;\r\n}\r\n}\r\n@media screen and (min-width: 768px) and (max-width: 768px) {\r\n.tjenz69f4099f6a1ae {\r\ndisplay: block;\r\n}\r\n}\r\n@media screen and (max-width: 767px) {\r\n.tjenz69f4099f6a1ae {\r\ndisplay: block;\r\n}\r\n}\r\n<\/style>\r\n<div class=\"fpesv69f4099f6a18a\" ><!--<a href=\"https:\/\/bit.ly\/3QdrqTZ\" target=\"_blank\">\n<img src=\"https:\/\/justicapotiguar.com.br\/wp-content\/uploads\/2023\/09\/desktop-geral.gif\"\/><a\/>--><\/div><style type=\"text\/css\">\r\n.fpesv69f4099f6a18a {\r\ntext-align: center;\nmargin-bottom: 1em;\r\n}\r\n@media screen and (min-width: 1201px) {\r\n.fpesv69f4099f6a18a {\r\ndisplay: block;\r\n}\r\n}\r\n@media screen and (min-width: 993px) and (max-width: 1200px) {\r\n.fpesv69f4099f6a18a {\r\ndisplay: block;\r\n}\r\n}\r\n@media screen and (min-width: 769px) and (max-width: 992px) {\r\n.fpesv69f4099f6a18a {\r\ndisplay: block;\r\n}\r\n}\r\n@media screen and (min-width: 768px) and (max-width: 768px) {\r\n.fpesv69f4099f6a18a {\r\ndisplay: none;\r\n}\r\n}\r\n@media screen and (max-width: 767px) {\r\n.fpesv69f4099f6a18a {\r\ndisplay: none;\r\n}\r\n}\r\n<\/style>\r\n\n\n\n\n<p>Ao analisar o caso, a ju\u00edza Lena Rocha avaliou que as provas trazidas ao processo como o Laudo de Exame de Conjun\u00e7\u00e3o Carnal, Laudo de Exame pericial no im\u00f3vel e as provas testemunhais evidenciaram o crime cometido e sua autoria. Nesse sentido a ju\u00edza destacou que \u201cpela colheita de provas, oriunda dos autos, se v\u00ea claro que o acusado praticou o crime a ele imputado, se prevalecendo da inconsci\u00eancia e irresist\u00eancia da v\u00edtima para obten\u00e7\u00e3o do il\u00edcito, se consumando o delito com a conjun\u00e7\u00e3o carnal\u201d.<\/p>\n\n\n\n<p>Al\u00e9m disso, a magistrada ressaltou que nesses casos \u201ccomo se sabe, a palavra da v\u00edtima revela-se important\u00edssima, e esta sobrep\u00f5e a do acusado\u201d e acrescentou que o depoimento da v\u00edtima alcan\u00e7a tamb\u00e9m relev\u00e2ncia porque \u201cfoi somente a v\u00edtima quem manteve contato direto com o autor do fato criminoso\u201d.<\/p>\n\n\n\n<p>Por fim considerou que viol\u00eancia \u201crestou comprovada, pois o acusado para garantir que iria obter \u00eaxito na empreitada criminosa, esperou a v\u00edtima ficar sozinha e destelhou parte do teto do quarto da ofendida, visando lograr \u00eaxito no delito\u201d.<\/p>\n\n\n\n<p>J\u00e1 na etapa de dosimetria e quantifica\u00e7\u00e3o da pena a magistrada considerou que havia circunst\u00e2ncias que favoreceram a diminui\u00e7\u00e3o da pena do r\u00e9u por n\u00e3o possuir maus antecedentes e aus\u00eancia de pr\u00e1ticas il\u00edcitas anteriores. Todavia, os motivos do crime e as circunst\u00e2ncias e consequ\u00eancias graves geradas para v\u00edtima desfavoreceram o acusado em rela\u00e7\u00e3o ao total da pena aplicada, que ficou fixada em oito anos de reclus\u00e3o a ser cumprida em regime semiaberto.<\/p>\n","protected":false},"excerpt":{"rendered":"<p>Nos depoimentos constam que a v\u00edtima \u201cacordou assustada, sem a parte de baixo de sua vestimenta, com o corpo do acusado em cima do seu, lhe penetrando\u201d<br \/><a class=\"more-link\" href=\"https:\/\/justicapotiguar.com.br\/index.php\/2020\/02\/10\/homem-e-condenado-por-estuprar-adolescente-de-13-anos-filha-de-sua-vizinha-em-natal\/\">Mais&#8230;<\/a><\/p>\n","protected":false},"author":5,"featured_media":4463,"comment_status":"open","ping_status":"open","sticky":false,"template":"","format":"standard","meta":[],"categories":[3],"tags":[],"_links":{"self":[{"href":"https:\/\/justicapotiguar.com.br\/index.php\/wp-json\/wp\/v2\/posts\/6180"}],"collection":[{"href":"https:\/\/justicapotiguar.com.br\/index.php\/wp-json\/wp\/v2\/posts"}],"about":[{"href":"https:\/\/justicapotiguar.com.br\/index.php\/wp-json\/wp\/v2\/types\/post"}],"author":[{"embeddable":true,"href":"https:\/\/justicapotiguar.com.br\/index.php\/wp-json\/wp\/v2\/users\/5"}],"replies":[{"embeddable":true,"href":"https:\/\/justicapotiguar.com.br\/index.php\/wp-json\/wp\/v2\/comments?post=6180"}],"version-history":[{"count":1,"href":"https:\/\/justicapotiguar.com.br\/index.php\/wp-json\/wp\/v2\/posts\/6180\/revisions"}],"predecessor-version":[{"id":6181,"href":"https:\/\/justicapotiguar.com.br\/index.php\/wp-json\/wp\/v2\/posts\/6180\/revisions\/6181"}],"wp:featuredmedia":[{"embeddable":true,"href":"https:\/\/justicapotiguar.com.br\/index.php\/wp-json\/wp\/v2\/media\/4463"}],"wp:attachment":[{"href":"https:\/\/justicapotiguar.com.br\/index.php\/wp-json\/wp\/v2\/media?parent=6180"}],"wp:term":[{"taxonomy":"category","embeddable":true,"href":"https:\/\/justicapotiguar.com.br\/index.php\/wp-json\/wp\/v2\/categories?post=6180"},{"taxonomy":"post_tag","embeddable":true,"href":"https:\/\/justicapotiguar.com.br\/index.php\/wp-json\/wp\/v2\/tags?post=6180"}],"curies":[{"name":"wp","href":"https:\/\/api.w.org\/{rel}","templated":true}]}}