{"id":6155,"date":"2020-02-08T10:58:50","date_gmt":"2020-02-08T13:58:50","guid":{"rendered":"https:\/\/justicapotiguar.com.br\/?p=6155"},"modified":"2020-02-07T21:03:35","modified_gmt":"2020-02-08T00:03:35","slug":"presidente-do-trt-rn-recebe-governo-do-estado-para-tratar-de-dividas-de-rpvs","status":"publish","type":"post","link":"https:\/\/justicapotiguar.com.br\/index.php\/2020\/02\/08\/presidente-do-trt-rn-recebe-governo-do-estado-para-tratar-de-dividas-de-rpvs\/","title":{"rendered":"Presidente do TRT-RN recebe Governo do Estado para tratar de d\u00edvidas de RPVs"},"content":{"rendered":"\n<p>O presidente do Tribunal Regional do Trabalho da 21\u00aa Regi\u00e3o (TRT-RN), desembargador Bento Herculano, e a Ju\u00edza Auxiliar da Presid\u00eancia, Simone Jalil, receberam, na tarde desta sexta-feira (7), representantes do Governo do Estado para tratativas sobre o pagamento de d\u00edvidas de\u00a0Requisi\u00e7\u00f5es de Pequeno Valor (RPVs).<\/p>\n\n\n\n<figure class=\"wp-block-image\"><img loading=\"lazy\" width=\"1024\" height=\"602\" src=\"https:\/\/justicapotiguar.com.br\/wp-content\/uploads\/2020\/02\/Reuni\u00e3o_Governo-RN-1024x602.jpg\" alt=\"\" class=\"wp-image-6156\" srcset=\"https:\/\/justicapotiguar.com.br\/wp-content\/uploads\/2020\/02\/Reuni\u00e3o_Governo-RN-1024x602.jpg 1024w, https:\/\/justicapotiguar.com.br\/wp-content\/uploads\/2020\/02\/Reuni\u00e3o_Governo-RN-300x176.jpg 300w, https:\/\/justicapotiguar.com.br\/wp-content\/uploads\/2020\/02\/Reuni\u00e3o_Governo-RN-768x451.jpg 768w, https:\/\/justicapotiguar.com.br\/wp-content\/uploads\/2020\/02\/Reuni\u00e3o_Governo-RN.jpg 1133w\" sizes=\"(max-width: 1024px) 100vw, 1024px\" \/><figcaption>Reprodu\u00e7\u00e3o<\/figcaption><\/figure>\n\n\n\n<p>O Governo foi representado pelo Procurador Geral Adjunto,\u00a0Jos\u00e9 Duarte Santana, e pelo\u00a0Secret\u00e1rio-adjunto da Secretaria de Estado do Planejamento e das Finan\u00e7as (Seplan), Pedro Henrique Cordeiro Lima. Na oportunidade, foi entregue o relat\u00f3rio de d\u00edvidas ativas do Estado, para as defini\u00e7\u00f5es dos valores das parcelas do pagamento da d\u00edvida.<\/p><div class=\"zdpmj69f310ef1c1de\" ><!--<a href=\"https:\/\/bit.ly\/3QdrqTZ\" target=\"_blank\">\n<img src=\"https:\/\/justicapotiguar.com.br\/wp-content\/uploads\/2023\/09\/mobile-geral.gif\"\/><a\/>--><\/div><style type=\"text\/css\">\r\n.zdpmj69f310ef1c1de {\r\ntext-align: center;\r\n}\r\n@media screen and (min-width: 1201px) {\r\n.zdpmj69f310ef1c1de {\r\ndisplay: none;\r\n}\r\n}\r\n@media screen and (min-width: 993px) and (max-width: 1200px) {\r\n.zdpmj69f310ef1c1de {\r\ndisplay: none;\r\n}\r\n}\r\n@media screen and (min-width: 769px) and (max-width: 992px) {\r\n.zdpmj69f310ef1c1de {\r\ndisplay: none;\r\n}\r\n}\r\n@media screen and (min-width: 768px) and (max-width: 768px) {\r\n.zdpmj69f310ef1c1de {\r\ndisplay: block;\r\n}\r\n}\r\n@media screen and (max-width: 767px) {\r\n.zdpmj69f310ef1c1de {\r\ndisplay: block;\r\n}\r\n}\r\n<\/style>\r\n<div class=\"obcln69f310ef1c1c0\" ><!--<a href=\"https:\/\/bit.ly\/3QdrqTZ\" target=\"_blank\">\n<img src=\"https:\/\/justicapotiguar.com.br\/wp-content\/uploads\/2023\/09\/desktop-geral.gif\"\/><a\/>--><\/div><style type=\"text\/css\">\r\n.obcln69f310ef1c1c0 {\r\ntext-align: center;\nmargin-bottom: 1em;\r\n}\r\n@media screen and (min-width: 1201px) {\r\n.obcln69f310ef1c1c0 {\r\ndisplay: block;\r\n}\r\n}\r\n@media screen and (min-width: 993px) and (max-width: 1200px) {\r\n.obcln69f310ef1c1c0 {\r\ndisplay: block;\r\n}\r\n}\r\n@media screen and (min-width: 769px) and (max-width: 992px) {\r\n.obcln69f310ef1c1c0 {\r\ndisplay: block;\r\n}\r\n}\r\n@media screen and (min-width: 768px) and (max-width: 768px) {\r\n.obcln69f310ef1c1c0 {\r\ndisplay: none;\r\n}\r\n}\r\n@media screen and (max-width: 767px) {\r\n.obcln69f310ef1c1c0 {\r\ndisplay: none;\r\n}\r\n}\r\n<\/style>\r\n\n\n\n\n<p>De acordo com a magistrada Simone Jalil, respons\u00e1vel pela execu\u00e7\u00e3o das requisi\u00e7\u00f5es, mais de 1.700 reclamantes v\u00e3o ser beneficiados pelo pagamento por parte do executivo estadual.<\/p>\n\n\n\n<p>O RPV\u00a0\u00e9 uma requisi\u00e7\u00e3o de pagamento que se faz a um ente p\u00fablico em raz\u00e3o de uma d\u00edvida reconhecida por senten\u00e7a judicial transitada em julgado, que possibilita \u00e0 parte vitoriosa receber o cr\u00e9dito da condena\u00e7\u00e3o independentemente da expedi\u00e7\u00e3o de precat\u00f3rio, em raz\u00e3o de seu menor valor, inferior a R$ 20 mil.<\/p>\n","protected":false},"excerpt":{"rendered":"<p>Na oportunidade, foi entregue o relat\u00f3rio de d\u00edvidas ativas do Estado, para as defini\u00e7\u00f5es dos valores das parcelas do pagamento da d\u00edvida<br \/><a class=\"more-link\" href=\"https:\/\/justicapotiguar.com.br\/index.php\/2020\/02\/08\/presidente-do-trt-rn-recebe-governo-do-estado-para-tratar-de-dividas-de-rpvs\/\">Mais&#8230;<\/a><\/p>\n","protected":false},"author":5,"featured_media":6156,"comment_status":"open","ping_status":"open","sticky":false,"template":"","format":"standard","meta":[],"categories":[3],"tags":[],"_links":{"self":[{"href":"https:\/\/justicapotiguar.com.br\/index.php\/wp-json\/wp\/v2\/posts\/6155"}],"collection":[{"href":"https:\/\/justicapotiguar.com.br\/index.php\/wp-json\/wp\/v2\/posts"}],"about":[{"href":"https:\/\/justicapotiguar.com.br\/index.php\/wp-json\/wp\/v2\/types\/post"}],"author":[{"embeddable":true,"href":"https:\/\/justicapotiguar.com.br\/index.php\/wp-json\/wp\/v2\/users\/5"}],"replies":[{"embeddable":true,"href":"https:\/\/justicapotiguar.com.br\/index.php\/wp-json\/wp\/v2\/comments?post=6155"}],"version-history":[{"count":1,"href":"https:\/\/justicapotiguar.com.br\/index.php\/wp-json\/wp\/v2\/posts\/6155\/revisions"}],"predecessor-version":[{"id":6157,"href":"https:\/\/justicapotiguar.com.br\/index.php\/wp-json\/wp\/v2\/posts\/6155\/revisions\/6157"}],"wp:featuredmedia":[{"embeddable":true,"href":"https:\/\/justicapotiguar.com.br\/index.php\/wp-json\/wp\/v2\/media\/6156"}],"wp:attachment":[{"href":"https:\/\/justicapotiguar.com.br\/index.php\/wp-json\/wp\/v2\/media?parent=6155"}],"wp:term":[{"taxonomy":"category","embeddable":true,"href":"https:\/\/justicapotiguar.com.br\/index.php\/wp-json\/wp\/v2\/categories?post=6155"},{"taxonomy":"post_tag","embeddable":true,"href":"https:\/\/justicapotiguar.com.br\/index.php\/wp-json\/wp\/v2\/tags?post=6155"}],"curies":[{"name":"wp","href":"https:\/\/api.w.org\/{rel}","templated":true}]}}