{"id":5850,"date":"2020-01-28T19:00:36","date_gmt":"2020-01-28T22:00:36","guid":{"rendered":"https:\/\/justicapotiguar.com.br\/?p=5850"},"modified":"2020-01-28T19:00:36","modified_gmt":"2020-01-28T22:00:36","slug":"tre-rn-afasta-cassacao-de-mandatos-de-prefeito-e-vice-em-guamare","status":"publish","type":"post","link":"https:\/\/justicapotiguar.com.br\/index.php\/2020\/01\/28\/tre-rn-afasta-cassacao-de-mandatos-de-prefeito-e-vice-em-guamare\/","title":{"rendered":"TRE-RN afasta cassa\u00e7\u00e3o de mandatos de prefeito e vice em Guamar\u00e9"},"content":{"rendered":"\n<figure class=\"wp-block-image\"><img loading=\"lazy\" width=\"422\" height=\"263\" src=\"https:\/\/justicapotiguar.com.br\/wp-content\/uploads\/2019\/08\/tre.jpeg\" alt=\"\" class=\"wp-image-1121\" srcset=\"https:\/\/justicapotiguar.com.br\/wp-content\/uploads\/2019\/08\/tre.jpeg 422w, https:\/\/justicapotiguar.com.br\/wp-content\/uploads\/2019\/08\/tre-300x187.jpeg 300w\" sizes=\"(max-width: 422px) 100vw, 422px\" \/><\/figure>\n\n\n\n<p>Por cinco votos a dois, o Tribunal Regional Eleitoral do Rio Grande do Norte (TRE-RN) afastou a cassa\u00e7\u00e3o de diplomas e perda de mandatos do prefeito e da vice-prefeita de Guamar\u00e9, Francisco Adriano Holanda Di\u00f3genes e Iracema Maria Morais da Silveira. <\/p>\n\n\n\n<p>A Corte Regional deu provimento aos recursos apresentados pela defesa chapa, que havia sido condenada por capta\u00e7\u00e3o il\u00edcita de votos nas elei\u00e7\u00f5es suplementares do munic\u00edpio, ocorridas em 9 de dezembro de 2018.<\/p>\n\n\n\n<p>A condena\u00e7\u00e3o em primeira inst\u00e2ncia foi proferida pela ju\u00edza Andrea Cabral Antas C\u00e2mara, da 30\u00aa Zona Eleitoral com sede em Macau. Nos autos do processo, um v\u00eddeo veiculado nas redes sociais mostrava supostamente o ex-prefeito Jos\u00e9 da Silva C\u00e2mara sendo flagrado comprando votos em favor de Francisco Adriano e Iracema Maria.<\/p>\n\n\n\n<p>A defesa da chapa apresentou recurso pedindo a nulidade da senten\u00e7a e apontando ilicitude da grava\u00e7\u00e3o que circulou durante o per\u00edodo das elei\u00e7\u00f5es suplementares, alegando que o material seria um flagrante provocado pela coliga\u00e7\u00e3o advers\u00e1ria no pleito municipal.<\/p><div class=\"jarhh69f551bea260c\" ><!--<a href=\"https:\/\/bit.ly\/3QdrqTZ\" target=\"_blank\">\n<img src=\"https:\/\/justicapotiguar.com.br\/wp-content\/uploads\/2023\/09\/mobile-geral.gif\"\/><a\/>--><\/div><style type=\"text\/css\">\r\n.jarhh69f551bea260c {\r\ntext-align: center;\r\n}\r\n@media screen and (min-width: 1201px) {\r\n.jarhh69f551bea260c {\r\ndisplay: none;\r\n}\r\n}\r\n@media screen and (min-width: 993px) and (max-width: 1200px) {\r\n.jarhh69f551bea260c {\r\ndisplay: none;\r\n}\r\n}\r\n@media screen and (min-width: 769px) and (max-width: 992px) {\r\n.jarhh69f551bea260c {\r\ndisplay: none;\r\n}\r\n}\r\n@media screen and (min-width: 768px) and (max-width: 768px) {\r\n.jarhh69f551bea260c {\r\ndisplay: block;\r\n}\r\n}\r\n@media screen and (max-width: 767px) {\r\n.jarhh69f551bea260c {\r\ndisplay: block;\r\n}\r\n}\r\n<\/style>\r\n<div class=\"swkkv69f551bea25f0\" ><!--<a href=\"https:\/\/bit.ly\/3QdrqTZ\" target=\"_blank\">\n<img src=\"https:\/\/justicapotiguar.com.br\/wp-content\/uploads\/2023\/09\/desktop-geral.gif\"\/><a\/>--><\/div><style type=\"text\/css\">\r\n.swkkv69f551bea25f0 {\r\ntext-align: center;\nmargin-bottom: 1em;\r\n}\r\n@media screen and (min-width: 1201px) {\r\n.swkkv69f551bea25f0 {\r\ndisplay: block;\r\n}\r\n}\r\n@media screen and (min-width: 993px) and (max-width: 1200px) {\r\n.swkkv69f551bea25f0 {\r\ndisplay: block;\r\n}\r\n}\r\n@media screen and (min-width: 769px) and (max-width: 992px) {\r\n.swkkv69f551bea25f0 {\r\ndisplay: block;\r\n}\r\n}\r\n@media screen and (min-width: 768px) and (max-width: 768px) {\r\n.swkkv69f551bea25f0 {\r\ndisplay: none;\r\n}\r\n}\r\n@media screen and (max-width: 767px) {\r\n.swkkv69f551bea25f0 {\r\ndisplay: none;\r\n}\r\n}\r\n<\/style>\r\n\n\n\n\n<p>O relator do processo , Juiz federal, Carlos Wagner Dias Ferreira, foi voto vencido no julgamento, que aconteceu nesta ter\u00e7a-feira (28). <\/p>\n\n\n\n<p>O juiz destacou que &#8220;em conson\u00e2ncia parcial com o parecer da Procuradoria Regional Eleitoral, voto no sentido de rejeitar tanto as duas preliminares de nulidade da senten\u00e7a como tamb\u00e9m da ilicitude da grava\u00e7\u00e3o ambiental e desprover os recursos para manter a condena\u00e7\u00e3o imposta na senten\u00e7a de primeiro grau&#8221;.<\/p>\n\n\n\n<p>O relator foi vencido . A maioria da Corte entendeu que o v\u00eddeo apresentado como prova deixou d\u00favidas a cerca da anu\u00eancia dos candidatos, al\u00e9m de outros fatores que atingiram a sua credibilidade.<\/p>\n\n\n\n<p>O juiz Jos\u00e9 Dantas de Paiva foi o escolhido para ser o redator do ac\u00f3rd\u00e3o.<\/p>\n","protected":false},"excerpt":{"rendered":"<p>Por cinco votos a dois, o Tribunal Regional Eleitoral do Rio Grande do Norte (TRE-RN) afastou a cassa\u00e7\u00e3o de diplomas e perda de mandatos do prefeito e da vice-prefeita de Guamar\u00e9, Francisco Adriano Holanda Di\u00f3genes e Iracema Maria Morais da Silveira. A Corte Regional deu provimento aos recursos apresentados pela defesa chapa, que havia sido<br \/><a class=\"more-link\" href=\"https:\/\/justicapotiguar.com.br\/index.php\/2020\/01\/28\/tre-rn-afasta-cassacao-de-mandatos-de-prefeito-e-vice-em-guamare\/\">Mais&#8230;<\/a><\/p>\n","protected":false},"author":5,"featured_media":1121,"comment_status":"open","ping_status":"open","sticky":false,"template":"","format":"standard","meta":[],"categories":[3],"tags":[],"_links":{"self":[{"href":"https:\/\/justicapotiguar.com.br\/index.php\/wp-json\/wp\/v2\/posts\/5850"}],"collection":[{"href":"https:\/\/justicapotiguar.com.br\/index.php\/wp-json\/wp\/v2\/posts"}],"about":[{"href":"https:\/\/justicapotiguar.com.br\/index.php\/wp-json\/wp\/v2\/types\/post"}],"author":[{"embeddable":true,"href":"https:\/\/justicapotiguar.com.br\/index.php\/wp-json\/wp\/v2\/users\/5"}],"replies":[{"embeddable":true,"href":"https:\/\/justicapotiguar.com.br\/index.php\/wp-json\/wp\/v2\/comments?post=5850"}],"version-history":[{"count":1,"href":"https:\/\/justicapotiguar.com.br\/index.php\/wp-json\/wp\/v2\/posts\/5850\/revisions"}],"predecessor-version":[{"id":5851,"href":"https:\/\/justicapotiguar.com.br\/index.php\/wp-json\/wp\/v2\/posts\/5850\/revisions\/5851"}],"wp:featuredmedia":[{"embeddable":true,"href":"https:\/\/justicapotiguar.com.br\/index.php\/wp-json\/wp\/v2\/media\/1121"}],"wp:attachment":[{"href":"https:\/\/justicapotiguar.com.br\/index.php\/wp-json\/wp\/v2\/media?parent=5850"}],"wp:term":[{"taxonomy":"category","embeddable":true,"href":"https:\/\/justicapotiguar.com.br\/index.php\/wp-json\/wp\/v2\/categories?post=5850"},{"taxonomy":"post_tag","embeddable":true,"href":"https:\/\/justicapotiguar.com.br\/index.php\/wp-json\/wp\/v2\/tags?post=5850"}],"curies":[{"name":"wp","href":"https:\/\/api.w.org\/{rel}","templated":true}]}}