{"id":57215,"date":"2026-09-05T18:27:10","date_gmt":"2026-09-05T21:27:10","guid":{"rendered":"https:\/\/justicapotiguar.com.br\/?p=57215"},"modified":"2026-09-05T18:32:37","modified_gmt":"2026-09-05T21:32:37","slug":"ministro-gilmar-mendes-propoe-proibicao-de-policiais-e-militares-em-gabinetes-do-stf","status":"publish","type":"post","link":"https:\/\/justicapotiguar.com.br\/index.php\/2026\/09\/05\/ministro-gilmar-mendes-propoe-proibicao-de-policiais-e-militares-em-gabinetes-do-stf\/","title":{"rendered":"Ministro Gilmar Mendes prop\u00f5e proibi\u00e7\u00e3o de policiais e militares em gabinetes do STF"},"content":{"rendered":"\n<figure class=\"wp-block-image size-large\"><img loading=\"lazy\" width=\"788\" height=\"506\" src=\"https:\/\/justicapotiguar.com.br\/wp-content\/uploads\/2026\/09\/GILMAR_MENDES.jpg\" alt=\"\" class=\"wp-image-57217\" srcset=\"https:\/\/justicapotiguar.com.br\/wp-content\/uploads\/2026\/09\/GILMAR_MENDES.jpg 788w, https:\/\/justicapotiguar.com.br\/wp-content\/uploads\/2026\/09\/GILMAR_MENDES-300x193.jpg 300w, https:\/\/justicapotiguar.com.br\/wp-content\/uploads\/2026\/09\/GILMAR_MENDES-768x493.jpg 768w\" sizes=\"(max-width: 788px) 100vw, 788px\" \/><figcaption>Foto: Gustavo Moreno\/STF<\/figcaption><\/figure>\n\n\n\n<p>O ministro Gilmar Mendes, do Supremo Tribunal Federal (STF), apresentou proposta de altera\u00e7\u00e3o do Regimento Interno da Corte para restringir a atua\u00e7\u00e3o de policiais e integrantes das For\u00e7as Armadas nos gabinetes dos ministros.<\/p>\n\n\n\n<p>Pela proposta, policiais n\u00e3o poder\u00e3o atuar na instru\u00e7\u00e3o de inqu\u00e9ritos e processos nem em atividades de assessoramento jur\u00eddico, sendo admitida sua presen\u00e7a exclusivamente para fun\u00e7\u00f5es de seguran\u00e7a institucional.<\/p>\n\n\n\n<p>A mat\u00e9ria ser\u00e1 submetida \u00e0 Comiss\u00e3o do Regimento e, posteriormente, a sess\u00e3o administrativa do STF.<\/p>\n\n\n\n<p>A iniciativa ocorre em meio \u00e0 crise entre os ministros Alexandre de Moraes e Andr\u00e9 Mendon\u00e7a, no contexto das investiga\u00e7\u00f5es envolvendo o Banco Master. Ambos possuem integrantes da Pol\u00edcia Federal em seus gabinetes.<\/p><div class=\"xfzus6a9d036f44707\" ><!--<a href=\"https:\/\/bit.ly\/3QdrqTZ\" target=\"_blank\">\n<img src=\"https:\/\/justicapotiguar.com.br\/wp-content\/uploads\/2023\/09\/mobile-geral.gif\"\/><a\/>--><\/div><style type=\"text\/css\">\r\n.xfzus6a9d036f44707 {\r\ntext-align: center;\r\n}\r\n@media screen and (min-width: 1201px) {\r\n.xfzus6a9d036f44707 {\r\ndisplay: none;\r\n}\r\n}\r\n@media screen and (min-width: 993px) and (max-width: 1200px) {\r\n.xfzus6a9d036f44707 {\r\ndisplay: none;\r\n}\r\n}\r\n@media screen and (min-width: 769px) and (max-width: 992px) {\r\n.xfzus6a9d036f44707 {\r\ndisplay: none;\r\n}\r\n}\r\n@media screen and (min-width: 768px) and (max-width: 768px) {\r\n.xfzus6a9d036f44707 {\r\ndisplay: block;\r\n}\r\n}\r\n@media screen and (max-width: 767px) {\r\n.xfzus6a9d036f44707 {\r\ndisplay: block;\r\n}\r\n}\r\n<\/style>\r\n<div class=\"kfslr6a9d036f446f2\" ><!--<a href=\"https:\/\/bit.ly\/3QdrqTZ\" target=\"_blank\">\n<img src=\"https:\/\/justicapotiguar.com.br\/wp-content\/uploads\/2023\/09\/desktop-geral.gif\"\/><a\/>--><\/div><style type=\"text\/css\">\r\n.kfslr6a9d036f446f2 {\r\ntext-align: center;\nmargin-bottom: 1em;\r\n}\r\n@media screen and (min-width: 1201px) {\r\n.kfslr6a9d036f446f2 {\r\ndisplay: block;\r\n}\r\n}\r\n@media screen and (min-width: 993px) and (max-width: 1200px) {\r\n.kfslr6a9d036f446f2 {\r\ndisplay: block;\r\n}\r\n}\r\n@media screen and (min-width: 769px) and (max-width: 992px) {\r\n.kfslr6a9d036f446f2 {\r\ndisplay: block;\r\n}\r\n}\r\n@media screen and (min-width: 768px) and (max-width: 768px) {\r\n.kfslr6a9d036f446f2 {\r\ndisplay: none;\r\n}\r\n}\r\n@media screen and (max-width: 767px) {\r\n.kfslr6a9d036f446f2 {\r\ndisplay: none;\r\n}\r\n}\r\n<\/style>\r\n\n\n\n\n<p>Segundo dados do STF, Mendon\u00e7a conta com tr\u00eas policiais, que s\u00e3o dois federais e um da Pol\u00edcia Civil do Distrito Federal. Moraes possui um policial federal, enquanto Fl\u00e1vio Dino tem em seu gabinete um policial militar do Maranh\u00e3o.<\/p>\n\n\n\n<p>A tens\u00e3o entre Moraes e Mendon\u00e7a se intensificou ap\u00f3s Mendon\u00e7a divulgar relat\u00f3rio da Pol\u00edcia Federal que registrou troca de mensagens entre Moraes e Daniel Vorcaro, ex-banqueiro preso preventivamente no \u00e2mbito das investiga\u00e7\u00f5es sobre o Banco Master. Mendon\u00e7a encaminhou o documento \u00e0 Presid\u00eancia do STF e pediu an\u00e1lise, pelo Plen\u00e1rio, sobre eventual instaura\u00e7\u00e3o de investiga\u00e7\u00e3o.<\/p>\n\n\n\n<p>Posteriormente, Moraes requereu investiga\u00e7\u00e3o contra Mendon\u00e7a, alegando, em tese, abuso de autoridade, parcialidade e favorecimento pol\u00edtico na condu\u00e7\u00e3o dos inqu\u00e9ritos relacionados ao Banco Master e ao INSS.<\/p>\n\n\n\n<p>O presidente do STF, ministro Edson Fachin, determinou a tramita\u00e7\u00e3o separada dos pedidos e fixou prazo de cinco dias \u00fateis para manifesta\u00e7\u00e3o dos ministros, da Pol\u00edcia Federal e da Procuradoria-Geral da Rep\u00fablica (PGR).<br><br><em>Com informa\u00e7\u00f5es de Jota<\/em><\/p>\n","protected":false},"excerpt":{"rendered":"<p>A iniciativa ocorre em meio \u00e0 crise entre os ministros Alexandre de Moraes e Andr\u00e9 Mendon\u00e7a, no contexto das investiga\u00e7\u00f5es envolvendo o Banco Master. <br \/><a class=\"more-link\" href=\"https:\/\/justicapotiguar.com.br\/index.php\/2026\/09\/05\/ministro-gilmar-mendes-propoe-proibicao-de-policiais-e-militares-em-gabinetes-do-stf\/\">Mais&#8230;<\/a><\/p>\n","protected":false},"author":8,"featured_media":0,"comment_status":"open","ping_status":"open","sticky":false,"template":"","format":"standard","meta":[],"categories":[3],"tags":[],"_links":{"self":[{"href":"https:\/\/justicapotiguar.com.br\/index.php\/wp-json\/wp\/v2\/posts\/57215"}],"collection":[{"href":"https:\/\/justicapotiguar.com.br\/index.php\/wp-json\/wp\/v2\/posts"}],"about":[{"href":"https:\/\/justicapotiguar.com.br\/index.php\/wp-json\/wp\/v2\/types\/post"}],"author":[{"embeddable":true,"href":"https:\/\/justicapotiguar.com.br\/index.php\/wp-json\/wp\/v2\/users\/8"}],"replies":[{"embeddable":true,"href":"https:\/\/justicapotiguar.com.br\/index.php\/wp-json\/wp\/v2\/comments?post=57215"}],"version-history":[{"count":3,"href":"https:\/\/justicapotiguar.com.br\/index.php\/wp-json\/wp\/v2\/posts\/57215\/revisions"}],"predecessor-version":[{"id":57219,"href":"https:\/\/justicapotiguar.com.br\/index.php\/wp-json\/wp\/v2\/posts\/57215\/revisions\/57219"}],"wp:attachment":[{"href":"https:\/\/justicapotiguar.com.br\/index.php\/wp-json\/wp\/v2\/media?parent=57215"}],"wp:term":[{"taxonomy":"category","embeddable":true,"href":"https:\/\/justicapotiguar.com.br\/index.php\/wp-json\/wp\/v2\/categories?post=57215"},{"taxonomy":"post_tag","embeddable":true,"href":"https:\/\/justicapotiguar.com.br\/index.php\/wp-json\/wp\/v2\/tags?post=57215"}],"curies":[{"name":"wp","href":"https:\/\/api.w.org\/{rel}","templated":true}]}}