{"id":57208,"date":"2026-09-05T11:21:28","date_gmt":"2026-09-05T14:21:28","guid":{"rendered":"https:\/\/justicapotiguar.com.br\/?p=57208"},"modified":"2026-09-05T11:27:06","modified_gmt":"2026-09-05T14:27:06","slug":"justica-do-rn-manda-liberar-mercadorias-retidas-como-meio-de-cobranca-de-icms","status":"publish","type":"post","link":"https:\/\/justicapotiguar.com.br\/index.php\/2026\/09\/05\/justica-do-rn-manda-liberar-mercadorias-retidas-como-meio-de-cobranca-de-icms\/","title":{"rendered":"Justi\u00e7a do RN manda liberar mercadorias retidas pela SET como meio de cobran\u00e7a de ICMS"},"content":{"rendered":"\n<figure class=\"wp-block-image size-large\"><img loading=\"lazy\" width=\"1024\" height=\"710\" src=\"https:\/\/justicapotiguar.com.br\/wp-content\/uploads\/2026\/09\/concurso_sefaz_rn-1024x710.jpg\" alt=\"\" class=\"wp-image-57211\" srcset=\"https:\/\/justicapotiguar.com.br\/wp-content\/uploads\/2026\/09\/concurso_sefaz_rn-1024x710.jpg 1024w, https:\/\/justicapotiguar.com.br\/wp-content\/uploads\/2026\/09\/concurso_sefaz_rn-300x208.jpg 300w, https:\/\/justicapotiguar.com.br\/wp-content\/uploads\/2026\/09\/concurso_sefaz_rn-768x532.jpg 768w, https:\/\/justicapotiguar.com.br\/wp-content\/uploads\/2026\/09\/concurso_sefaz_rn.jpg 1203w\" sizes=\"(max-width: 1024px) 100vw, 1024px\" \/><figcaption>Cr\u00e9dito: Reprodu\u00e7\u00e3o<\/figcaption><\/figure>\n\n\n\n<p>A 1\u00aa Vara de Execu\u00e7\u00e3o Fiscal e Tribut\u00e1ria de Natal concedeu liminar para determinar a libera\u00e7\u00e3o imediata de mercadorias retidas pela Secretaria de Estado da Tributa\u00e7\u00e3o do Rio Grande do Norte (SET\/RN), que havia condicionado a entrega dos produtos ao pagamento de R$ 6.476,02 em ICMS. A decis\u00e3o foi proferida pela ju\u00edza Francimar Dias Ara\u00fajo da Silva em mandado de seguran\u00e7a.<\/p>\n\n\n\n<p>Segundo os autos, as mercadorias foram enviadas de S\u00e3o Paulo ao Rio Grande do Norte exclusivamente para exposi\u00e7\u00e3o em uma feira e deveriam retornar ao estabelecimento de origem. <\/p>\n\n\n\n<p>A empresa sustentou que a opera\u00e7\u00e3o n\u00e3o envolveu venda, transfer\u00eancia de propriedade, consigna\u00e7\u00e3o ou entrega definitiva dos produtos.<\/p>\n\n\n\n<p>Embora a Lei Estadual n\u00ba 6.968\/1996 e o Regulamento do ICMS, aprovado pelo Decreto n\u00ba 13.640\/1997, autorizem a apreens\u00e3o em determinadas situa\u00e7\u00f5es, a magistrada ressaltou que a medida deve se limitar ao per\u00edodo necess\u00e1rio \u00e0 identifica\u00e7\u00e3o do contribuinte e \u00e0 apura\u00e7\u00e3o de eventual infra\u00e7\u00e3o tribut\u00e1ria.<\/p><div class=\"hgenn6a9d06842afa2\" ><!--<a href=\"https:\/\/bit.ly\/3QdrqTZ\" target=\"_blank\">\n<img src=\"https:\/\/justicapotiguar.com.br\/wp-content\/uploads\/2023\/09\/mobile-geral.gif\"\/><a\/>--><\/div><style type=\"text\/css\">\r\n.hgenn6a9d06842afa2 {\r\ntext-align: center;\r\n}\r\n@media screen and (min-width: 1201px) {\r\n.hgenn6a9d06842afa2 {\r\ndisplay: none;\r\n}\r\n}\r\n@media screen and (min-width: 993px) and (max-width: 1200px) {\r\n.hgenn6a9d06842afa2 {\r\ndisplay: none;\r\n}\r\n}\r\n@media screen and (min-width: 769px) and (max-width: 992px) {\r\n.hgenn6a9d06842afa2 {\r\ndisplay: none;\r\n}\r\n}\r\n@media screen and (min-width: 768px) and (max-width: 768px) {\r\n.hgenn6a9d06842afa2 {\r\ndisplay: block;\r\n}\r\n}\r\n@media screen and (max-width: 767px) {\r\n.hgenn6a9d06842afa2 {\r\ndisplay: block;\r\n}\r\n}\r\n<\/style>\r\n<div class=\"mfqax6a9d06842af82\" ><!--<a href=\"https:\/\/bit.ly\/3QdrqTZ\" target=\"_blank\">\n<img src=\"https:\/\/justicapotiguar.com.br\/wp-content\/uploads\/2023\/09\/desktop-geral.gif\"\/><a\/>--><\/div><style type=\"text\/css\">\r\n.mfqax6a9d06842af82 {\r\ntext-align: center;\nmargin-bottom: 1em;\r\n}\r\n@media screen and (min-width: 1201px) {\r\n.mfqax6a9d06842af82 {\r\ndisplay: block;\r\n}\r\n}\r\n@media screen and (min-width: 993px) and (max-width: 1200px) {\r\n.mfqax6a9d06842af82 {\r\ndisplay: block;\r\n}\r\n}\r\n@media screen and (min-width: 769px) and (max-width: 992px) {\r\n.mfqax6a9d06842af82 {\r\ndisplay: block;\r\n}\r\n}\r\n@media screen and (min-width: 768px) and (max-width: 768px) {\r\n.mfqax6a9d06842af82 {\r\ndisplay: none;\r\n}\r\n}\r\n@media screen and (max-width: 767px) {\r\n.mfqax6a9d06842af82 {\r\ndisplay: none;\r\n}\r\n}\r\n<\/style>\r\n\n\n\n\n<p>Para a ju\u00edza, ap\u00f3s a lavratura do auto de infra\u00e7\u00e3o, a Administra\u00e7\u00e3o Tribut\u00e1ria deve utilizar os instrumentos legais pr\u00f3prios para cobrar eventual d\u00e9bito. A manuten\u00e7\u00e3o da apreens\u00e3o com a finalidade de for\u00e7ar o pagamento do tributo configura medida coercitiva abusiva e compromete o livre exerc\u00edcio da atividade empresarial.<\/p>\n\n\n\n<p>A decis\u00e3o aplicou a S\u00famula 323 do Supremo Tribunal Federal, segundo a qual \u201c\u00e9 inadmiss\u00edvel a apreens\u00e3o de mercadorias como meio coercitivo para pagamento de tributos\u201d, al\u00e9m de precedentes do Tribunal de Justi\u00e7a do Rio Grande do Norte.<\/p>\n\n\n\n<p><em>Com informa\u00e7\u00f5es do TJRN<\/em><\/p>\n","protected":false},"excerpt":{"rendered":"<p>A empresa sustentou que a opera\u00e7\u00e3o n\u00e3o envolveu venda, transfer\u00eancia de propriedade, consigna\u00e7\u00e3o ou entrega definitiva dos produtos.<br \/><a class=\"more-link\" href=\"https:\/\/justicapotiguar.com.br\/index.php\/2026\/09\/05\/justica-do-rn-manda-liberar-mercadorias-retidas-como-meio-de-cobranca-de-icms\/\">Mais&#8230;<\/a><\/p>\n","protected":false},"author":8,"featured_media":0,"comment_status":"open","ping_status":"open","sticky":false,"template":"","format":"standard","meta":[],"categories":[3],"tags":[],"_links":{"self":[{"href":"https:\/\/justicapotiguar.com.br\/index.php\/wp-json\/wp\/v2\/posts\/57208"}],"collection":[{"href":"https:\/\/justicapotiguar.com.br\/index.php\/wp-json\/wp\/v2\/posts"}],"about":[{"href":"https:\/\/justicapotiguar.com.br\/index.php\/wp-json\/wp\/v2\/types\/post"}],"author":[{"embeddable":true,"href":"https:\/\/justicapotiguar.com.br\/index.php\/wp-json\/wp\/v2\/users\/8"}],"replies":[{"embeddable":true,"href":"https:\/\/justicapotiguar.com.br\/index.php\/wp-json\/wp\/v2\/comments?post=57208"}],"version-history":[{"count":4,"href":"https:\/\/justicapotiguar.com.br\/index.php\/wp-json\/wp\/v2\/posts\/57208\/revisions"}],"predecessor-version":[{"id":57214,"href":"https:\/\/justicapotiguar.com.br\/index.php\/wp-json\/wp\/v2\/posts\/57208\/revisions\/57214"}],"wp:attachment":[{"href":"https:\/\/justicapotiguar.com.br\/index.php\/wp-json\/wp\/v2\/media?parent=57208"}],"wp:term":[{"taxonomy":"category","embeddable":true,"href":"https:\/\/justicapotiguar.com.br\/index.php\/wp-json\/wp\/v2\/categories?post=57208"},{"taxonomy":"post_tag","embeddable":true,"href":"https:\/\/justicapotiguar.com.br\/index.php\/wp-json\/wp\/v2\/tags?post=57208"}],"curies":[{"name":"wp","href":"https:\/\/api.w.org\/{rel}","templated":true}]}}