{"id":57200,"date":"2026-09-05T07:41:42","date_gmt":"2026-09-05T10:41:42","guid":{"rendered":"https:\/\/justicapotiguar.com.br\/?p=57200"},"modified":"2026-09-05T07:56:59","modified_gmt":"2026-09-05T10:56:59","slug":"stj-libera-uso-do-enamed-2025-para-avaliacao-e-supervisao-de-cursos-de-medicina","status":"publish","type":"post","link":"https:\/\/justicapotiguar.com.br\/index.php\/2026\/09\/05\/stj-libera-uso-do-enamed-2025-para-avaliacao-e-supervisao-de-cursos-de-medicina\/","title":{"rendered":"STJ libera uso do Enamed 2025 para avalia\u00e7\u00e3o e supervis\u00e3o de cursos de Medicina"},"content":{"rendered":"\n<figure class=\"wp-block-image size-large\"><img loading=\"lazy\" width=\"680\" height=\"436\" src=\"https:\/\/justicapotiguar.com.br\/wp-content\/uploads\/2026\/09\/estudante_medicina.jpg\" alt=\"\" class=\"wp-image-57202\" srcset=\"https:\/\/justicapotiguar.com.br\/wp-content\/uploads\/2026\/09\/estudante_medicina.jpg 680w, https:\/\/justicapotiguar.com.br\/wp-content\/uploads\/2026\/09\/estudante_medicina-300x192.jpg 300w\" sizes=\"(max-width: 680px) 100vw, 680px\" \/><figcaption>Cr\u00e9dito: Reprodu\u00e7\u00e3o<\/figcaption><\/figure>\n\n\n\n<p>O ministro Herman Benjamin, do Superior Tribunal de Justi\u00e7a (STJ), autorizou o Minist\u00e9rio da Educa\u00e7\u00e3o (MEC) e o Inep a utilizarem os resultados do Enamed 2025 na avalia\u00e7\u00e3o, regula\u00e7\u00e3o e supervis\u00e3o dos cursos de Medicina.<\/p>\n\n\n\n<p>A decis\u00e3o suspendeu medida do Tribunal Regional Federal da 1\u00aa Regi\u00e3o (TRF1) que havia impedido o uso dos resultados at\u00e9 o julgamento de recurso apresentado por entidades representativas de institui\u00e7\u00f5es de ensino superior.<\/p>\n\n\n\n<p>Segundo Herman Benjamin, impedir a atua\u00e7\u00e3o do MEC diante de cursos com desempenho insatisfat\u00f3rio representa risco de grave les\u00e3o \u00e0 ordem administrativa, \u00e0 sa\u00fade e \u00e0 economia p\u00fablicas. O ministro destacou que as medidas adotadas pelo Poder P\u00fablico s\u00e3o graduais, tempor\u00e1rias e destinadas a preservar a qualidade da forma\u00e7\u00e3o m\u00e9dica.<\/p>\n\n\n\n<p>A controv\u00e9rsia teve in\u00edcio em a\u00e7\u00e3o civil p\u00fablica ajuizada pela Associa\u00e7\u00e3o Brasileira de Mantenedoras de Ensino Superior (ABMES) e pela Associa\u00e7\u00e3o Brasileira de Mantenedoras das Faculdades (Abrafi) contra a Uni\u00e3o e o Inep. As entidades pediram a nulidade do Enamed 2025 e a proibi\u00e7\u00e3o do uso dos resultados para fins regulat\u00f3rios, sancionat\u00f3rios ou de supervis\u00e3o.<\/p>\n\n\n\n<p>Entre os argumentos, sustentaram que a metodologia de c\u00e1lculo, a nota de corte e a forma de consolida\u00e7\u00e3o dos resultados por institui\u00e7\u00e3o teriam sido definidas somente ap\u00f3s a aplica\u00e7\u00e3o da prova.<\/p>\n\n\n\n<p>Em primeira inst\u00e2ncia, por\u00e9m, a a\u00e7\u00e3o foi julgada improcedente. O ju\u00edzo considerou que o exame possui amparo legal e que a divulga\u00e7\u00e3o posterior das notas t\u00e9cnicas do Inep j\u00e1 estava prevista em atos normativos anteriores, al\u00e9m de reconhecer respaldo jur\u00eddico para o uso dos resultados em processos de supervis\u00e3o.<\/p>\n\n\n\n<p>As associa\u00e7\u00f5es recorreram, e a presid\u00eancia do TRF1 concedeu tutela antecipada para impedir o MEC e o Inep de utilizarem os dados do Enamed at\u00e9 o julgamento da apela\u00e7\u00e3o.<\/p><div class=\"tsfxg6a9d09b538fde\" ><!--<a href=\"https:\/\/bit.ly\/3QdrqTZ\" target=\"_blank\">\n<img src=\"https:\/\/justicapotiguar.com.br\/wp-content\/uploads\/2023\/09\/mobile-geral.gif\"\/><a\/>--><\/div><style type=\"text\/css\">\r\n.tsfxg6a9d09b538fde {\r\ntext-align: center;\r\n}\r\n@media screen and (min-width: 1201px) {\r\n.tsfxg6a9d09b538fde {\r\ndisplay: none;\r\n}\r\n}\r\n@media screen and (min-width: 993px) and (max-width: 1200px) {\r\n.tsfxg6a9d09b538fde {\r\ndisplay: none;\r\n}\r\n}\r\n@media screen and (min-width: 769px) and (max-width: 992px) {\r\n.tsfxg6a9d09b538fde {\r\ndisplay: none;\r\n}\r\n}\r\n@media screen and (min-width: 768px) and (max-width: 768px) {\r\n.tsfxg6a9d09b538fde {\r\ndisplay: block;\r\n}\r\n}\r\n@media screen and (max-width: 767px) {\r\n.tsfxg6a9d09b538fde {\r\ndisplay: block;\r\n}\r\n}\r\n<\/style>\r\n<div class=\"tizmx6a9d09b538fca\" ><!--<a href=\"https:\/\/bit.ly\/3QdrqTZ\" target=\"_blank\">\n<img src=\"https:\/\/justicapotiguar.com.br\/wp-content\/uploads\/2023\/09\/desktop-geral.gif\"\/><a\/>--><\/div><style type=\"text\/css\">\r\n.tizmx6a9d09b538fca {\r\ntext-align: center;\nmargin-bottom: 1em;\r\n}\r\n@media screen and (min-width: 1201px) {\r\n.tizmx6a9d09b538fca {\r\ndisplay: block;\r\n}\r\n}\r\n@media screen and (min-width: 993px) and (max-width: 1200px) {\r\n.tizmx6a9d09b538fca {\r\ndisplay: block;\r\n}\r\n}\r\n@media screen and (min-width: 769px) and (max-width: 992px) {\r\n.tizmx6a9d09b538fca {\r\ndisplay: block;\r\n}\r\n}\r\n@media screen and (min-width: 768px) and (max-width: 768px) {\r\n.tizmx6a9d09b538fca {\r\ndisplay: none;\r\n}\r\n}\r\n@media screen and (max-width: 767px) {\r\n.tizmx6a9d09b538fca {\r\ndisplay: none;\r\n}\r\n}\r\n<\/style>\r\n\n\n\n\n<p>A Uni\u00e3o, ent\u00e3o, recorreu ao STJ. Sustentou que a decis\u00e3o comprometia a fiscaliza\u00e7\u00e3o dos cursos de Medicina com desempenho insatisfat\u00f3rio. De acordo com os dados apresentados, dos 350 cursos avaliados, 107 receberam conceitos 1 ou 2.<\/p>\n\n\n\n<p>As medidas cautelares adotadas pelo MEC atingiram 1.892 vagas de 50 institui\u00e7\u00f5es, preservando estudantes j\u00e1 aprovados para ingresso no primeiro semestre de 2026, al\u00e9m de benefici\u00e1rios do Fies e do Prouni.<\/p>\n\n\n\n<p>Ao decidir, Herman Benjamin destacou a rela\u00e7\u00e3o direta entre a qualidade da forma\u00e7\u00e3o m\u00e9dica e a prote\u00e7\u00e3o da sa\u00fade p\u00fablica. Segundo o ministro, aproximadamente um ter\u00e7o dos concluintes avaliados n\u00e3o alcan\u00e7ou o n\u00edvel m\u00ednimo de profici\u00eancia considerado esperado para um m\u00e9dico rec\u00e9m-formado.<\/p>\n\n\n\n<p>Para o magistrado, suspender a supervis\u00e3o poderia gerar efeitos de dif\u00edcil revers\u00e3o, permitindo o ingresso de novos alunos em cursos nos quais o Poder P\u00fablico identificou defici\u00eancias.<\/p>\n\n\n\n<p>O ministro tamb\u00e9m apontou poss\u00edvel impacto econ\u00f4mico, uma vez que o Fies \u00e9 destinado a cursos com avalia\u00e7\u00e3o positiva e a legisla\u00e7\u00e3o do Prouni prev\u00ea a desvincula\u00e7\u00e3o de cursos com desempenho insuficiente.<\/p>\n\n\n\n<p>A decis\u00e3o permanecer\u00e1 v\u00e1lida at\u00e9 o julgamento da apela\u00e7\u00e3o pelo \u00f3rg\u00e3o colegiado competente.<br><br><em>Com informa\u00e7\u00f5es de Migalhas<\/em><\/p>\n","protected":false},"excerpt":{"rendered":"<p>Para o magistrado, suspender a supervis\u00e3o poderia gerar efeitos de dif\u00edcil revers\u00e3o, permitindo o ingresso de novos alunos em cursos nos quais o Poder P\u00fablico identificou defici\u00eancias.<br \/><a class=\"more-link\" href=\"https:\/\/justicapotiguar.com.br\/index.php\/2026\/09\/05\/stj-libera-uso-do-enamed-2025-para-avaliacao-e-supervisao-de-cursos-de-medicina\/\">Mais&#8230;<\/a><\/p>\n","protected":false},"author":8,"featured_media":0,"comment_status":"open","ping_status":"open","sticky":false,"template":"","format":"standard","meta":[],"categories":[3],"tags":[],"_links":{"self":[{"href":"https:\/\/justicapotiguar.com.br\/index.php\/wp-json\/wp\/v2\/posts\/57200"}],"collection":[{"href":"https:\/\/justicapotiguar.com.br\/index.php\/wp-json\/wp\/v2\/posts"}],"about":[{"href":"https:\/\/justicapotiguar.com.br\/index.php\/wp-json\/wp\/v2\/types\/post"}],"author":[{"embeddable":true,"href":"https:\/\/justicapotiguar.com.br\/index.php\/wp-json\/wp\/v2\/users\/8"}],"replies":[{"embeddable":true,"href":"https:\/\/justicapotiguar.com.br\/index.php\/wp-json\/wp\/v2\/comments?post=57200"}],"version-history":[{"count":3,"href":"https:\/\/justicapotiguar.com.br\/index.php\/wp-json\/wp\/v2\/posts\/57200\/revisions"}],"predecessor-version":[{"id":57207,"href":"https:\/\/justicapotiguar.com.br\/index.php\/wp-json\/wp\/v2\/posts\/57200\/revisions\/57207"}],"wp:attachment":[{"href":"https:\/\/justicapotiguar.com.br\/index.php\/wp-json\/wp\/v2\/media?parent=57200"}],"wp:term":[{"taxonomy":"category","embeddable":true,"href":"https:\/\/justicapotiguar.com.br\/index.php\/wp-json\/wp\/v2\/categories?post=57200"},{"taxonomy":"post_tag","embeddable":true,"href":"https:\/\/justicapotiguar.com.br\/index.php\/wp-json\/wp\/v2\/tags?post=57200"}],"curies":[{"name":"wp","href":"https:\/\/api.w.org\/{rel}","templated":true}]}}