{"id":57197,"date":"2026-09-04T21:18:06","date_gmt":"2026-09-05T00:18:06","guid":{"rendered":"https:\/\/justicapotiguar.com.br\/?p=57197"},"modified":"2026-09-04T21:18:27","modified_gmt":"2026-09-05T00:18:27","slug":"andre-mendonca-divulga-video-no-meio-da-crise-das-mensagens-de-vorcaro-e-moraes-no-stf","status":"publish","type":"post","link":"https:\/\/justicapotiguar.com.br\/index.php\/2026\/09\/04\/andre-mendonca-divulga-video-no-meio-da-crise-das-mensagens-de-vorcaro-e-moraes-no-stf\/","title":{"rendered":"Andr\u00e9 Mendon\u00e7a divulga v\u00eddeo no meio da crise das mensagens de Vorcaro e Moraes no STF"},"content":{"rendered":"\n<p>O ministro Andr\u00e9 Mendon\u00e7a, do Supremo Tribunal Federal (STF), enviou, nesta sexta-feira (4), um v\u00eddeo a lideran\u00e7as religiosas para agradecer as manifesta\u00e7\u00f5es de apoio, solidariedade e ora\u00e7\u00f5es recebidas em raz\u00e3o de sua atua\u00e7\u00e3o na Corte.<\/p>\n\n\n\n<p>Na mensagem, Mendon\u00e7a afirmou que as ora\u00e7\u00f5es t\u00eam sido fundamentais para sustent\u00e1-lo e tamb\u00e9m para dar suporte \u00e0 sua fam\u00edlia. O ministro tamb\u00e9m agradeceu a generosidade dos apoiadores e pediu b\u00ean\u00e7\u00e3os para o pa\u00eds.<\/p>\n\n\n\n<p>\u201cMeus irm\u00e3os e minhas irm\u00e3s, minha palavra se dirige a voc\u00eas essencialmente para agradecer tantas mensagens de ora\u00e7\u00e3o e de carinho. Estejam certos que suas preces a Deus t\u00eam sido fundamentais para me sustentar e sustentar a minha fam\u00edlia. Eu louvo a Deus por sua vida. Grato pela generosidade e solidariedade que tenho recebido. Que Deus os aben\u00e7oe e que Deus aben\u00e7oe o nosso pa\u00eds\u201d, afirmou.<\/p>\n\n\n\n<p>A manifesta\u00e7\u00e3o ocorre em meio a um crescente embate institucional envolvendo Mendon\u00e7a e o ministro Alexandre de Moraes, no \u00e2mbito do STF. A tens\u00e3o se intensificou ap\u00f3s Mendon\u00e7a encaminhar ao presidente da Corte, ministro Edson Fachin, um relat\u00f3rio produzido pela Pol\u00edcia Federal relacionado ao caso Master, que, segundo informa\u00e7\u00f5es apresentadas no documento, conteria elementos potencialmente comprometedores.<\/p><div class=\"ojlos6a9b96dc81f81\" ><!--<a href=\"https:\/\/bit.ly\/3QdrqTZ\" target=\"_blank\">\n<img src=\"https:\/\/justicapotiguar.com.br\/wp-content\/uploads\/2023\/09\/mobile-geral.gif\"\/><a\/>--><\/div><style type=\"text\/css\">\r\n.ojlos6a9b96dc81f81 {\r\ntext-align: center;\r\n}\r\n@media screen and (min-width: 1201px) {\r\n.ojlos6a9b96dc81f81 {\r\ndisplay: none;\r\n}\r\n}\r\n@media screen and (min-width: 993px) and (max-width: 1200px) {\r\n.ojlos6a9b96dc81f81 {\r\ndisplay: none;\r\n}\r\n}\r\n@media screen and (min-width: 769px) and (max-width: 992px) {\r\n.ojlos6a9b96dc81f81 {\r\ndisplay: none;\r\n}\r\n}\r\n@media screen and (min-width: 768px) and (max-width: 768px) {\r\n.ojlos6a9b96dc81f81 {\r\ndisplay: block;\r\n}\r\n}\r\n@media screen and (max-width: 767px) {\r\n.ojlos6a9b96dc81f81 {\r\ndisplay: block;\r\n}\r\n}\r\n<\/style>\r\n<div class=\"qobgl6a9b96dc81f6c\" ><!--<a href=\"https:\/\/bit.ly\/3QdrqTZ\" target=\"_blank\">\n<img src=\"https:\/\/justicapotiguar.com.br\/wp-content\/uploads\/2023\/09\/desktop-geral.gif\"\/><a\/>--><\/div><style type=\"text\/css\">\r\n.qobgl6a9b96dc81f6c {\r\ntext-align: center;\nmargin-bottom: 1em;\r\n}\r\n@media screen and (min-width: 1201px) {\r\n.qobgl6a9b96dc81f6c {\r\ndisplay: block;\r\n}\r\n}\r\n@media screen and (min-width: 993px) and (max-width: 1200px) {\r\n.qobgl6a9b96dc81f6c {\r\ndisplay: block;\r\n}\r\n}\r\n@media screen and (min-width: 769px) and (max-width: 992px) {\r\n.qobgl6a9b96dc81f6c {\r\ndisplay: block;\r\n}\r\n}\r\n@media screen and (min-width: 768px) and (max-width: 768px) {\r\n.qobgl6a9b96dc81f6c {\r\ndisplay: none;\r\n}\r\n}\r\n@media screen and (max-width: 767px) {\r\n.qobgl6a9b96dc81f6c {\r\ndisplay: none;\r\n}\r\n}\r\n<\/style>\r\n\n\n\n\n<p>Na quinta-feira (3), Moraes determinou, no \u00e2mbito do inqu\u00e9rito das Fake News, o encaminhamento de outro relat\u00f3rio de intelig\u00eancia da Pol\u00edcia Federal ao presidente do Supremo. A medida foi interpretada nos meios jur\u00eddicos e pol\u00edticos como um novo epis\u00f3dio de acirramento da disputa interna na Corte.<\/p>\n\n\n\n<p>O documento teria sido apresentado como elemento relacionado a supostas irregularidades atribu\u00eddas a Mendon\u00e7a no exerc\u00edcio de suas fun\u00e7\u00f5es no Supremo. A Pol\u00edcia Federal, contudo, classifica o material como \u201csem valor probat\u00f3rio\u201d, por se tratar de um documento ap\u00f3crifo, sem data de elabora\u00e7\u00e3o e produzido para circula\u00e7\u00e3o e uso interno.<\/p>\n\n\n\n<p>O epis\u00f3dio ocorre em um contexto de crescente tens\u00e3o no STF, com manifesta\u00e7\u00f5es e medidas envolvendo integrantes da Corte e documentos de intelig\u00eancia da Pol\u00edcia Federal.<br><em><br>Com informa\u00e7\u00f5es da coluna Radar<\/em><\/p>\n","protected":false},"excerpt":{"rendered":"<p>Na mensagem, Mendon\u00e7a afirmou que as ora\u00e7\u00f5es t\u00eam sido fundamentais para sustent\u00e1-lo e tamb\u00e9m para dar suporte \u00e0 sua fam\u00edlia. <br \/><a class=\"more-link\" href=\"https:\/\/justicapotiguar.com.br\/index.php\/2026\/09\/04\/andre-mendonca-divulga-video-no-meio-da-crise-das-mensagens-de-vorcaro-e-moraes-no-stf\/\">Mais&#8230;<\/a><\/p>\n","protected":false},"author":8,"featured_media":0,"comment_status":"open","ping_status":"open","sticky":false,"template":"","format":"standard","meta":[],"categories":[3],"tags":[],"_links":{"self":[{"href":"https:\/\/justicapotiguar.com.br\/index.php\/wp-json\/wp\/v2\/posts\/57197"}],"collection":[{"href":"https:\/\/justicapotiguar.com.br\/index.php\/wp-json\/wp\/v2\/posts"}],"about":[{"href":"https:\/\/justicapotiguar.com.br\/index.php\/wp-json\/wp\/v2\/types\/post"}],"author":[{"embeddable":true,"href":"https:\/\/justicapotiguar.com.br\/index.php\/wp-json\/wp\/v2\/users\/8"}],"replies":[{"embeddable":true,"href":"https:\/\/justicapotiguar.com.br\/index.php\/wp-json\/wp\/v2\/comments?post=57197"}],"version-history":[{"count":1,"href":"https:\/\/justicapotiguar.com.br\/index.php\/wp-json\/wp\/v2\/posts\/57197\/revisions"}],"predecessor-version":[{"id":57198,"href":"https:\/\/justicapotiguar.com.br\/index.php\/wp-json\/wp\/v2\/posts\/57197\/revisions\/57198"}],"wp:attachment":[{"href":"https:\/\/justicapotiguar.com.br\/index.php\/wp-json\/wp\/v2\/media?parent=57197"}],"wp:term":[{"taxonomy":"category","embeddable":true,"href":"https:\/\/justicapotiguar.com.br\/index.php\/wp-json\/wp\/v2\/categories?post=57197"},{"taxonomy":"post_tag","embeddable":true,"href":"https:\/\/justicapotiguar.com.br\/index.php\/wp-json\/wp\/v2\/tags?post=57197"}],"curies":[{"name":"wp","href":"https:\/\/api.w.org\/{rel}","templated":true}]}}