{"id":57189,"date":"2026-09-04T15:37:34","date_gmt":"2026-09-04T18:37:34","guid":{"rendered":"https:\/\/justicapotiguar.com.br\/?p=57189"},"modified":"2026-09-04T15:40:51","modified_gmt":"2026-09-04T18:40:51","slug":"nova-lei-atualiza-custas-da-justica-federal-e-amplia-acesso-a-justica","status":"publish","type":"post","link":"https:\/\/justicapotiguar.com.br\/index.php\/2026\/09\/04\/nova-lei-atualiza-custas-da-justica-federal-e-amplia-acesso-a-justica\/","title":{"rendered":"Nova lei muda cobran\u00e7a de custas na Justi\u00e7a Federal e no Superior Tribunal de Justi\u00e7a"},"content":{"rendered":"\n<figure class=\"wp-block-image size-large\"><img loading=\"lazy\" width=\"708\" height=\"472\" src=\"https:\/\/justicapotiguar.com.br\/wp-content\/uploads\/2026\/09\/custas.jpg\" alt=\"\" class=\"wp-image-57193\" srcset=\"https:\/\/justicapotiguar.com.br\/wp-content\/uploads\/2026\/09\/custas.jpg 708w, https:\/\/justicapotiguar.com.br\/wp-content\/uploads\/2026\/09\/custas-300x200.jpg 300w\" sizes=\"(max-width: 708px) 100vw, 708px\" \/><figcaption>Cr\u00e9dito: Gustavo Lima\/STJ<\/figcaption><\/figure>\n\n\n\n<p>O presidente Luiz In\u00e1cio Lula da Silva sancionou nesta sexta-feira (4), em cerim\u00f4nia no Pal\u00e1cio do Planalto, a nova lei de custas da Justi\u00e7a Federal e do Superior Tribunal de Justi\u00e7a (STJ). O presidente do STJ, ministro Luis Felipe Salom\u00e3o, destacou que a legisla\u00e7\u00e3o atualiza um modelo vigente h\u00e1 mais de duas d\u00e9cadas e amplia o acesso \u00e0 Justi\u00e7a.<\/p>\n\n\n\n<p>Segundo Salom\u00e3o, as custas estavam congeladas desde 2001, fazendo com que processos de diferentes valores pagassem a mesma taxa. A nova regra estabelece cobran\u00e7a proporcional, com valores maiores para causas de maior valor, enquanto mant\u00e9m a gratuidade para pessoas vulner\u00e1veis.<\/p>\n\n\n\n<p>O ministro afirmou que os recursos arrecadados ser\u00e3o destinados \u00e0 moderniza\u00e7\u00e3o da Justi\u00e7a, incluindo justi\u00e7a itinerante, mutir\u00f5es previdenci\u00e1rios, varas no interior e amplia\u00e7\u00e3o da presen\u00e7a do Judici\u00e1rio na Amaz\u00f4nia, fronteiras e comunidades ind\u00edgenas e tradicionais.<\/p>\n\n\n\n<p>A proposta, criada no STJ h\u00e1 13 anos, foi constru\u00edda em conjunto pelo Judici\u00e1rio, Congresso e Executivo. A lei n\u00e3o cria despesas para a Uni\u00e3o nem prev\u00ea recursos do Tesouro, e os valores arrecadados n\u00e3o poder\u00e3o ser usados para despesas com pessoal.<\/p><div class=\"oqhsn6a9b96e08f334\" ><!--<a href=\"https:\/\/bit.ly\/3QdrqTZ\" target=\"_blank\">\n<img src=\"https:\/\/justicapotiguar.com.br\/wp-content\/uploads\/2023\/09\/mobile-geral.gif\"\/><a\/>--><\/div><style type=\"text\/css\">\r\n.oqhsn6a9b96e08f334 {\r\ntext-align: center;\r\n}\r\n@media screen and (min-width: 1201px) {\r\n.oqhsn6a9b96e08f334 {\r\ndisplay: none;\r\n}\r\n}\r\n@media screen and (min-width: 993px) and (max-width: 1200px) {\r\n.oqhsn6a9b96e08f334 {\r\ndisplay: none;\r\n}\r\n}\r\n@media screen and (min-width: 769px) and (max-width: 992px) {\r\n.oqhsn6a9b96e08f334 {\r\ndisplay: none;\r\n}\r\n}\r\n@media screen and (min-width: 768px) and (max-width: 768px) {\r\n.oqhsn6a9b96e08f334 {\r\ndisplay: block;\r\n}\r\n}\r\n@media screen and (max-width: 767px) {\r\n.oqhsn6a9b96e08f334 {\r\ndisplay: block;\r\n}\r\n}\r\n<\/style>\r\n<div class=\"jbhqm6a9b96e08f320\" ><!--<a href=\"https:\/\/bit.ly\/3QdrqTZ\" target=\"_blank\">\n<img src=\"https:\/\/justicapotiguar.com.br\/wp-content\/uploads\/2023\/09\/desktop-geral.gif\"\/><a\/>--><\/div><style type=\"text\/css\">\r\n.jbhqm6a9b96e08f320 {\r\ntext-align: center;\nmargin-bottom: 1em;\r\n}\r\n@media screen and (min-width: 1201px) {\r\n.jbhqm6a9b96e08f320 {\r\ndisplay: block;\r\n}\r\n}\r\n@media screen and (min-width: 993px) and (max-width: 1200px) {\r\n.jbhqm6a9b96e08f320 {\r\ndisplay: block;\r\n}\r\n}\r\n@media screen and (min-width: 769px) and (max-width: 992px) {\r\n.jbhqm6a9b96e08f320 {\r\ndisplay: block;\r\n}\r\n}\r\n@media screen and (min-width: 768px) and (max-width: 768px) {\r\n.jbhqm6a9b96e08f320 {\r\ndisplay: none;\r\n}\r\n}\r\n@media screen and (max-width: 767px) {\r\n.jbhqm6a9b96e08f320 {\r\ndisplay: none;\r\n}\r\n}\r\n<\/style>\r\n\n\n\n\n<p>A legisla\u00e7\u00e3o tamb\u00e9m cria o Fundo Especial da Justi\u00e7a Federal (Fejufe) e o Fundo Especial do STJ (FESTJ). Do total arrecadado, 20% ser\u00e3o destinados a outras institui\u00e7\u00f5es do sistema de Justi\u00e7a: 9% ao Minist\u00e9rio P\u00fablico da Uni\u00e3o, 6% ao Conselho Nacional de Justi\u00e7a (CNJ) e 5% \u00e0 Defensoria P\u00fablica da Uni\u00e3o (DPU).<\/p>\n\n\n\n<p>Para o presidente do Supremo Tribunal Federal (STF), ministro Edson Fachin, a san\u00e7\u00e3o representa um avan\u00e7o para aproximar a Justi\u00e7a de quem mais precisa. O procurador-geral da Rep\u00fablica, Paulo Gonet, destacou a converg\u00eancia entre os tr\u00eas Poderes na constru\u00e7\u00e3o da nova legisla\u00e7\u00e3o.<\/p>\n\n\n\n<p>A nova lei atualiza as normas que regulamentam as custas da Justi\u00e7a Federal e do STJ e cria mecanismos de governan\u00e7a, presta\u00e7\u00e3o de contas e fiscaliza\u00e7\u00e3o dos novos fundos.<br><br><em>Com informa\u00e7\u00f5es de Migalhas<\/em><\/p>\n","protected":false},"excerpt":{"rendered":"<p>A nova lei atualiza as normas que regulamentam as custas da Justi\u00e7a Federal e do STJ e cria mecanismos de governan\u00e7a, presta\u00e7\u00e3o de contas e fiscaliza\u00e7\u00e3o dos novos fundos.<br \/><a class=\"more-link\" href=\"https:\/\/justicapotiguar.com.br\/index.php\/2026\/09\/04\/nova-lei-atualiza-custas-da-justica-federal-e-amplia-acesso-a-justica\/\">Mais&#8230;<\/a><\/p>\n","protected":false},"author":8,"featured_media":0,"comment_status":"open","ping_status":"open","sticky":false,"template":"","format":"standard","meta":[],"categories":[3],"tags":[],"_links":{"self":[{"href":"https:\/\/justicapotiguar.com.br\/index.php\/wp-json\/wp\/v2\/posts\/57189"}],"collection":[{"href":"https:\/\/justicapotiguar.com.br\/index.php\/wp-json\/wp\/v2\/posts"}],"about":[{"href":"https:\/\/justicapotiguar.com.br\/index.php\/wp-json\/wp\/v2\/types\/post"}],"author":[{"embeddable":true,"href":"https:\/\/justicapotiguar.com.br\/index.php\/wp-json\/wp\/v2\/users\/8"}],"replies":[{"embeddable":true,"href":"https:\/\/justicapotiguar.com.br\/index.php\/wp-json\/wp\/v2\/comments?post=57189"}],"version-history":[{"count":5,"href":"https:\/\/justicapotiguar.com.br\/index.php\/wp-json\/wp\/v2\/posts\/57189\/revisions"}],"predecessor-version":[{"id":57196,"href":"https:\/\/justicapotiguar.com.br\/index.php\/wp-json\/wp\/v2\/posts\/57189\/revisions\/57196"}],"wp:attachment":[{"href":"https:\/\/justicapotiguar.com.br\/index.php\/wp-json\/wp\/v2\/media?parent=57189"}],"wp:term":[{"taxonomy":"category","embeddable":true,"href":"https:\/\/justicapotiguar.com.br\/index.php\/wp-json\/wp\/v2\/categories?post=57189"},{"taxonomy":"post_tag","embeddable":true,"href":"https:\/\/justicapotiguar.com.br\/index.php\/wp-json\/wp\/v2\/tags?post=57189"}],"curies":[{"name":"wp","href":"https:\/\/api.w.org\/{rel}","templated":true}]}}