{"id":57177,"date":"2026-09-03T21:40:26","date_gmt":"2026-09-04T00:40:26","guid":{"rendered":"https:\/\/justicapotiguar.com.br\/?p=57177"},"modified":"2026-09-03T21:51:49","modified_gmt":"2026-09-04T00:51:49","slug":"presas-provisorias-terao-secao-eleitoral-inedita-para-participar-das-eleicoes-no-rn","status":"publish","type":"post","link":"https:\/\/justicapotiguar.com.br\/index.php\/2026\/09\/03\/presas-provisorias-terao-secao-eleitoral-inedita-para-participar-das-eleicoes-no-rn\/","title":{"rendered":"Presas provis\u00f3rias ter\u00e3o se\u00e7\u00e3o eleitoral in\u00e9dita para participar das elei\u00e7\u00f5es no RN"},"content":{"rendered":"\n<figure class=\"wp-block-image size-large\"><img loading=\"lazy\" width=\"1024\" height=\"576\" src=\"https:\/\/justicapotiguar.com.br\/wp-content\/uploads\/2026\/09\/voto-1024x576.jpg\" alt=\"\" class=\"wp-image-57179\" srcset=\"https:\/\/justicapotiguar.com.br\/wp-content\/uploads\/2026\/09\/voto-1024x576.jpg 1024w, https:\/\/justicapotiguar.com.br\/wp-content\/uploads\/2026\/09\/voto-300x169.jpg 300w, https:\/\/justicapotiguar.com.br\/wp-content\/uploads\/2026\/09\/voto-768x432.jpg 768w, https:\/\/justicapotiguar.com.br\/wp-content\/uploads\/2026\/09\/voto.jpg 1200w\" sizes=\"(max-width: 1024px) 100vw, 1024px\" \/><figcaption>Cr\u00e9dito: Reprodu\u00e7\u00e3o<\/figcaption><\/figure>\n\n\n\n<p>A atua\u00e7\u00e3o conjunta da Presid\u00eancia do Tribunal Regional Eleitoral do Rio Grande do Norte (TRE-RN), da Corregedoria Regional Eleitoral, da Corregedoria-Geral da Justi\u00e7a Eleitoral (CGE) e da Secretaria de Estado da Administra\u00e7\u00e3o Penitenci\u00e1ria (SEAP\/RN) viabilizou a instala\u00e7\u00e3o in\u00e9dita de uma se\u00e7\u00e3o eleitoral para pessoas privadas de liberdade provisoriamente no Rio Grande do Norte.<\/p>\n\n\n\n<p>A se\u00e7\u00e3o funcionar\u00e1 no Centro de Deten\u00e7\u00e3o Provis\u00f3ria (CDP) Feminino, no bairro Potengi, Zona Norte de Natal, com 59 internas aptas a votar.<\/p>\n\n\n\n<p>A iniciativa decorre de articula\u00e7\u00e3o interinstitucional iniciada em 2025 para identifica\u00e7\u00e3o e documenta\u00e7\u00e3o civil de pessoas privadas de liberdade. Coordenado pelo Grupo de Monitoramento e Fiscaliza\u00e7\u00e3o do Tribunal de Justi\u00e7a do Rio Grande do Norte (GMF\/TJRN), em parceria com a SEAP\/RN, o trabalho re\u00fane TRE-RN, Instituto T\u00e9cnico-Cient\u00edfico de Per\u00edcia (ITEP\/RN), Receita Federal, Junta de Servi\u00e7o Militar e outros \u00f3rg\u00e3os.<\/p>\n\n\n\n<p>A articula\u00e7\u00e3o foi formalizada pela Portaria n\u00ba 07\/2025-TJRN, que instituiu o Grupo de Trabalho Interinstitucional sobre Documenta\u00e7\u00e3o Civil para Pessoas Privadas de Liberdade e Egressas do Sistema Carcer\u00e1rio (GTI). O grupo promove a\u00e7\u00f5es para assegurar o acesso \u00e0 documenta\u00e7\u00e3o civil, incluindo certid\u00e3o de nascimento, Carteira de Identidade Nacional (CIN), CPF, documenta\u00e7\u00e3o militar e t\u00edtulo de eleitor.<\/p><div class=\"lkbrd6a9a584228222\" ><!--<a href=\"https:\/\/bit.ly\/3QdrqTZ\" target=\"_blank\">\n<img src=\"https:\/\/justicapotiguar.com.br\/wp-content\/uploads\/2023\/09\/mobile-geral.gif\"\/><a\/>--><\/div><style type=\"text\/css\">\r\n.lkbrd6a9a584228222 {\r\ntext-align: center;\r\n}\r\n@media screen and (min-width: 1201px) {\r\n.lkbrd6a9a584228222 {\r\ndisplay: none;\r\n}\r\n}\r\n@media screen and (min-width: 993px) and (max-width: 1200px) {\r\n.lkbrd6a9a584228222 {\r\ndisplay: none;\r\n}\r\n}\r\n@media screen and (min-width: 769px) and (max-width: 992px) {\r\n.lkbrd6a9a584228222 {\r\ndisplay: none;\r\n}\r\n}\r\n@media screen and (min-width: 768px) and (max-width: 768px) {\r\n.lkbrd6a9a584228222 {\r\ndisplay: block;\r\n}\r\n}\r\n@media screen and (max-width: 767px) {\r\n.lkbrd6a9a584228222 {\r\ndisplay: block;\r\n}\r\n}\r\n<\/style>\r\n<div class=\"ggcmw6a9a58422820a\" ><!--<a href=\"https:\/\/bit.ly\/3QdrqTZ\" target=\"_blank\">\n<img src=\"https:\/\/justicapotiguar.com.br\/wp-content\/uploads\/2023\/09\/desktop-geral.gif\"\/><a\/>--><\/div><style type=\"text\/css\">\r\n.ggcmw6a9a58422820a {\r\ntext-align: center;\nmargin-bottom: 1em;\r\n}\r\n@media screen and (min-width: 1201px) {\r\n.ggcmw6a9a58422820a {\r\ndisplay: block;\r\n}\r\n}\r\n@media screen and (min-width: 993px) and (max-width: 1200px) {\r\n.ggcmw6a9a58422820a {\r\ndisplay: block;\r\n}\r\n}\r\n@media screen and (min-width: 769px) and (max-width: 992px) {\r\n.ggcmw6a9a58422820a {\r\ndisplay: block;\r\n}\r\n}\r\n@media screen and (min-width: 768px) and (max-width: 768px) {\r\n.ggcmw6a9a58422820a {\r\ndisplay: none;\r\n}\r\n}\r\n@media screen and (max-width: 767px) {\r\n.ggcmw6a9a58422820a {\r\ndisplay: none;\r\n}\r\n}\r\n<\/style>\r\n\n\n\n\n<p>No \u00e2mbito do GTI, foram realizadas a\u00e7\u00f5es de alistamento eleitoral, regulariza\u00e7\u00e3o cadastral e coleta biom\u00e9trica nas unidades prisionais, criando as condi\u00e7\u00f5es para a instala\u00e7\u00e3o da se\u00e7\u00e3o eleitoral.<\/p>\n\n\n\n<p>A iniciativa est\u00e1 alinhada \u00e0s diretrizes do Plano Pena Justa, especialmente \u00e0s a\u00e7\u00f5es de documenta\u00e7\u00e3o civil e garantia de direitos das pessoas privadas de liberdade. No \u00e2mbito nacional, a agenda \u00e9 acompanhada pelo Departamento de Monitoramento e Fiscaliza\u00e7\u00e3o do Sistema Carcer\u00e1rio e do Sistema de Execu\u00e7\u00e3o de Medidas Socioeducativas do Conselho Nacional de Justi\u00e7a (DMF\/CNJ), com apoio t\u00e9cnico do Programa Fazendo Justi\u00e7a, parceria entre o CNJ e o Programa das Na\u00e7\u00f5es Unidas para o Desenvolvimento (PNUD).<\/p>\n\n\n\n<p>Para a assessora judici\u00e1ria da Presid\u00eancia e ponto focal do TRE-RN no GTI, Rossana Sheila N\u00f3brega Morais, a instala\u00e7\u00e3o representa um avan\u00e7o na garantia do direito ao voto.<\/p>\n\n\n\n<p>\u201cEssa instala\u00e7\u00e3o in\u00e9dita reafirma o compromisso da Justi\u00e7a Eleitoral com a garantia da cidadania e a inclus\u00e3o democr\u00e1tica das pessoas privadas de liberdade. A inser\u00e7\u00e3o da pauta eleitoral no trabalho do GTI materializa o compromisso com o cumprimento da legisla\u00e7\u00e3o penal e constitucional, assegurando o exerc\u00edcio do direito fundamental ao voto pelos cidad\u00e3os aptos\u201d, destacou.<br><br><em>Com informa\u00e7\u00f5es do TRE-RN<\/em><\/p>\n","protected":false},"excerpt":{"rendered":"<p>A se\u00e7\u00e3o funcionar\u00e1 no Centro de Deten\u00e7\u00e3o Provis\u00f3ria (CDP) Feminino, no bairro Potengi, Zona Norte de Natal, com 59 internas aptas a votar.<br \/><a class=\"more-link\" href=\"https:\/\/justicapotiguar.com.br\/index.php\/2026\/09\/03\/presas-provisorias-terao-secao-eleitoral-inedita-para-participar-das-eleicoes-no-rn\/\">Mais&#8230;<\/a><\/p>\n","protected":false},"author":8,"featured_media":0,"comment_status":"open","ping_status":"open","sticky":false,"template":"","format":"standard","meta":[],"categories":[3],"tags":[],"_links":{"self":[{"href":"https:\/\/justicapotiguar.com.br\/index.php\/wp-json\/wp\/v2\/posts\/57177"}],"collection":[{"href":"https:\/\/justicapotiguar.com.br\/index.php\/wp-json\/wp\/v2\/posts"}],"about":[{"href":"https:\/\/justicapotiguar.com.br\/index.php\/wp-json\/wp\/v2\/types\/post"}],"author":[{"embeddable":true,"href":"https:\/\/justicapotiguar.com.br\/index.php\/wp-json\/wp\/v2\/users\/8"}],"replies":[{"embeddable":true,"href":"https:\/\/justicapotiguar.com.br\/index.php\/wp-json\/wp\/v2\/comments?post=57177"}],"version-history":[{"count":3,"href":"https:\/\/justicapotiguar.com.br\/index.php\/wp-json\/wp\/v2\/posts\/57177\/revisions"}],"predecessor-version":[{"id":57181,"href":"https:\/\/justicapotiguar.com.br\/index.php\/wp-json\/wp\/v2\/posts\/57177\/revisions\/57181"}],"wp:attachment":[{"href":"https:\/\/justicapotiguar.com.br\/index.php\/wp-json\/wp\/v2\/media?parent=57177"}],"wp:term":[{"taxonomy":"category","embeddable":true,"href":"https:\/\/justicapotiguar.com.br\/index.php\/wp-json\/wp\/v2\/categories?post=57177"},{"taxonomy":"post_tag","embeddable":true,"href":"https:\/\/justicapotiguar.com.br\/index.php\/wp-json\/wp\/v2\/tags?post=57177"}],"curies":[{"name":"wp","href":"https:\/\/api.w.org\/{rel}","templated":true}]}}