{"id":57172,"date":"2026-09-03T21:25:16","date_gmt":"2026-09-04T00:25:16","guid":{"rendered":"https:\/\/justicapotiguar.com.br\/?p=57172"},"modified":"2026-09-03T21:30:56","modified_gmt":"2026-09-04T00:30:56","slug":"fachin-da-5-dias-para-moraes-mendonca-pgr-e-pf-prestarem-esclarecimentos-sobre-crise-no-stf","status":"publish","type":"post","link":"https:\/\/justicapotiguar.com.br\/index.php\/2026\/09\/03\/fachin-da-5-dias-para-moraes-mendonca-pgr-e-pf-prestarem-esclarecimentos-sobre-crise-no-stf\/","title":{"rendered":"Fachin d\u00e1 5 dias para Moraes, Mendon\u00e7a, PGR e PF prestarem esclarecimentos sobre crise no STF"},"content":{"rendered":"\n<figure class=\"wp-block-image size-large\"><img loading=\"lazy\" width=\"765\" height=\"469\" src=\"https:\/\/justicapotiguar.com.br\/wp-content\/uploads\/2026\/09\/edson.jpg\" alt=\"\" class=\"wp-image-57174\" srcset=\"https:\/\/justicapotiguar.com.br\/wp-content\/uploads\/2026\/09\/edson.jpg 765w, https:\/\/justicapotiguar.com.br\/wp-content\/uploads\/2026\/09\/edson-300x184.jpg 300w\" sizes=\"(max-width: 765px) 100vw, 765px\" \/><figcaption>Foto: Gustavo Moreno\/STF<\/figcaption><\/figure>\n\n\n\n<p>O presidente do Supremo Tribunal Federal (STF), Edison Fachin, determinou nesta quinta-feira (3) que os ministros do tribunal Andr\u00e9 Mendon\u00e7a e Alexandre de Moraes, o procurador-geral da Rep\u00fablica (PGR), Paulo Gonet, e o diretor-geral da Pol\u00edcia Federal, Andrei Rodrigues, se manifestem em at\u00e9 5 dias \u00fateis sobre os acontecimentos que causaram uma crise no STF.<\/p>\n\n\n\n<p>&#8220;Cabe \u00e0 Presid\u00eancia do tribunal zelar para que a poss\u00edvel aprecia\u00e7\u00e3o colegiada seja feita, a tempo e modo, com o elevado senso de responsabilidade que os fatos reclamam, sempre assegurando o respeito \u00e0s garantias constitucionais do devido processo legal, da ampla defesa e do contradit\u00f3rio&#8221;, disse Fachin.<\/p>\n\n\n\n<p>O presidente do STF afirmou ser necess\u00e1rio colher informa\u00e7\u00f5es sobre:<\/p>\n\n\n\n<ul><li>o cumprimento pela PF das regras estabelecidas na Lei Org\u00e2nica da Magistratura em rela\u00e7\u00e3o a autoridades com foro no STF;<\/li><\/ul>\n\n\n\n<ul><li>&#8220;ind\u00edcios de que credenciais de acesso institucional tenham sido utilizadas para avaliar documento estritamente particular e de que informa\u00e7\u00f5es sujeitas ao sigilo judicial foram reveladas a pessoa investigada&#8221;;<\/li><\/ul>\n\n\n\n<ul><li>as circunst\u00e2ncias em que o ministro Mendon\u00e7a determinou a identifica\u00e7\u00e3o de pessoas mencionadas nas investiga\u00e7\u00f5es do caso Master; e<\/li><\/ul>\n\n\n\n<ul><li>as medidas tomadas para o controle externo da atividade policial.<\/li><\/ul>\n\n\n\n<p>A decis\u00e3o de Fachin foi tomada ap\u00f3s Mendon\u00e7a retirar, na ter\u00e7a-feira (1), o sigilo sobre um relat\u00f3rio da Pol\u00edcia Federal que exp\u00f5e mensagens e contatos entre o fundador do Banco Master, Daniel Vorcaro, e o ministro Alexandre de Moraes.<\/p>\n\n\n\n<p>Mendon\u00e7a sugeriu na mesma decis\u00e3o que os elementos constantes dos relat\u00f3rios da PF sobre o caso fossem avaliados pelo plen\u00e1rio da Corte.<\/p>\n\n\n\n<p>\u201cDiante do teor das informa\u00e7\u00f5es apresentadas pela autoridade policial, independentemente de qual venha a ser a manifesta\u00e7\u00e3o exarada pela douta Procuradoria-Geral da Rep\u00fablica, o caminho inevit\u00e1vel dos presentes autos leva ao Plen\u00e1rio deste Supremo Tribunal Federal, inst\u00e2ncia soberana para analisar, de modo t\u00e9cnico e estritamente jur\u00eddico, os novos elementos trazidos pela autoridade policial\u201d, sugeriu Mendon\u00e7a, na decis\u00e3o em que levantou o sigilo do processo.<\/p><div class=\"nuudy6a9a568e28257\" ><!--<a href=\"https:\/\/bit.ly\/3QdrqTZ\" target=\"_blank\">\n<img src=\"https:\/\/justicapotiguar.com.br\/wp-content\/uploads\/2023\/09\/mobile-geral.gif\"\/><a\/>--><\/div><style type=\"text\/css\">\r\n.nuudy6a9a568e28257 {\r\ntext-align: center;\r\n}\r\n@media screen and (min-width: 1201px) {\r\n.nuudy6a9a568e28257 {\r\ndisplay: none;\r\n}\r\n}\r\n@media screen and (min-width: 993px) and (max-width: 1200px) {\r\n.nuudy6a9a568e28257 {\r\ndisplay: none;\r\n}\r\n}\r\n@media screen and (min-width: 769px) and (max-width: 992px) {\r\n.nuudy6a9a568e28257 {\r\ndisplay: none;\r\n}\r\n}\r\n@media screen and (min-width: 768px) and (max-width: 768px) {\r\n.nuudy6a9a568e28257 {\r\ndisplay: block;\r\n}\r\n}\r\n@media screen and (max-width: 767px) {\r\n.nuudy6a9a568e28257 {\r\ndisplay: block;\r\n}\r\n}\r\n<\/style>\r\n<div class=\"adops6a9a568e28242\" ><!--<a href=\"https:\/\/bit.ly\/3QdrqTZ\" target=\"_blank\">\n<img src=\"https:\/\/justicapotiguar.com.br\/wp-content\/uploads\/2023\/09\/desktop-geral.gif\"\/><a\/>--><\/div><style type=\"text\/css\">\r\n.adops6a9a568e28242 {\r\ntext-align: center;\nmargin-bottom: 1em;\r\n}\r\n@media screen and (min-width: 1201px) {\r\n.adops6a9a568e28242 {\r\ndisplay: block;\r\n}\r\n}\r\n@media screen and (min-width: 993px) and (max-width: 1200px) {\r\n.adops6a9a568e28242 {\r\ndisplay: block;\r\n}\r\n}\r\n@media screen and (min-width: 769px) and (max-width: 992px) {\r\n.adops6a9a568e28242 {\r\ndisplay: block;\r\n}\r\n}\r\n@media screen and (min-width: 768px) and (max-width: 768px) {\r\n.adops6a9a568e28242 {\r\ndisplay: none;\r\n}\r\n}\r\n@media screen and (max-width: 767px) {\r\n.adops6a9a568e28242 {\r\ndisplay: none;\r\n}\r\n}\r\n<\/style>\r\n\n\n\n\n<p>Ap\u00f3s a divulga\u00e7\u00e3o das informa\u00e7\u00f5es, Mendon\u00e7a pediu que a PGR se manifestasse sobre o tema. O procurador Paulo Gonet \u2013 mencionado nos relat\u00f3rios publicizados por Mendon\u00e7a \u2013 afirmou que a investiga\u00e7\u00e3o \u00e9 nula e n\u00e3o poderia ter sido feita sem um pedido do Minist\u00e9rio P\u00fablico ou da pr\u00f3pria PF.<\/p>\n\n\n\n<p>&#8220;Ao lado da aprecia\u00e7\u00e3o posterior de eventuais v\u00edcios de forma, decorrentes da d\u00favida suscitada pela PGR, as informa\u00e7\u00f5es ali trazidas pela Pol\u00edcia Federal, se reconhecidas, recomendam seja cumprido o dever da Presid\u00eancia do Supremo Tribunal Federal de velar pelas prerrogativas do Tribunal (art. 13, I, do RISTF)&#8221;, afirmou Fachin na decis\u00e3o desta quinta.<\/p>\n\n\n\n<p><em>Fonte: g1<\/em><\/p>\n\n\n\n<p><\/p>\n\n\n\n<p><\/p>\n\n\n\n<p><\/p>\n","protected":false},"excerpt":{"rendered":"<p>Fachin tomou a decis\u00e3o ap\u00f3s Mendon\u00e7a retirar o sigilo de relat\u00f3rio da PF com mensagens e contatos entre Daniel Vorcaro e Alexandre de Moraes.<br \/><a class=\"more-link\" href=\"https:\/\/justicapotiguar.com.br\/index.php\/2026\/09\/03\/fachin-da-5-dias-para-moraes-mendonca-pgr-e-pf-prestarem-esclarecimentos-sobre-crise-no-stf\/\">Mais&#8230;<\/a><\/p>\n","protected":false},"author":8,"featured_media":0,"comment_status":"open","ping_status":"open","sticky":false,"template":"","format":"standard","meta":[],"categories":[3],"tags":[],"_links":{"self":[{"href":"https:\/\/justicapotiguar.com.br\/index.php\/wp-json\/wp\/v2\/posts\/57172"}],"collection":[{"href":"https:\/\/justicapotiguar.com.br\/index.php\/wp-json\/wp\/v2\/posts"}],"about":[{"href":"https:\/\/justicapotiguar.com.br\/index.php\/wp-json\/wp\/v2\/types\/post"}],"author":[{"embeddable":true,"href":"https:\/\/justicapotiguar.com.br\/index.php\/wp-json\/wp\/v2\/users\/8"}],"replies":[{"embeddable":true,"href":"https:\/\/justicapotiguar.com.br\/index.php\/wp-json\/wp\/v2\/comments?post=57172"}],"version-history":[{"count":3,"href":"https:\/\/justicapotiguar.com.br\/index.php\/wp-json\/wp\/v2\/posts\/57172\/revisions"}],"predecessor-version":[{"id":57176,"href":"https:\/\/justicapotiguar.com.br\/index.php\/wp-json\/wp\/v2\/posts\/57172\/revisions\/57176"}],"wp:attachment":[{"href":"https:\/\/justicapotiguar.com.br\/index.php\/wp-json\/wp\/v2\/media?parent=57172"}],"wp:term":[{"taxonomy":"category","embeddable":true,"href":"https:\/\/justicapotiguar.com.br\/index.php\/wp-json\/wp\/v2\/categories?post=57172"},{"taxonomy":"post_tag","embeddable":true,"href":"https:\/\/justicapotiguar.com.br\/index.php\/wp-json\/wp\/v2\/tags?post=57172"}],"curies":[{"name":"wp","href":"https:\/\/api.w.org\/{rel}","templated":true}]}}