{"id":57166,"date":"2026-09-03T20:56:20","date_gmt":"2026-09-03T23:56:20","guid":{"rendered":"https:\/\/justicapotiguar.com.br\/?p=57166"},"modified":"2026-09-03T21:00:21","modified_gmt":"2026-09-04T00:00:21","slug":"moraes-pede-que-andre-mendonca-seja-investigado-no-inquerito-das-fake-news","status":"publish","type":"post","link":"https:\/\/justicapotiguar.com.br\/index.php\/2026\/09\/03\/moraes-pede-que-andre-mendonca-seja-investigado-no-inquerito-das-fake-news\/","title":{"rendered":"Moraes pede que Andr\u00e9 Mendon\u00e7a seja investigado no inqu\u00e9rito das fake news"},"content":{"rendered":"\n<figure class=\"wp-block-image size-large\"><img loading=\"lazy\" width=\"799\" height=\"533\" src=\"https:\/\/justicapotiguar.com.br\/wp-content\/uploads\/2026\/09\/stf-3.jpg\" alt=\"\" class=\"wp-image-57170\" srcset=\"https:\/\/justicapotiguar.com.br\/wp-content\/uploads\/2026\/09\/stf-3.jpg 799w, https:\/\/justicapotiguar.com.br\/wp-content\/uploads\/2026\/09\/stf-3-300x200.jpg 300w, https:\/\/justicapotiguar.com.br\/wp-content\/uploads\/2026\/09\/stf-3-768x512.jpg 768w\" sizes=\"(max-width: 799px) 100vw, 799px\" \/><figcaption>Foto: Luiz Silveira\/STF<\/figcaption><\/figure>\n\n\n\n<p>O ministro Alexandre de Moraes, do Supremo Tribunal Federal, pediu nesta quinta-feira para que o ministro Andr\u00e9 Mendon\u00e7a seja investigado no inqu\u00e9rito das <em>fake news<\/em>, por abuso de autoridade. Segundo Moraes, Mendon\u00e7a direcionou investiga\u00e7\u00e3o contra ministros do tribunal, como ele pr\u00f3prio, Gilmar Mendes, Dias Toffoli, Luiz Fux e Nunes Marques.<\/p>\n\n\n\n<p>\u201cH\u00e1, portanto, a presen\u00e7a de fortes ind\u00edcios da pr\u00e1tica de improbidade administrativa, abuso de autoridade e crime de responsabilidade pelo Ministro Andr\u00e9 Mendon\u00e7a, no exerc\u00edcio da relatoria das PETs 15041 (Opera\u00e7\u00e3o Sem Desconto) e 15556 (Opera\u00e7\u00e3o Compliance Zero)\u201d, diz trecho da decis\u00e3o de Moraes.<\/p>\n\n\n\n<p>A decis\u00e3o pede que o presidente do tribunal, Luiz Edson Fachin, tome provid\u00eancias diante dos \u201cind\u00edcios\u201dque Mendon\u00e7a cometeu improbidade administrativa, crime de responsabilidade e abuso de autoridade. Em resposta, Fachin determinou que Moraes, Mendon\u00e7a, o procurador-geral da Rep\u00fablica e Andrei Rodrigues se manifestem em 5 dias.<\/p>\n\n\n\n<p>Segundo Moraes, Mendon\u00e7a usurpou a dire\u00e7\u00e3o da instaura\u00e7\u00e3o dos inqu\u00e9ritos relacionados \u00e0s fraudes do INSS (Instituto Nacional do Seguro Social) e do Banco Master. Para ele, o colega tem enviado a condu\u00e7\u00e3o dos inqu\u00e9ritos com uma dire\u00e7\u00e3o tendenciosa de intencionalidade preconceituosa contra colegas do tribunal.<\/p><div class=\"pjcxp6a9a56091c199\" ><!--<a href=\"https:\/\/bit.ly\/3QdrqTZ\" target=\"_blank\">\n<img src=\"https:\/\/justicapotiguar.com.br\/wp-content\/uploads\/2023\/09\/mobile-geral.gif\"\/><a\/>--><\/div><style type=\"text\/css\">\r\n.pjcxp6a9a56091c199 {\r\ntext-align: center;\r\n}\r\n@media screen and (min-width: 1201px) {\r\n.pjcxp6a9a56091c199 {\r\ndisplay: none;\r\n}\r\n}\r\n@media screen and (min-width: 993px) and (max-width: 1200px) {\r\n.pjcxp6a9a56091c199 {\r\ndisplay: none;\r\n}\r\n}\r\n@media screen and (min-width: 769px) and (max-width: 992px) {\r\n.pjcxp6a9a56091c199 {\r\ndisplay: none;\r\n}\r\n}\r\n@media screen and (min-width: 768px) and (max-width: 768px) {\r\n.pjcxp6a9a56091c199 {\r\ndisplay: block;\r\n}\r\n}\r\n@media screen and (max-width: 767px) {\r\n.pjcxp6a9a56091c199 {\r\ndisplay: block;\r\n}\r\n}\r\n<\/style>\r\n<div class=\"jordf6a9a56091c186\" ><!--<a href=\"https:\/\/bit.ly\/3QdrqTZ\" target=\"_blank\">\n<img src=\"https:\/\/justicapotiguar.com.br\/wp-content\/uploads\/2023\/09\/desktop-geral.gif\"\/><a\/>--><\/div><style type=\"text\/css\">\r\n.jordf6a9a56091c186 {\r\ntext-align: center;\nmargin-bottom: 1em;\r\n}\r\n@media screen and (min-width: 1201px) {\r\n.jordf6a9a56091c186 {\r\ndisplay: block;\r\n}\r\n}\r\n@media screen and (min-width: 993px) and (max-width: 1200px) {\r\n.jordf6a9a56091c186 {\r\ndisplay: block;\r\n}\r\n}\r\n@media screen and (min-width: 769px) and (max-width: 992px) {\r\n.jordf6a9a56091c186 {\r\ndisplay: block;\r\n}\r\n}\r\n@media screen and (min-width: 768px) and (max-width: 768px) {\r\n.jordf6a9a56091c186 {\r\ndisplay: none;\r\n}\r\n}\r\n@media screen and (max-width: 767px) {\r\n.jordf6a9a56091c186 {\r\ndisplay: none;\r\n}\r\n}\r\n<\/style>\r\n\n\n\n\n<p>Moraes cita a decis\u00e3o de ter\u00e7a-feira em que Mendon\u00e7a retira o sigilo das investiga\u00e7\u00f5es que apontam um relacionamento entre o fundador do Banco Master, Daniel Vorcaro, com o pr\u00f3prio Moraes. Para ele, Mendon\u00e7a quis desviar os avan\u00e7os das investiga\u00e7\u00f5es contra ele pr\u00f3prio e o presidente do Senado, Davi Alcolumbre, por \u201cmotivos pessoais e pol\u00edticos, com indica\u00e7\u00e3o pr\u00e9via das medidas cautelares\u201d.<\/p>\n\n\n\n<p>O relator do inqu\u00e9rito das fake news relata que, depois da decis\u00e3o de Mendon\u00e7a, exigiu que todos os relat\u00f3rios da Pol\u00edcia Federal com men\u00e7\u00e3o a ministro do STF (Supremo Tribunal Federal) fossem encaminhados para seu gabinete. Moraes afirma que ao menos 5 ministros foram citados nos inqu\u00e9ritos da relatoria de Mendon\u00e7a, al\u00e9m do presidente do Senado, procurador-geral da Rep\u00fablica e do diretor-geral da Pol\u00edcia Federal, Andrei Rodrigues.<\/p>\n\n\n\n<p>Moraes cita que foi anexado um relat\u00f3rio de intelig\u00eancia em que Mendon\u00e7a teria direcionado as indica\u00e7\u00f5es contra Alcolumbre por \u201cvi\u00e9s pol\u00edtico\u201d.<br><br><em>Fonte: Poder360<\/em><\/p>\n","protected":false},"excerpt":{"rendered":"<p>Segundo Moraes, Mendon\u00e7a direcionou investiga\u00e7\u00e3o contra ministros do tribunal, como ele pr\u00f3prio, Gilmar Mendes, Dias Toffoli, Luiz Fux e Nunes Marques.<br \/><a class=\"more-link\" href=\"https:\/\/justicapotiguar.com.br\/index.php\/2026\/09\/03\/moraes-pede-que-andre-mendonca-seja-investigado-no-inquerito-das-fake-news\/\">Mais&#8230;<\/a><\/p>\n","protected":false},"author":8,"featured_media":0,"comment_status":"open","ping_status":"open","sticky":false,"template":"","format":"standard","meta":[],"categories":[3],"tags":[],"_links":{"self":[{"href":"https:\/\/justicapotiguar.com.br\/index.php\/wp-json\/wp\/v2\/posts\/57166"}],"collection":[{"href":"https:\/\/justicapotiguar.com.br\/index.php\/wp-json\/wp\/v2\/posts"}],"about":[{"href":"https:\/\/justicapotiguar.com.br\/index.php\/wp-json\/wp\/v2\/types\/post"}],"author":[{"embeddable":true,"href":"https:\/\/justicapotiguar.com.br\/index.php\/wp-json\/wp\/v2\/users\/8"}],"replies":[{"embeddable":true,"href":"https:\/\/justicapotiguar.com.br\/index.php\/wp-json\/wp\/v2\/comments?post=57166"}],"version-history":[{"count":2,"href":"https:\/\/justicapotiguar.com.br\/index.php\/wp-json\/wp\/v2\/posts\/57166\/revisions"}],"predecessor-version":[{"id":57171,"href":"https:\/\/justicapotiguar.com.br\/index.php\/wp-json\/wp\/v2\/posts\/57166\/revisions\/57171"}],"wp:attachment":[{"href":"https:\/\/justicapotiguar.com.br\/index.php\/wp-json\/wp\/v2\/media?parent=57166"}],"wp:term":[{"taxonomy":"category","embeddable":true,"href":"https:\/\/justicapotiguar.com.br\/index.php\/wp-json\/wp\/v2\/categories?post=57166"},{"taxonomy":"post_tag","embeddable":true,"href":"https:\/\/justicapotiguar.com.br\/index.php\/wp-json\/wp\/v2\/tags?post=57166"}],"curies":[{"name":"wp","href":"https:\/\/api.w.org\/{rel}","templated":true}]}}