{"id":57160,"date":"2026-09-03T17:12:55","date_gmt":"2026-09-03T20:12:55","guid":{"rendered":"https:\/\/justicapotiguar.com.br\/?p=57160"},"modified":"2026-09-03T17:18:56","modified_gmt":"2026-09-03T20:18:56","slug":"justica-concede-medida-protetiva-a-advogada-ameacada-por-parte-contraria-em-processo","status":"publish","type":"post","link":"https:\/\/justicapotiguar.com.br\/index.php\/2026\/09\/03\/justica-concede-medida-protetiva-a-advogada-ameacada-por-parte-contraria-em-processo\/","title":{"rendered":"Justi\u00e7a concede medida protetiva \u00e0 advogada amea\u00e7ada por parte contr\u00e1ria em processo"},"content":{"rendered":"\n<figure class=\"wp-block-image size-large\"><img loading=\"lazy\" width=\"800\" height=\"450\" src=\"https:\/\/justicapotiguar.com.br\/wp-content\/uploads\/2026\/09\/Medida_protetiva.jpg\" alt=\"\" class=\"wp-image-57162\" srcset=\"https:\/\/justicapotiguar.com.br\/wp-content\/uploads\/2026\/09\/Medida_protetiva.jpg 800w, https:\/\/justicapotiguar.com.br\/wp-content\/uploads\/2026\/09\/Medida_protetiva-300x169.jpg 300w, https:\/\/justicapotiguar.com.br\/wp-content\/uploads\/2026\/09\/Medida_protetiva-768x432.jpg 768w\" sizes=\"(max-width: 800px) 100vw, 800px\" \/><figcaption>Cr\u00e9dito: Reprodu\u00e7\u00e3o<\/figcaption><\/figure>\n\n\n\n<p>A Justi\u00e7a do Paran\u00e1 reconheceu que a Lei Maria da Penha pode ser aplicada a casos de viol\u00eancia de g\u00eanero no ambiente profissional, mesmo sem v\u00ednculo dom\u00e9stico, familiar ou afetivo entre v\u00edtima e agressor. A decis\u00e3o foi proferida pela ju\u00edza M\u00e9rcia Deodato do Nascimento, da Comarca da Regi\u00e3o Metropolitana de Curitiba, no processo n\u00ba 0010931-94.2026.8.16.0013.<\/p>\n\n\n\n<p>A magistrada concedeu medidas protetivas de urg\u00eancia a uma advogada que relatou ter sido amea\u00e7ada e agredida por um homem contra quem atuava em a\u00e7\u00e3o de alimentos.<\/p>\n\n\n\n<p>Segundo os autos, ap\u00f3s a fixa\u00e7\u00e3o da pens\u00e3o, a profissional passou a receber mensagens de teor intimidat\u00f3rio relacionadas \u00e0 sua atua\u00e7\u00e3o no processo. Em \u00e1udios enviados a terceiros, o homem teria afirmado que a situa\u00e7\u00e3o \u201cn\u00e3o ia ficar assim\u201d e que \u201cia ter volta\u201d.<\/p>\n\n\n\n<p>No s\u00e1bado (29\/8), ele teria lan\u00e7ado intencionalmente seu ve\u00edculo contra o carro da advogada, que foi projetado contra um im\u00f3vel. O caso foi registrado como coa\u00e7\u00e3o no curso do processo e tentativa de homic\u00eddio simples.<\/p><div class=\"uollg6a9a56a30023c\" ><!--<a href=\"https:\/\/bit.ly\/3QdrqTZ\" target=\"_blank\">\n<img src=\"https:\/\/justicapotiguar.com.br\/wp-content\/uploads\/2023\/09\/mobile-geral.gif\"\/><a\/>--><\/div><style type=\"text\/css\">\r\n.uollg6a9a56a30023c {\r\ntext-align: center;\r\n}\r\n@media screen and (min-width: 1201px) {\r\n.uollg6a9a56a30023c {\r\ndisplay: none;\r\n}\r\n}\r\n@media screen and (min-width: 993px) and (max-width: 1200px) {\r\n.uollg6a9a56a30023c {\r\ndisplay: none;\r\n}\r\n}\r\n@media screen and (min-width: 769px) and (max-width: 992px) {\r\n.uollg6a9a56a30023c {\r\ndisplay: none;\r\n}\r\n}\r\n@media screen and (min-width: 768px) and (max-width: 768px) {\r\n.uollg6a9a56a30023c {\r\ndisplay: block;\r\n}\r\n}\r\n@media screen and (max-width: 767px) {\r\n.uollg6a9a56a30023c {\r\ndisplay: block;\r\n}\r\n}\r\n<\/style>\r\n<div class=\"rmsfd6a9a56a300225\" ><!--<a href=\"https:\/\/bit.ly\/3QdrqTZ\" target=\"_blank\">\n<img src=\"https:\/\/justicapotiguar.com.br\/wp-content\/uploads\/2023\/09\/desktop-geral.gif\"\/><a\/>--><\/div><style type=\"text\/css\">\r\n.rmsfd6a9a56a300225 {\r\ntext-align: center;\nmargin-bottom: 1em;\r\n}\r\n@media screen and (min-width: 1201px) {\r\n.rmsfd6a9a56a300225 {\r\ndisplay: block;\r\n}\r\n}\r\n@media screen and (min-width: 993px) and (max-width: 1200px) {\r\n.rmsfd6a9a56a300225 {\r\ndisplay: block;\r\n}\r\n}\r\n@media screen and (min-width: 769px) and (max-width: 992px) {\r\n.rmsfd6a9a56a300225 {\r\ndisplay: block;\r\n}\r\n}\r\n@media screen and (min-width: 768px) and (max-width: 768px) {\r\n.rmsfd6a9a56a300225 {\r\ndisplay: none;\r\n}\r\n}\r\n@media screen and (max-width: 767px) {\r\n.rmsfd6a9a56a300225 {\r\ndisplay: none;\r\n}\r\n}\r\n<\/style>\r\n\n\n\n\n<p>Ao analisar o pedido, a ju\u00edza entendeu haver ind\u00edcios de viol\u00eancia e risco \u00e0 integridade f\u00edsica e psicol\u00f3gica da v\u00edtima. Na decis\u00e3o, citou o Tema 1.412 da Repercuss\u00e3o Geral do STF, segundo o qual a Lei Maria da Penha pode incidir mesmo sem rela\u00e7\u00e3o dom\u00e9stica, familiar ou afetiva, desde que caracterizada viol\u00eancia contra a mulher baseada no g\u00eanero.<\/p>\n\n\n\n<p>A decis\u00e3o determinou que o requerido mantenha dist\u00e2ncia m\u00ednima de 500 metros da advogada, de sua resid\u00eancia, escrit\u00f3rio e locais de trabalho, al\u00e9m de proibir qualquer contato com a v\u00edtima.<\/p>\n\n\n\n<p>Caso haja arma de fogo registrada em nome do requerido, os \u00f3rg\u00e3os competentes dever\u00e3o ser comunicados para avaliar eventual restri\u00e7\u00e3o da posse ou do porte.<br><br><em>Com informa\u00e7\u00f5es de Conjur<\/em><\/p>\n","protected":false},"excerpt":{"rendered":"<p>A magistrada concedeu medidas protetivas de urg\u00eancia a uma advogada que relatou ter sido amea\u00e7ada e agredida por um homem contra quem atuava em a\u00e7\u00e3o de alimentos.<br \/><a class=\"more-link\" href=\"https:\/\/justicapotiguar.com.br\/index.php\/2026\/09\/03\/justica-concede-medida-protetiva-a-advogada-ameacada-por-parte-contraria-em-processo\/\">Mais&#8230;<\/a><\/p>\n","protected":false},"author":8,"featured_media":0,"comment_status":"open","ping_status":"open","sticky":false,"template":"","format":"standard","meta":[],"categories":[3],"tags":[],"_links":{"self":[{"href":"https:\/\/justicapotiguar.com.br\/index.php\/wp-json\/wp\/v2\/posts\/57160"}],"collection":[{"href":"https:\/\/justicapotiguar.com.br\/index.php\/wp-json\/wp\/v2\/posts"}],"about":[{"href":"https:\/\/justicapotiguar.com.br\/index.php\/wp-json\/wp\/v2\/types\/post"}],"author":[{"embeddable":true,"href":"https:\/\/justicapotiguar.com.br\/index.php\/wp-json\/wp\/v2\/users\/8"}],"replies":[{"embeddable":true,"href":"https:\/\/justicapotiguar.com.br\/index.php\/wp-json\/wp\/v2\/comments?post=57160"}],"version-history":[{"count":3,"href":"https:\/\/justicapotiguar.com.br\/index.php\/wp-json\/wp\/v2\/posts\/57160\/revisions"}],"predecessor-version":[{"id":57165,"href":"https:\/\/justicapotiguar.com.br\/index.php\/wp-json\/wp\/v2\/posts\/57160\/revisions\/57165"}],"wp:attachment":[{"href":"https:\/\/justicapotiguar.com.br\/index.php\/wp-json\/wp\/v2\/media?parent=57160"}],"wp:term":[{"taxonomy":"category","embeddable":true,"href":"https:\/\/justicapotiguar.com.br\/index.php\/wp-json\/wp\/v2\/categories?post=57160"},{"taxonomy":"post_tag","embeddable":true,"href":"https:\/\/justicapotiguar.com.br\/index.php\/wp-json\/wp\/v2\/tags?post=57160"}],"curies":[{"name":"wp","href":"https:\/\/api.w.org\/{rel}","templated":true}]}}