{"id":57130,"date":"2026-09-02T17:57:19","date_gmt":"2026-09-02T20:57:19","guid":{"rendered":"https:\/\/justicapotiguar.com.br\/?p=57130"},"modified":"2026-09-02T17:58:47","modified_gmt":"2026-09-02T20:58:47","slug":"fachin-abre-sessao-do-stf-sem-comentar-mensagens-entre-moraes-e-daniel-vorcaro","status":"publish","type":"post","link":"https:\/\/justicapotiguar.com.br\/index.php\/2026\/09\/02\/fachin-abre-sessao-do-stf-sem-comentar-mensagens-entre-moraes-e-daniel-vorcaro\/","title":{"rendered":"Fachin abre sess\u00e3o do STF sem comentar mensagens entre Moraes e Daniel Vorcaro"},"content":{"rendered":"\n<figure class=\"wp-block-image size-large\"><img loading=\"lazy\" width=\"800\" height=\"534\" src=\"https:\/\/justicapotiguar.com.br\/wp-content\/uploads\/2026\/09\/STF-1.jpg\" alt=\"\" class=\"wp-image-57134\" srcset=\"https:\/\/justicapotiguar.com.br\/wp-content\/uploads\/2026\/09\/STF-1.jpg 800w, https:\/\/justicapotiguar.com.br\/wp-content\/uploads\/2026\/09\/STF-1-300x200.jpg 300w, https:\/\/justicapotiguar.com.br\/wp-content\/uploads\/2026\/09\/STF-1-768x513.jpg 768w\" sizes=\"(max-width: 800px) 100vw, 800px\" \/><figcaption>Foto: Bruno Moura\/STF<\/figcaption><\/figure>\n\n\n\n<p>O presidente do Supremo Tribunal Federal (STF), ministro Edson Fachin, abriu nesta quarta-feira (2) a sess\u00e3o plen\u00e1ria da Corte sem fazer qualquer manifesta\u00e7\u00e3o sobre as mensagens extra\u00eddas do celular de Daniel Vorcaro que indicam contatos com o ministro Alexandre de Moraes.<\/p>\n\n\n\n<p>A sess\u00e3o teve in\u00edcio por volta das 14h20. Fachin cumprimentou ministros, representantes das institui\u00e7\u00f5es e demais presentes e, em seguida, passou diretamente \u00e0 pauta de julgamentos prevista para o dia. A ministra C\u00e1rmen L\u00facia participa da sess\u00e3o por videoconfer\u00eancia.<\/p><div class=\"dzxjx6a990ca07aca4\" ><!--<a href=\"https:\/\/bit.ly\/3QdrqTZ\" target=\"_blank\">\n<img src=\"https:\/\/justicapotiguar.com.br\/wp-content\/uploads\/2023\/09\/mobile-geral.gif\"\/><a\/>--><\/div><style type=\"text\/css\">\r\n.dzxjx6a990ca07aca4 {\r\ntext-align: center;\r\n}\r\n@media screen and (min-width: 1201px) {\r\n.dzxjx6a990ca07aca4 {\r\ndisplay: none;\r\n}\r\n}\r\n@media screen and (min-width: 993px) and (max-width: 1200px) {\r\n.dzxjx6a990ca07aca4 {\r\ndisplay: none;\r\n}\r\n}\r\n@media screen and (min-width: 769px) and (max-width: 992px) {\r\n.dzxjx6a990ca07aca4 {\r\ndisplay: none;\r\n}\r\n}\r\n@media screen and (min-width: 768px) and (max-width: 768px) {\r\n.dzxjx6a990ca07aca4 {\r\ndisplay: block;\r\n}\r\n}\r\n@media screen and (max-width: 767px) {\r\n.dzxjx6a990ca07aca4 {\r\ndisplay: block;\r\n}\r\n}\r\n<\/style>\r\n<div class=\"nxzlw6a990ca07ac8f\" ><!--<a href=\"https:\/\/bit.ly\/3QdrqTZ\" target=\"_blank\">\n<img src=\"https:\/\/justicapotiguar.com.br\/wp-content\/uploads\/2023\/09\/desktop-geral.gif\"\/><a\/>--><\/div><style type=\"text\/css\">\r\n.nxzlw6a990ca07ac8f {\r\ntext-align: center;\nmargin-bottom: 1em;\r\n}\r\n@media screen and (min-width: 1201px) {\r\n.nxzlw6a990ca07ac8f {\r\ndisplay: block;\r\n}\r\n}\r\n@media screen and (min-width: 993px) and (max-width: 1200px) {\r\n.nxzlw6a990ca07ac8f {\r\ndisplay: block;\r\n}\r\n}\r\n@media screen and (min-width: 769px) and (max-width: 992px) {\r\n.nxzlw6a990ca07ac8f {\r\ndisplay: block;\r\n}\r\n}\r\n@media screen and (min-width: 768px) and (max-width: 768px) {\r\n.nxzlw6a990ca07ac8f {\r\ndisplay: none;\r\n}\r\n}\r\n@media screen and (max-width: 767px) {\r\n.nxzlw6a990ca07ac8f {\r\ndisplay: none;\r\n}\r\n}\r\n<\/style>\r\n\n\n\n\n<p>Havia expectativa por uma eventual manifesta\u00e7\u00e3o do presidente do STF ap\u00f3s Fachin afirmar, na manh\u00e3 desta quarta-feira, que anunciar\u00e1, nos pr\u00f3ximos dias, as provid\u00eancias que considerar cab\u00edveis diante das informa\u00e7\u00f5es reveladas.<\/p>\n","protected":false},"excerpt":{"rendered":"<p>Fachin cumprimentou ministros, representantes das institui\u00e7\u00f5es e demais presentes e, em seguida, passou diretamente \u00e0 pauta de julgamentos prevista para o dia. <br \/><a class=\"more-link\" href=\"https:\/\/justicapotiguar.com.br\/index.php\/2026\/09\/02\/fachin-abre-sessao-do-stf-sem-comentar-mensagens-entre-moraes-e-daniel-vorcaro\/\">Mais&#8230;<\/a><\/p>\n","protected":false},"author":8,"featured_media":0,"comment_status":"open","ping_status":"open","sticky":false,"template":"","format":"standard","meta":[],"categories":[3],"tags":[],"_links":{"self":[{"href":"https:\/\/justicapotiguar.com.br\/index.php\/wp-json\/wp\/v2\/posts\/57130"}],"collection":[{"href":"https:\/\/justicapotiguar.com.br\/index.php\/wp-json\/wp\/v2\/posts"}],"about":[{"href":"https:\/\/justicapotiguar.com.br\/index.php\/wp-json\/wp\/v2\/types\/post"}],"author":[{"embeddable":true,"href":"https:\/\/justicapotiguar.com.br\/index.php\/wp-json\/wp\/v2\/users\/8"}],"replies":[{"embeddable":true,"href":"https:\/\/justicapotiguar.com.br\/index.php\/wp-json\/wp\/v2\/comments?post=57130"}],"version-history":[{"count":3,"href":"https:\/\/justicapotiguar.com.br\/index.php\/wp-json\/wp\/v2\/posts\/57130\/revisions"}],"predecessor-version":[{"id":57135,"href":"https:\/\/justicapotiguar.com.br\/index.php\/wp-json\/wp\/v2\/posts\/57130\/revisions\/57135"}],"wp:attachment":[{"href":"https:\/\/justicapotiguar.com.br\/index.php\/wp-json\/wp\/v2\/media?parent=57130"}],"wp:term":[{"taxonomy":"category","embeddable":true,"href":"https:\/\/justicapotiguar.com.br\/index.php\/wp-json\/wp\/v2\/categories?post=57130"},{"taxonomy":"post_tag","embeddable":true,"href":"https:\/\/justicapotiguar.com.br\/index.php\/wp-json\/wp\/v2\/tags?post=57130"}],"curies":[{"name":"wp","href":"https:\/\/api.w.org\/{rel}","templated":true}]}}