{"id":57120,"date":"2026-09-01T22:08:22","date_gmt":"2026-09-02T01:08:22","guid":{"rendered":"https:\/\/justicapotiguar.com.br\/?p=57120"},"modified":"2026-09-01T22:10:01","modified_gmt":"2026-09-02T01:10:01","slug":"advogado-potiguar-cristiano-barros-e-nomeado-procurador-adjunto-da-procuradoria-especial-de-direito-eleitoral-da-oab","status":"publish","type":"post","link":"https:\/\/justicapotiguar.com.br\/index.php\/2026\/09\/01\/advogado-potiguar-cristiano-barros-e-nomeado-procurador-adjunto-da-procuradoria-especial-de-direito-eleitoral-da-oab\/","title":{"rendered":"Advogado potiguar Cristiano Barros \u00e9 nomeado procurador-adjunto da Procuradoria Especial de Direito Eleitoral da OAB"},"content":{"rendered":"\n<p>O advogado eleitoralista potiguar Cristiano Barros @cristianobarrosadv, s\u00f3cio do escrit\u00f3rio Barros, Mariz &amp; Rebou\u00e7as Advogados, foi nomeado procurador-adjunto da Procuradoria Especial de Direito Eleitoral do Conselho Federal da Ordem dos Advogados do Brasil (CFOAB).<\/p>\n\n\n\n<p>A designa\u00e7\u00e3o para a gest\u00e3o 2025-2028 consta da Portaria n\u00ba 576\/2026, publicada nesta ter\u00e7a-feira (1\u00ba) e assinada pelo presidente em exerc\u00edcio do Conselho Federal da OAB, D\u00e9lio Lins e Silva J\u00fanior, e pelo coordenador nacional de Comiss\u00f5es, Procuradorias e Projetos Estruturantes, Rafael de Assis Horn.<\/p>\n\n\n\n<p>A Procuradoria Especial de Direito Eleitoral atua, em \u00e2mbito nacional, nas mat\u00e9rias eleitorais de interesse institucional da advocacia e trabalha em articula\u00e7\u00e3o com a Comiss\u00e3o Especial de Direito Eleitoral da OAB Nacional. A Ordem tamb\u00e9m est\u00e1 entre as entidades legalmente autorizadas a fiscalizar as diferentes etapas do processo eleitoral, conforme prev\u00ea o art. 66, \u00a7 1\u00ba, da Lei n\u00ba 9.504\/1997.<\/p>\n\n\n\n<p>Com mais de duas d\u00e9cadas de atua\u00e7\u00e3o nas \u00e1reas de Direito Eleitoral e Direito P\u00fablico, Cristiano Barros passa a integrar a equipe coordenada pelo procurador especial eleitoral do Conselho Federal, Sidney S\u00e1 das Neves.<\/p>\n\n\n\n<p>\u201cRecebo com muita alegria a nomea\u00e7\u00e3o do querido amigo Cristiano Barros como nosso procurador-adjunto. \u00c9 uma miss\u00e3o que tenho absoluta certeza de que desempenhar\u00e1 com dedica\u00e7\u00e3o e tamb\u00e9m um reconhecimento \u00e0 trajet\u00f3ria de um grande profissional do Direito Eleitoral brasileiro\u201d, afirmou Sidney Neves.<\/p>\n\n\n\n<p>Nos \u00faltimos anos, a Procuradoria tem ampliado a interlocu\u00e7\u00e3o da advocacia com a Justi\u00e7a Eleitoral, \u00f3rg\u00e3os de controle e plataformas digitais. Entre as iniciativas est\u00e3o a proposta de cria\u00e7\u00e3o de um observat\u00f3rio eleitoral permanente da OAB, a participa\u00e7\u00e3o em debates sobre inelegibilidade e decis\u00f5es dos tribunais de contas e o acompanhamento de a\u00e7\u00f5es voltadas ao enfrentamento da desinforma\u00e7\u00e3o nas elei\u00e7\u00f5es de 2026.<\/p><div class=\"qjnfp6a97bd8aa7531\" ><!--<a href=\"https:\/\/bit.ly\/3QdrqTZ\" target=\"_blank\">\n<img src=\"https:\/\/justicapotiguar.com.br\/wp-content\/uploads\/2023\/09\/mobile-geral.gif\"\/><a\/>--><\/div><style type=\"text\/css\">\r\n.qjnfp6a97bd8aa7531 {\r\ntext-align: center;\r\n}\r\n@media screen and (min-width: 1201px) {\r\n.qjnfp6a97bd8aa7531 {\r\ndisplay: none;\r\n}\r\n}\r\n@media screen and (min-width: 993px) and (max-width: 1200px) {\r\n.qjnfp6a97bd8aa7531 {\r\ndisplay: none;\r\n}\r\n}\r\n@media screen and (min-width: 769px) and (max-width: 992px) {\r\n.qjnfp6a97bd8aa7531 {\r\ndisplay: none;\r\n}\r\n}\r\n@media screen and (min-width: 768px) and (max-width: 768px) {\r\n.qjnfp6a97bd8aa7531 {\r\ndisplay: block;\r\n}\r\n}\r\n@media screen and (max-width: 767px) {\r\n.qjnfp6a97bd8aa7531 {\r\ndisplay: block;\r\n}\r\n}\r\n<\/style>\r\n<div class=\"dkauf6a97bd8aa751b\" ><!--<a href=\"https:\/\/bit.ly\/3QdrqTZ\" target=\"_blank\">\n<img src=\"https:\/\/justicapotiguar.com.br\/wp-content\/uploads\/2023\/09\/desktop-geral.gif\"\/><a\/>--><\/div><style type=\"text\/css\">\r\n.dkauf6a97bd8aa751b {\r\ntext-align: center;\nmargin-bottom: 1em;\r\n}\r\n@media screen and (min-width: 1201px) {\r\n.dkauf6a97bd8aa751b {\r\ndisplay: block;\r\n}\r\n}\r\n@media screen and (min-width: 993px) and (max-width: 1200px) {\r\n.dkauf6a97bd8aa751b {\r\ndisplay: block;\r\n}\r\n}\r\n@media screen and (min-width: 769px) and (max-width: 992px) {\r\n.dkauf6a97bd8aa751b {\r\ndisplay: block;\r\n}\r\n}\r\n@media screen and (min-width: 768px) and (max-width: 768px) {\r\n.dkauf6a97bd8aa751b {\r\ndisplay: none;\r\n}\r\n}\r\n@media screen and (max-width: 767px) {\r\n.dkauf6a97bd8aa751b {\r\ndisplay: none;\r\n}\r\n}\r\n<\/style>\r\n\n\n\n\n<p>Cristiano Barros afirmou receber a nomea\u00e7\u00e3o com \u201chonra e senso de responsabilidade\u201d. Segundo ele, a fun\u00e7\u00e3o representa uma oportunidade de contribuir com o trabalho desenvolvido pela OAB em defesa da advocacia eleitoral e da integridade do processo democr\u00e1tico.<\/p>\n\n\n\n<p>\u201cLevo comigo a experi\u00eancia da advocacia potiguar e o compromisso de representar, com dedica\u00e7\u00e3o, os interesses de toda a advocacia brasileira nas quest\u00f5es eleitorais\u201d, declarou.<\/p>\n\n\n\n<p><strong>Trajet\u00f3ria<\/strong><\/p>\n\n\n\n<p>Cristiano Luiz Barros Fernandes da Costa \u00e9 inscrito na OAB\/RN sob o n\u00ba 5.695 e s\u00f3cio do escrit\u00f3rio Barros, Mariz &amp; Rebou\u00e7as Advogados, em Natal. Atua nas \u00e1reas de Direito Eleitoral e Direito P\u00fablico.<\/p>\n\n\n\n<p>\u00c9 assessor especial da Assembleia Legislativa do Rio Grande do Norte, assessor jur\u00eddico da Federa\u00e7\u00e3o das C\u00e2maras Municipais do Rio Grande do Norte (Fecam\/RN) e professor da p\u00f3s-gradua\u00e7\u00e3o em Direito Eleitoral da Escola da Assembleia Legislativa.<\/p>\n\n\n\n<p>Cristiano Barros \u00e9 mestre em Direito Constitucional pelo Instituto Brasileiro de Ensino, Desenvolvimento e Pesquisa (IDP), com disserta\u00e7\u00e3o sobre os limites das inelegibilidades decorrentes do acordo de n\u00e3o persecu\u00e7\u00e3o penal, al\u00e9m de atuar como comentarista de temas eleitorais em ve\u00edculos de r\u00e1dio e televis\u00e3o.<\/p>\n","protected":false},"excerpt":{"rendered":"<p>Cristiano Barros passa a integrar a equipe coordenada pelo procurador especial eleitoral do Conselho Federal, Sidney S\u00e1 das Neves.<br \/><a class=\"more-link\" href=\"https:\/\/justicapotiguar.com.br\/index.php\/2026\/09\/01\/advogado-potiguar-cristiano-barros-e-nomeado-procurador-adjunto-da-procuradoria-especial-de-direito-eleitoral-da-oab\/\">Mais&#8230;<\/a><\/p>\n","protected":false},"author":8,"featured_media":0,"comment_status":"open","ping_status":"open","sticky":false,"template":"","format":"standard","meta":[],"categories":[3],"tags":[],"_links":{"self":[{"href":"https:\/\/justicapotiguar.com.br\/index.php\/wp-json\/wp\/v2\/posts\/57120"}],"collection":[{"href":"https:\/\/justicapotiguar.com.br\/index.php\/wp-json\/wp\/v2\/posts"}],"about":[{"href":"https:\/\/justicapotiguar.com.br\/index.php\/wp-json\/wp\/v2\/types\/post"}],"author":[{"embeddable":true,"href":"https:\/\/justicapotiguar.com.br\/index.php\/wp-json\/wp\/v2\/users\/8"}],"replies":[{"embeddable":true,"href":"https:\/\/justicapotiguar.com.br\/index.php\/wp-json\/wp\/v2\/comments?post=57120"}],"version-history":[{"count":2,"href":"https:\/\/justicapotiguar.com.br\/index.php\/wp-json\/wp\/v2\/posts\/57120\/revisions"}],"predecessor-version":[{"id":57123,"href":"https:\/\/justicapotiguar.com.br\/index.php\/wp-json\/wp\/v2\/posts\/57120\/revisions\/57123"}],"wp:attachment":[{"href":"https:\/\/justicapotiguar.com.br\/index.php\/wp-json\/wp\/v2\/media?parent=57120"}],"wp:term":[{"taxonomy":"category","embeddable":true,"href":"https:\/\/justicapotiguar.com.br\/index.php\/wp-json\/wp\/v2\/categories?post=57120"},{"taxonomy":"post_tag","embeddable":true,"href":"https:\/\/justicapotiguar.com.br\/index.php\/wp-json\/wp\/v2\/tags?post=57120"}],"curies":[{"name":"wp","href":"https:\/\/api.w.org\/{rel}","templated":true}]}}