{"id":57107,"date":"2026-09-01T21:15:34","date_gmt":"2026-09-02T00:15:34","guid":{"rendered":"https:\/\/justicapotiguar.com.br\/?p=57107"},"modified":"2026-09-01T21:17:40","modified_gmt":"2026-09-02T00:17:40","slug":"gonet-pede-anulacao-de-relatorio-da-pf-e-questiona-investigacao-envolvendo-moraes","status":"publish","type":"post","link":"https:\/\/justicapotiguar.com.br\/index.php\/2026\/09\/01\/gonet-pede-anulacao-de-relatorio-da-pf-e-questiona-investigacao-envolvendo-moraes\/","title":{"rendered":"Gonet pede anula\u00e7\u00e3o de relat\u00f3rio da PF e questiona investiga\u00e7\u00e3o envolvendo Moraes"},"content":{"rendered":"\n<figure class=\"wp-block-image size-large\"><img loading=\"lazy\" width=\"1024\" height=\"683\" src=\"https:\/\/justicapotiguar.com.br\/wp-content\/uploads\/2026\/09\/alexandre-de-moraes-paulo-gonet-1024x683.jpg\" alt=\"\" class=\"wp-image-57109\" srcset=\"https:\/\/justicapotiguar.com.br\/wp-content\/uploads\/2026\/09\/alexandre-de-moraes-paulo-gonet-1024x683.jpg 1024w, https:\/\/justicapotiguar.com.br\/wp-content\/uploads\/2026\/09\/alexandre-de-moraes-paulo-gonet-300x200.jpg 300w, https:\/\/justicapotiguar.com.br\/wp-content\/uploads\/2026\/09\/alexandre-de-moraes-paulo-gonet-768x512.jpg 768w, https:\/\/justicapotiguar.com.br\/wp-content\/uploads\/2026\/09\/alexandre-de-moraes-paulo-gonet-1536x1024.jpg 1536w, https:\/\/justicapotiguar.com.br\/wp-content\/uploads\/2026\/09\/alexandre-de-moraes-paulo-gonet.jpg 2047w\" sizes=\"(max-width: 1024px) 100vw, 1024px\" \/><figcaption>Cr\u00e9dito: Gustavo Moreno\/STF<\/figcaption><\/figure>\n\n\n\n<p>O procurador-geral da Rep\u00fablica, Paulo Gonet, pediu nesta ter\u00e7a-feira (1\u00ba) a anula\u00e7\u00e3o do relat\u00f3rio da Pol\u00edcia Federal que analisou mensagens entre o ex-banqueiro Daniel Vorcaro, do Banco Master, e um interlocutor identificado como o ministro Alexandre de Moraes, do Supremo Tribunal Federal (STF).<\/p>\n\n\n\n<p>Para Gonet, o relator do caso, ministro Andr\u00e9 Mendon\u00e7a, extrapolou os limites de sua atua\u00e7\u00e3o ao determinar \u00e0 PF a an\u00e1lise do material apreendido no celular de Vorcaro. Segundo a PGR, a medida teria resultado, na pr\u00e1tica, em investiga\u00e7\u00e3o contra Moraes sem pr\u00e9via autoriza\u00e7\u00e3o da Corte.<\/p>\n\n\n\n<p>\u201cAo juiz n\u00e3o cabe acusar, menos ainda ao juiz cabe realizar investiga\u00e7\u00f5es pr\u00e9-processuais\u201d, afirmou Gonet. Na manifesta\u00e7\u00e3o, o procurador-geral sustenta que a ordem para investigar pessoas determinadas, sem requerimento do Minist\u00e9rio P\u00fablico ou iniciativa da autoridade policial, \u00e9 nula.<\/p><div class=\"nkhop6a97bd8aa7343\" ><!--<a href=\"https:\/\/bit.ly\/3QdrqTZ\" target=\"_blank\">\n<img src=\"https:\/\/justicapotiguar.com.br\/wp-content\/uploads\/2023\/09\/mobile-geral.gif\"\/><a\/>--><\/div><style type=\"text\/css\">\r\n.nkhop6a97bd8aa7343 {\r\ntext-align: center;\r\n}\r\n@media screen and (min-width: 1201px) {\r\n.nkhop6a97bd8aa7343 {\r\ndisplay: none;\r\n}\r\n}\r\n@media screen and (min-width: 993px) and (max-width: 1200px) {\r\n.nkhop6a97bd8aa7343 {\r\ndisplay: none;\r\n}\r\n}\r\n@media screen and (min-width: 769px) and (max-width: 992px) {\r\n.nkhop6a97bd8aa7343 {\r\ndisplay: none;\r\n}\r\n}\r\n@media screen and (min-width: 768px) and (max-width: 768px) {\r\n.nkhop6a97bd8aa7343 {\r\ndisplay: block;\r\n}\r\n}\r\n@media screen and (max-width: 767px) {\r\n.nkhop6a97bd8aa7343 {\r\ndisplay: block;\r\n}\r\n}\r\n<\/style>\r\n<div class=\"oxfbs6a97bd8aa7322\" ><!--<a href=\"https:\/\/bit.ly\/3QdrqTZ\" target=\"_blank\">\n<img src=\"https:\/\/justicapotiguar.com.br\/wp-content\/uploads\/2023\/09\/desktop-geral.gif\"\/><a\/>--><\/div><style type=\"text\/css\">\r\n.oxfbs6a97bd8aa7322 {\r\ntext-align: center;\nmargin-bottom: 1em;\r\n}\r\n@media screen and (min-width: 1201px) {\r\n.oxfbs6a97bd8aa7322 {\r\ndisplay: block;\r\n}\r\n}\r\n@media screen and (min-width: 993px) and (max-width: 1200px) {\r\n.oxfbs6a97bd8aa7322 {\r\ndisplay: block;\r\n}\r\n}\r\n@media screen and (min-width: 769px) and (max-width: 992px) {\r\n.oxfbs6a97bd8aa7322 {\r\ndisplay: block;\r\n}\r\n}\r\n@media screen and (min-width: 768px) and (max-width: 768px) {\r\n.oxfbs6a97bd8aa7322 {\r\ndisplay: none;\r\n}\r\n}\r\n@media screen and (max-width: 767px) {\r\n.oxfbs6a97bd8aa7322 {\r\ndisplay: none;\r\n}\r\n}\r\n<\/style>\r\n\n\n\n\n<p>A PGR argumenta ainda que, caso a PF identificasse ind\u00edcios envolvendo ministro do Supremo durante a investiga\u00e7\u00e3o, eventual aprofundamento deveria ser submetido \u00e0 Presid\u00eancia da Corte e ao plen\u00e1rio.<\/p>\n\n\n\n<p>O relat\u00f3rio foi elaborado ap\u00f3s Mendon\u00e7a determinar \u00e0 PF, em prazo de 72 horas, a an\u00e1lise dos di\u00e1logos recuperados do celular de Vorcaro. Segundo Gonet, cerca de 190 das 218 p\u00e1ginas do documento tratariam de elementos relacionados a Moraes. O pr\u00f3prio procurador-geral tamb\u00e9m \u00e9 citado no material.<\/p>\n\n\n\n<p>Mendon\u00e7a pretende levar a controv\u00e9rsia ao plen\u00e1rio do STF. A inclus\u00e3o do processo em pauta depender\u00e1 do presidente da Corte, ministro Edson Fachin.<br><br><em>Com informa\u00e7\u00f5es da Folha de S. Paulo<\/em><\/p>\n","protected":false},"excerpt":{"rendered":"<p>Mendon\u00e7a pretende levar a controv\u00e9rsia ao plen\u00e1rio do STF. A inclus\u00e3o do processo em pauta depender\u00e1 do presidente da Corte, ministro Edson Fachin.<br \/><a class=\"more-link\" href=\"https:\/\/justicapotiguar.com.br\/index.php\/2026\/09\/01\/gonet-pede-anulacao-de-relatorio-da-pf-e-questiona-investigacao-envolvendo-moraes\/\">Mais&#8230;<\/a><\/p>\n","protected":false},"author":8,"featured_media":0,"comment_status":"open","ping_status":"open","sticky":false,"template":"","format":"standard","meta":[],"categories":[3],"tags":[],"_links":{"self":[{"href":"https:\/\/justicapotiguar.com.br\/index.php\/wp-json\/wp\/v2\/posts\/57107"}],"collection":[{"href":"https:\/\/justicapotiguar.com.br\/index.php\/wp-json\/wp\/v2\/posts"}],"about":[{"href":"https:\/\/justicapotiguar.com.br\/index.php\/wp-json\/wp\/v2\/types\/post"}],"author":[{"embeddable":true,"href":"https:\/\/justicapotiguar.com.br\/index.php\/wp-json\/wp\/v2\/users\/8"}],"replies":[{"embeddable":true,"href":"https:\/\/justicapotiguar.com.br\/index.php\/wp-json\/wp\/v2\/comments?post=57107"}],"version-history":[{"count":3,"href":"https:\/\/justicapotiguar.com.br\/index.php\/wp-json\/wp\/v2\/posts\/57107\/revisions"}],"predecessor-version":[{"id":57111,"href":"https:\/\/justicapotiguar.com.br\/index.php\/wp-json\/wp\/v2\/posts\/57107\/revisions\/57111"}],"wp:attachment":[{"href":"https:\/\/justicapotiguar.com.br\/index.php\/wp-json\/wp\/v2\/media?parent=57107"}],"wp:term":[{"taxonomy":"category","embeddable":true,"href":"https:\/\/justicapotiguar.com.br\/index.php\/wp-json\/wp\/v2\/categories?post=57107"},{"taxonomy":"post_tag","embeddable":true,"href":"https:\/\/justicapotiguar.com.br\/index.php\/wp-json\/wp\/v2\/tags?post=57107"}],"curies":[{"name":"wp","href":"https:\/\/api.w.org\/{rel}","templated":true}]}}