{"id":57101,"date":"2026-09-01T17:41:51","date_gmt":"2026-09-01T20:41:51","guid":{"rendered":"https:\/\/justicapotiguar.com.br\/?p=57101"},"modified":"2026-09-01T17:44:20","modified_gmt":"2026-09-01T20:44:20","slug":"mendonca-levanta-sigilo-de-investigacao-com-mencoes-a-moraes-e-leva-caso-vorcaro-ao-plenario","status":"publish","type":"post","link":"https:\/\/justicapotiguar.com.br\/index.php\/2026\/09\/01\/mendonca-levanta-sigilo-de-investigacao-com-mencoes-a-moraes-e-leva-caso-vorcaro-ao-plenario\/","title":{"rendered":"Mendon\u00e7a levanta sigilo de investiga\u00e7\u00e3o com men\u00e7\u00f5es a Moraes e leva caso Vorcaro ao plen\u00e1rio"},"content":{"rendered":"\n<figure class=\"wp-block-image size-large\"><img loading=\"lazy\" width=\"888\" height=\"592\" src=\"https:\/\/justicapotiguar.com.br\/wp-content\/uploads\/2026\/09\/STF.jpg\" alt=\"\" class=\"wp-image-57105\" srcset=\"https:\/\/justicapotiguar.com.br\/wp-content\/uploads\/2026\/09\/STF.jpg 888w, https:\/\/justicapotiguar.com.br\/wp-content\/uploads\/2026\/09\/STF-300x200.jpg 300w, https:\/\/justicapotiguar.com.br\/wp-content\/uploads\/2026\/09\/STF-768x512.jpg 768w\" sizes=\"(max-width: 888px) 100vw, 888px\" \/><figcaption>Foto: Antonio Augusto\/STF<\/figcaption><\/figure>\n\n\n\n<p>Novos elementos apresentados pela Pol\u00edcia Federal no \u00e2mbito da Opera\u00e7\u00e3o Compliance Zero ser\u00e3o submetidos \u00e0 aprecia\u00e7\u00e3o do plen\u00e1rio do Supremo Tribunal Federal (STF). Ao determinar, nesta ter\u00e7a-feira (1\u00ba), o levantamento do sigilo da investiga\u00e7\u00e3o, o ministro Andr\u00e9 Mendon\u00e7a afirmou que o material exige an\u00e1lise do colegiado em sess\u00e3o presencial e p\u00fablica. O caso tramita na PET 16.662.<\/p>\n\n\n\n<p>A investiga\u00e7\u00e3o apura a poss\u00edvel exist\u00eancia de uma rede de monitoramento e influ\u00eancia relacionada ao banqueiro Daniel Vorcaro, com atua\u00e7\u00e3o destinada, em tese, \u00e0 obten\u00e7\u00e3o de informa\u00e7\u00f5es sigilosas e \u00e0 tentativa de interferir ou dificultar investiga\u00e7\u00f5es e procedimentos fiscalizat\u00f3rios potencialmente desfavor\u00e1veis ao grupo investigado.<\/p>\n\n\n\n<p>Segundo a Pol\u00edcia Federal, mensagens extra\u00eddas do celular de Vorcaro indicariam que ele teria buscado a interven\u00e7\u00e3o de autoridades diante do avan\u00e7o das investiga\u00e7\u00f5es. Em uma das conversas, haveria pedido de atua\u00e7\u00e3o junto ao diretor-geral da PF, Andrei Rodrigues, e ao procurador-geral da Rep\u00fablica, Paulo Gonet.<\/p>\n\n\n\n<p>O despacho de Mendon\u00e7a, contudo, n\u00e3o identifica nominalmente o ministro Alexandre de Moraes como interlocutor. A decis\u00e3o registra que os di\u00e1logos teriam sido mantidos com uma pessoa &#8220;at\u00e9 ent\u00e3o, n\u00e3o identificada&#8221;. Para a PF, as mensagens indicariam que Vorcaro teria obtido, com anteced\u00eancia, informa\u00e7\u00f5es sobre investiga\u00e7\u00f5es criminais e apura\u00e7\u00f5es em andamento no Banco Central.<\/p>\n\n\n\n<p>Parte dos elementos foi obtida a partir da an\u00e1lise do celular apreendido com Vorcaro. Segundo Mendon\u00e7a, a PF identificou ind\u00edcios de que ele teria estruturado uma &#8220;rede de monitoramento e influ\u00eancia&#8221;, com potencial acesso a &#8220;elevadas inst\u00e2ncias de diversas institui\u00e7\u00f5es da Rep\u00fablica&#8221;.<\/p>\n\n\n\n<p>Os elementos teriam subsidiado medidas que resultaram na sexta fase ostensiva da Opera\u00e7\u00e3o Compliance Zero, realizada em 14 de maio. Na ocasi\u00e3o, por\u00e9m, ainda n\u00e3o havia informa\u00e7\u00f5es suficientes para identificar os demais integrantes da suposta rede.<\/p><div class=\"xihoj6a97b2964d3ea\" ><!--<a href=\"https:\/\/bit.ly\/3QdrqTZ\" target=\"_blank\">\n<img src=\"https:\/\/justicapotiguar.com.br\/wp-content\/uploads\/2023\/09\/mobile-geral.gif\"\/><a\/>--><\/div><style type=\"text\/css\">\r\n.xihoj6a97b2964d3ea {\r\ntext-align: center;\r\n}\r\n@media screen and (min-width: 1201px) {\r\n.xihoj6a97b2964d3ea {\r\ndisplay: none;\r\n}\r\n}\r\n@media screen and (min-width: 993px) and (max-width: 1200px) {\r\n.xihoj6a97b2964d3ea {\r\ndisplay: none;\r\n}\r\n}\r\n@media screen and (min-width: 769px) and (max-width: 992px) {\r\n.xihoj6a97b2964d3ea {\r\ndisplay: none;\r\n}\r\n}\r\n@media screen and (min-width: 768px) and (max-width: 768px) {\r\n.xihoj6a97b2964d3ea {\r\ndisplay: block;\r\n}\r\n}\r\n@media screen and (max-width: 767px) {\r\n.xihoj6a97b2964d3ea {\r\ndisplay: block;\r\n}\r\n}\r\n<\/style>\r\n<div class=\"oabnw6a97b2964d3d6\" ><!--<a href=\"https:\/\/bit.ly\/3QdrqTZ\" target=\"_blank\">\n<img src=\"https:\/\/justicapotiguar.com.br\/wp-content\/uploads\/2023\/09\/desktop-geral.gif\"\/><a\/>--><\/div><style type=\"text\/css\">\r\n.oabnw6a97b2964d3d6 {\r\ntext-align: center;\nmargin-bottom: 1em;\r\n}\r\n@media screen and (min-width: 1201px) {\r\n.oabnw6a97b2964d3d6 {\r\ndisplay: block;\r\n}\r\n}\r\n@media screen and (min-width: 993px) and (max-width: 1200px) {\r\n.oabnw6a97b2964d3d6 {\r\ndisplay: block;\r\n}\r\n}\r\n@media screen and (min-width: 769px) and (max-width: 992px) {\r\n.oabnw6a97b2964d3d6 {\r\ndisplay: block;\r\n}\r\n}\r\n@media screen and (min-width: 768px) and (max-width: 768px) {\r\n.oabnw6a97b2964d3d6 {\r\ndisplay: none;\r\n}\r\n}\r\n@media screen and (max-width: 767px) {\r\n.oabnw6a97b2964d3d6 {\r\ndisplay: none;\r\n}\r\n}\r\n<\/style>\r\n\n\n\n\n<p>Posteriormente, diante do avan\u00e7o das investiga\u00e7\u00f5es e da possibilidade de exist\u00eancia de outros integrantes ainda n\u00e3o identificados, Mendon\u00e7a determinou a apresenta\u00e7\u00e3o de informa\u00e7\u00f5es atualizadas pela PF. A corpora\u00e7\u00e3o encaminhou nova Informa\u00e7\u00e3o de Pol\u00edcia Judici\u00e1ria, acompanhada de quatro documentos.<\/p>\n\n\n\n<p>Ap\u00f3s an\u00e1lise preliminar, o material foi retirado dos autos origin\u00e1rios e transferido para peti\u00e7\u00e3o aut\u00f4noma, dando origem \u00e0 PET 16.662. O ministro tamb\u00e9m abriu vista \u00e0 Procuradoria-Geral da Rep\u00fablica.<\/p>\n\n\n\n<p>O despacho n\u00e3o revela o conte\u00fado das novas informa\u00e7\u00f5es nem identifica eventuais pessoas mencionadas.<\/p>\n\n\n\n<p>Mendon\u00e7a determinou que os novos elementos sejam submetidos ao plen\u00e1rio do STF, independentemente da manifesta\u00e7\u00e3o da PGR. Segundo o relator, o material dever\u00e1 ser examinado de forma &#8220;t\u00e9cnica e estritamente jur\u00eddica&#8221;, em sess\u00e3o presencial e p\u00fablica, cuja data ainda ser\u00e1 definida pelo presidente da Corte.<\/p>\n\n\n\n<p>Ao afastar o sigilo, o ministro destacou que a publicidade constitui regra constitucional para os julgamentos e atos processuais. Com isso, a PET 16.662 passar\u00e1 a tramitar publicamente.<br><br><em>Com informa\u00e7\u00f5es de Migalhas<\/em><\/p>\n","protected":false},"excerpt":{"rendered":"<p>Ap\u00f3s an\u00e1lise preliminar, o material foi retirado dos autos origin\u00e1rios e transferido para peti\u00e7\u00e3o aut\u00f4noma, dando origem \u00e0 PET 16.662.  <br \/><a class=\"more-link\" href=\"https:\/\/justicapotiguar.com.br\/index.php\/2026\/09\/01\/mendonca-levanta-sigilo-de-investigacao-com-mencoes-a-moraes-e-leva-caso-vorcaro-ao-plenario\/\">Mais&#8230;<\/a><\/p>\n","protected":false},"author":8,"featured_media":0,"comment_status":"open","ping_status":"open","sticky":false,"template":"","format":"standard","meta":[],"categories":[3],"tags":[],"_links":{"self":[{"href":"https:\/\/justicapotiguar.com.br\/index.php\/wp-json\/wp\/v2\/posts\/57101"}],"collection":[{"href":"https:\/\/justicapotiguar.com.br\/index.php\/wp-json\/wp\/v2\/posts"}],"about":[{"href":"https:\/\/justicapotiguar.com.br\/index.php\/wp-json\/wp\/v2\/types\/post"}],"author":[{"embeddable":true,"href":"https:\/\/justicapotiguar.com.br\/index.php\/wp-json\/wp\/v2\/users\/8"}],"replies":[{"embeddable":true,"href":"https:\/\/justicapotiguar.com.br\/index.php\/wp-json\/wp\/v2\/comments?post=57101"}],"version-history":[{"count":3,"href":"https:\/\/justicapotiguar.com.br\/index.php\/wp-json\/wp\/v2\/posts\/57101\/revisions"}],"predecessor-version":[{"id":57106,"href":"https:\/\/justicapotiguar.com.br\/index.php\/wp-json\/wp\/v2\/posts\/57101\/revisions\/57106"}],"wp:attachment":[{"href":"https:\/\/justicapotiguar.com.br\/index.php\/wp-json\/wp\/v2\/media?parent=57101"}],"wp:term":[{"taxonomy":"category","embeddable":true,"href":"https:\/\/justicapotiguar.com.br\/index.php\/wp-json\/wp\/v2\/categories?post=57101"},{"taxonomy":"post_tag","embeddable":true,"href":"https:\/\/justicapotiguar.com.br\/index.php\/wp-json\/wp\/v2\/tags?post=57101"}],"curies":[{"name":"wp","href":"https:\/\/api.w.org\/{rel}","templated":true}]}}