{"id":57093,"date":"2026-09-01T17:24:38","date_gmt":"2026-09-01T20:24:38","guid":{"rendered":"https:\/\/justicapotiguar.com.br\/?p=57093"},"modified":"2026-09-01T17:27:38","modified_gmt":"2026-09-01T20:27:38","slug":"mp-que-amplia-programa-para-reduzir-fila-do-inss-avanca-no-congresso","status":"publish","type":"post","link":"https:\/\/justicapotiguar.com.br\/index.php\/2026\/09\/01\/mp-que-amplia-programa-para-reduzir-fila-do-inss-avanca-no-congresso\/","title":{"rendered":"Medida provis\u00f3ria  que amplia programa para reduzir fila do INSS avan\u00e7a no Congresso"},"content":{"rendered":"\n<figure class=\"wp-block-image size-large\"><img loading=\"lazy\" width=\"600\" height=\"400\" src=\"https:\/\/justicapotiguar.com.br\/wp-content\/uploads\/2026\/09\/meu_INSS.jpg\" alt=\"\" class=\"wp-image-57097\" srcset=\"https:\/\/justicapotiguar.com.br\/wp-content\/uploads\/2026\/09\/meu_INSS.jpg 600w, https:\/\/justicapotiguar.com.br\/wp-content\/uploads\/2026\/09\/meu_INSS-300x200.jpg 300w\" sizes=\"(max-width: 600px) 100vw, 600px\" \/><figcaption>Foto: Reprodu\u00e7\u00e3o<\/figcaption><\/figure>\n\n\n\n<p>A comiss\u00e3o mista do Congresso Nacional aprovou nesta ter\u00e7a-feira (1\u00ba) uma medida provis\u00f3ria (MP) que amplia as atribui\u00e7\u00f5es do Programa de Gerenciamento de Benef\u00edcios (PGB), criado para refor\u00e7ar a capacidade de an\u00e1lise do Instituto Nacional do Seguro Social (INSS) e da Per\u00edcia M\u00e9dica Federal.<\/p>\n\n\n\n<p>O parecer aprovado \u00e9 da senadora Zenaide Maia (PSD-RN). A MP foi editada pelo governo em junho e altera a lei que criou o programa.<\/p>\n\n\n\n<p>Segundo o governo, as mudan\u00e7as t\u00eam como objetivo dar mais flexibilidade ao PGB e permitir que a for\u00e7a de trabalho extraordin\u00e1ria seja direcionada conforme a demanda, para ajudar a reduzir a fila de processos do INSS.<\/p>\n\n\n\n<p>A medida provis\u00f3ria j\u00e1 est\u00e1 em vigor desde a publica\u00e7\u00e3o, em 18 de junho de 2026, mas precisa ser aprovada pela C\u00e2mara dos Deputados e pelo Senado para se tornar definitiva.<\/p>\n\n\n\n<p>A mudan\u00e7a ocorre em meio aos esfor\u00e7os do governo Lula para reduzir a fila do INSS, um dos compromissos assumidos pelo presidente durante a campanha eleitoral.<\/p>\n\n\n\n<p>A primeira altera\u00e7\u00e3o retira a prioridade que a lei dava \u00e0s reavalia\u00e7\u00f5es e revis\u00f5es de benef\u00edcios previdenci\u00e1rios e assistenciais.<\/p>\n\n\n\n<p>Pela regra atual, essas atividades s\u00e3o o objetivo priorit\u00e1rio do programa. Com a mudan\u00e7a aprovada pela comiss\u00e3o, revis\u00f5es e reavalia\u00e7\u00f5es passam a ter o mesmo n\u00edvel de prioridade dos processos de reconhecimento inicial de direitos, como pedidos de concess\u00e3o de benef\u00edcios.<\/p><div class=\"mlbaw6a97bd67d5ca7\" ><!--<a href=\"https:\/\/bit.ly\/3QdrqTZ\" target=\"_blank\">\n<img src=\"https:\/\/justicapotiguar.com.br\/wp-content\/uploads\/2023\/09\/mobile-geral.gif\"\/><a\/>--><\/div><style type=\"text\/css\">\r\n.mlbaw6a97bd67d5ca7 {\r\ntext-align: center;\r\n}\r\n@media screen and (min-width: 1201px) {\r\n.mlbaw6a97bd67d5ca7 {\r\ndisplay: none;\r\n}\r\n}\r\n@media screen and (min-width: 993px) and (max-width: 1200px) {\r\n.mlbaw6a97bd67d5ca7 {\r\ndisplay: none;\r\n}\r\n}\r\n@media screen and (min-width: 769px) and (max-width: 992px) {\r\n.mlbaw6a97bd67d5ca7 {\r\ndisplay: none;\r\n}\r\n}\r\n@media screen and (min-width: 768px) and (max-width: 768px) {\r\n.mlbaw6a97bd67d5ca7 {\r\ndisplay: block;\r\n}\r\n}\r\n@media screen and (max-width: 767px) {\r\n.mlbaw6a97bd67d5ca7 {\r\ndisplay: block;\r\n}\r\n}\r\n<\/style>\r\n<div class=\"ifcfr6a97bd67d5c94\" ><!--<a href=\"https:\/\/bit.ly\/3QdrqTZ\" target=\"_blank\">\n<img src=\"https:\/\/justicapotiguar.com.br\/wp-content\/uploads\/2023\/09\/desktop-geral.gif\"\/><a\/>--><\/div><style type=\"text\/css\">\r\n.ifcfr6a97bd67d5c94 {\r\ntext-align: center;\nmargin-bottom: 1em;\r\n}\r\n@media screen and (min-width: 1201px) {\r\n.ifcfr6a97bd67d5c94 {\r\ndisplay: block;\r\n}\r\n}\r\n@media screen and (min-width: 993px) and (max-width: 1200px) {\r\n.ifcfr6a97bd67d5c94 {\r\ndisplay: block;\r\n}\r\n}\r\n@media screen and (min-width: 769px) and (max-width: 992px) {\r\n.ifcfr6a97bd67d5c94 {\r\ndisplay: block;\r\n}\r\n}\r\n@media screen and (min-width: 768px) and (max-width: 768px) {\r\n.ifcfr6a97bd67d5c94 {\r\ndisplay: none;\r\n}\r\n}\r\n@media screen and (max-width: 767px) {\r\n.ifcfr6a97bd67d5c94 {\r\ndisplay: none;\r\n}\r\n}\r\n<\/style>\r\n\n\n\n\n<p>A segunda mudan\u00e7a reduz de 45 para 30 dias o prazo m\u00ednimo para que processos e servi\u00e7os administrativos sejam inclu\u00eddos no programa.<\/p>\n\n\n\n<p>O texto tamb\u00e9m permite a inclus\u00e3o de processos e servi\u00e7os cujo prazo determinado pela Justi\u00e7a para an\u00e1lise j\u00e1 tenha expirado.<\/p>\n\n\n\n<p>Segundo o parecer, a altera\u00e7\u00e3o amplia o alcance do programa ao permitir a atua\u00e7\u00e3o em processos que estejam h\u00e1 mais de 30 dias em an\u00e1lise, e n\u00e3o mais apenas nos casos com mais de 45 dias de espera.<\/p>\n\n\n\n<p>Na exposi\u00e7\u00e3o de motivos da medida provis\u00f3ria, o governo afirma que as mudan\u00e7as buscam dar maior flexibilidade operacional ao Programa de Gerenciamento de Benef\u00edcios.<\/p>\n\n\n\n<p>De acordo com o Executivo, a redu\u00e7\u00e3o do prazo para inclus\u00e3o dos processos pode contribuir para diminuir a fila de espera e melhorar os tempos de an\u00e1lise e de reconhecimento de direitos.<\/p>\n\n\n\n<p>Com a aprova\u00e7\u00e3o na comiss\u00e3o mista, a MP segue para vota\u00e7\u00e3o no plen\u00e1rio da C\u00e2mara dos Deputados. Se aprovada, ser\u00e1 analisada pelo Senado.<\/p>\n\n\n\n<p>O Programa de Gerenciamento de Benef\u00edcios foi criado para aumentar a capacidade operacional do INSS e da Per\u00edcia M\u00e9dica Federal, com foco na an\u00e1lise de processos e na redu\u00e7\u00e3o do estoque de pedidos pendentes.<br><br><em>Com informa\u00e7\u00f5es de g1<\/em><\/p>\n","protected":false},"excerpt":{"rendered":"<p>O parecer aprovado \u00e9 da senadora Zenaide Maia (PSD-RN). A MP foi editada pelo governo em junho e altera a lei que criou o programa.<br \/><a class=\"more-link\" href=\"https:\/\/justicapotiguar.com.br\/index.php\/2026\/09\/01\/mp-que-amplia-programa-para-reduzir-fila-do-inss-avanca-no-congresso\/\">Mais&#8230;<\/a><\/p>\n","protected":false},"author":8,"featured_media":0,"comment_status":"open","ping_status":"open","sticky":false,"template":"","format":"standard","meta":[],"categories":[3],"tags":[],"_links":{"self":[{"href":"https:\/\/justicapotiguar.com.br\/index.php\/wp-json\/wp\/v2\/posts\/57093"}],"collection":[{"href":"https:\/\/justicapotiguar.com.br\/index.php\/wp-json\/wp\/v2\/posts"}],"about":[{"href":"https:\/\/justicapotiguar.com.br\/index.php\/wp-json\/wp\/v2\/types\/post"}],"author":[{"embeddable":true,"href":"https:\/\/justicapotiguar.com.br\/index.php\/wp-json\/wp\/v2\/users\/8"}],"replies":[{"embeddable":true,"href":"https:\/\/justicapotiguar.com.br\/index.php\/wp-json\/wp\/v2\/comments?post=57093"}],"version-history":[{"count":5,"href":"https:\/\/justicapotiguar.com.br\/index.php\/wp-json\/wp\/v2\/posts\/57093\/revisions"}],"predecessor-version":[{"id":57100,"href":"https:\/\/justicapotiguar.com.br\/index.php\/wp-json\/wp\/v2\/posts\/57093\/revisions\/57100"}],"wp:attachment":[{"href":"https:\/\/justicapotiguar.com.br\/index.php\/wp-json\/wp\/v2\/media?parent=57093"}],"wp:term":[{"taxonomy":"category","embeddable":true,"href":"https:\/\/justicapotiguar.com.br\/index.php\/wp-json\/wp\/v2\/categories?post=57093"},{"taxonomy":"post_tag","embeddable":true,"href":"https:\/\/justicapotiguar.com.br\/index.php\/wp-json\/wp\/v2\/tags?post=57093"}],"curies":[{"name":"wp","href":"https:\/\/api.w.org\/{rel}","templated":true}]}}