{"id":57074,"date":"2026-08-31T21:09:00","date_gmt":"2026-09-01T00:09:00","guid":{"rendered":"https:\/\/justicapotiguar.com.br\/?p=57074"},"modified":"2026-08-31T21:34:26","modified_gmt":"2026-09-01T00:34:26","slug":"defesa-de-renan-santos-aposta-em-plenario-do-tse-para-derrubar-suspensao-da-campanha","status":"publish","type":"post","link":"https:\/\/justicapotiguar.com.br\/index.php\/2026\/08\/31\/defesa-de-renan-santos-aposta-em-plenario-do-tse-para-derrubar-suspensao-da-campanha\/","title":{"rendered":"Defesa de Renan Santos tenta reverter cautelar de Toffoli que restringiu campanha"},"content":{"rendered":"\n<figure class=\"wp-block-image size-large\"><img loading=\"lazy\" width=\"768\" height=\"576\" src=\"https:\/\/justicapotiguar.com.br\/wp-content\/uploads\/2026\/08\/renan-1.jpg\" alt=\"\" class=\"wp-image-57080\" srcset=\"https:\/\/justicapotiguar.com.br\/wp-content\/uploads\/2026\/08\/renan-1.jpg 768w, https:\/\/justicapotiguar.com.br\/wp-content\/uploads\/2026\/08\/renan-1-300x225.jpg 300w\" sizes=\"(max-width: 768px) 100vw, 768px\" \/><figcaption>Foto: Gilberto Cardoso\/<a href=\"http:\/\/Gilberto Cardoso\/CNM\">CNM<\/a><\/figcaption><\/figure>\n\n\n\n<p>A defesa do candidato \u00e0 Presid\u00eancia da Rep\u00fablica Renan Santos (Miss\u00e3o) espera reverter no Tribunal Superior Eleitoral (TSE) as medidas cautelares impostas pelo ministro Dias Toffoli \u00e0 campanha do presidenci\u00e1vel. O advogado Arthur Rollo acredita que a decis\u00e3o poder\u00e1 ser revista pelo plen\u00e1rio da Corte j\u00e1 nesta ter\u00e7a-feira (1\u00ba), embora ainda n\u00e3o haja confirma\u00e7\u00e3o oficial de que o caso esteja pautado para julgamento.<\/p>\n\n\n\n<p>\u201cEu acho que essa decis\u00e3o n\u00e3o se sustenta juridicamente e \u00e9 uma decis\u00e3o isolada que vai ser revista pelo plen\u00e1rio do TSE\u201d, afirmou Rollo em entrevista ao programa Em Foco, de VEJA.<\/p>\n\n\n\n<p>No Registro de Candidatura n\u00ba 0601415-52.2026.6.00.0000, Toffoli determinou cautelarmente a suspens\u00e3o da propaganda eleitoral realizada em endere\u00e7os eletr\u00f4nicos que n\u00e3o foram informados tempestivamente \u00e0 Justi\u00e7a Eleitoral. A ordem n\u00e3o alcan\u00e7a os canais regularmente declarados pela campanha.<\/p>\n\n\n\n<p>O ministro tamb\u00e9m suspendeu novos repasses do Fundo Especial de Financiamento de Campanha (FEFC), proibiu a utiliza\u00e7\u00e3o de recursos eventualmente j\u00e1 transferidos e impediu Renan Santos de participar de debates em r\u00e1dio, televis\u00e3o, podcasts ou outros meios de comunica\u00e7\u00e3o.<\/p>\n\n\n\n<p>A medida decorreu de questionamentos sobre a comunica\u00e7\u00e3o dos perfis digitais utilizados pela chapa. O pedido de registro foi apresentado em 7 de agosto e, em 19 de agosto, Renan Santos e o candidato a vice-presidente, Aroldo Medina, apresentaram peti\u00e7\u00f5es complementares informando 18 perfis em redes sociais.<\/p>\n\n\n\n<p>Segundo Toffoli, a situa\u00e7\u00e3o pode caracterizar descumprimento do art. 57-B da Lei das Elei\u00e7\u00f5es e das resolu\u00e7\u00f5es do TSE que disciplinam o registro de candidaturas e a propaganda eleitoral na internet.<\/p><div class=\"jmpxw6a966b5937694\" ><!--<a href=\"https:\/\/bit.ly\/3QdrqTZ\" target=\"_blank\">\n<img src=\"https:\/\/justicapotiguar.com.br\/wp-content\/uploads\/2023\/09\/mobile-geral.gif\"\/><a\/>--><\/div><style type=\"text\/css\">\r\n.jmpxw6a966b5937694 {\r\ntext-align: center;\r\n}\r\n@media screen and (min-width: 1201px) {\r\n.jmpxw6a966b5937694 {\r\ndisplay: none;\r\n}\r\n}\r\n@media screen and (min-width: 993px) and (max-width: 1200px) {\r\n.jmpxw6a966b5937694 {\r\ndisplay: none;\r\n}\r\n}\r\n@media screen and (min-width: 769px) and (max-width: 992px) {\r\n.jmpxw6a966b5937694 {\r\ndisplay: none;\r\n}\r\n}\r\n@media screen and (min-width: 768px) and (max-width: 768px) {\r\n.jmpxw6a966b5937694 {\r\ndisplay: block;\r\n}\r\n}\r\n@media screen and (max-width: 767px) {\r\n.jmpxw6a966b5937694 {\r\ndisplay: block;\r\n}\r\n}\r\n<\/style>\r\n<div class=\"testj6a966b5937680\" ><!--<a href=\"https:\/\/bit.ly\/3QdrqTZ\" target=\"_blank\">\n<img src=\"https:\/\/justicapotiguar.com.br\/wp-content\/uploads\/2023\/09\/desktop-geral.gif\"\/><a\/>--><\/div><style type=\"text\/css\">\r\n.testj6a966b5937680 {\r\ntext-align: center;\nmargin-bottom: 1em;\r\n}\r\n@media screen and (min-width: 1201px) {\r\n.testj6a966b5937680 {\r\ndisplay: block;\r\n}\r\n}\r\n@media screen and (min-width: 993px) and (max-width: 1200px) {\r\n.testj6a966b5937680 {\r\ndisplay: block;\r\n}\r\n}\r\n@media screen and (min-width: 769px) and (max-width: 992px) {\r\n.testj6a966b5937680 {\r\ndisplay: block;\r\n}\r\n}\r\n@media screen and (min-width: 768px) and (max-width: 768px) {\r\n.testj6a966b5937680 {\r\ndisplay: none;\r\n}\r\n}\r\n@media screen and (max-width: 767px) {\r\n.testj6a966b5937680 {\r\ndisplay: none;\r\n}\r\n}\r\n<\/style>\r\n\n\n\n\n<p>A defesa sustenta que houve falha no sistema da Justi\u00e7a Eleitoral e afirma que a controv\u00e9rsia relativa ao cadastramento dos perfis n\u00e3o justificaria medidas capazes de restringir outros instrumentos da campanha eleitoral.<\/p>\n\n\n\n<p>Rollo informou que prepara mandado de seguran\u00e7a com pedido de liminar para tentar suspender os efeitos da decis\u00e3o. Paralelamente, espera que a pr\u00f3pria Corte reveja a medida.<\/p>\n\n\n\n<p>Na avalia\u00e7\u00e3o do advogado, a cautelar j\u00e1 provocou preju\u00edzo \u00e0 campanha ao impedir a participa\u00e7\u00e3o de Renan em sabatinas e debates. A VEJA, que entrevistaria o candidato nesta segunda-feira (31), deixou de realizar a sabatina ap\u00f3s a decis\u00e3o.<\/p>\n\n\n\n<p>\u201cO estrago j\u00e1 est\u00e1 feito. Eu tenho esperan\u00e7a de que amanh\u00e3 a gente reverta isso\u201d, afirmou.<\/p>\n\n\n\n<p>O advogado tamb\u00e9m sustenta que a decis\u00e3o foi proferida sem pr\u00e9via manifesta\u00e7\u00e3o da defesa e questiona a proporcionalidade das restri\u00e7\u00f5es impostas. Segundo Rollo, eventual irregularidade na comunica\u00e7\u00e3o dos perfis digitais deveria ser apurada pelos instrumentos pr\u00f3prios da legisla\u00e7\u00e3o eleitoral, sem impedir a participa\u00e7\u00e3o do candidato em outras atividades de campanha.<\/p>\n\n\n\n<p>O registro da candidatura de Renan Santos permanece pendente de julgamento. A decis\u00e3o de Toffoli tem natureza cautelar e, at\u00e9 o momento, n\u00e3o representa cassa\u00e7\u00e3o nem indeferimento da candidatura.<br><br><em>Com informa\u00e7\u00f5es de VEJA<\/em><\/p>\n","protected":false},"excerpt":{"rendered":"<p>O advogado informou que prepara mandado de seguran\u00e7a com pedido de liminar para tentar suspender os efeitos da decis\u00e3o. Paralelamente, espera que a pr\u00f3pria Corte reveja a medida.<br \/><a class=\"more-link\" href=\"https:\/\/justicapotiguar.com.br\/index.php\/2026\/08\/31\/defesa-de-renan-santos-aposta-em-plenario-do-tse-para-derrubar-suspensao-da-campanha\/\">Mais&#8230;<\/a><\/p>\n","protected":false},"author":8,"featured_media":0,"comment_status":"open","ping_status":"open","sticky":false,"template":"","format":"standard","meta":[],"categories":[3],"tags":[],"_links":{"self":[{"href":"https:\/\/justicapotiguar.com.br\/index.php\/wp-json\/wp\/v2\/posts\/57074"}],"collection":[{"href":"https:\/\/justicapotiguar.com.br\/index.php\/wp-json\/wp\/v2\/posts"}],"about":[{"href":"https:\/\/justicapotiguar.com.br\/index.php\/wp-json\/wp\/v2\/types\/post"}],"author":[{"embeddable":true,"href":"https:\/\/justicapotiguar.com.br\/index.php\/wp-json\/wp\/v2\/users\/8"}],"replies":[{"embeddable":true,"href":"https:\/\/justicapotiguar.com.br\/index.php\/wp-json\/wp\/v2\/comments?post=57074"}],"version-history":[{"count":8,"href":"https:\/\/justicapotiguar.com.br\/index.php\/wp-json\/wp\/v2\/posts\/57074\/revisions"}],"predecessor-version":[{"id":57077,"href":"https:\/\/justicapotiguar.com.br\/index.php\/wp-json\/wp\/v2\/posts\/57074\/revisions\/57077"}],"wp:attachment":[{"href":"https:\/\/justicapotiguar.com.br\/index.php\/wp-json\/wp\/v2\/media?parent=57074"}],"wp:term":[{"taxonomy":"category","embeddable":true,"href":"https:\/\/justicapotiguar.com.br\/index.php\/wp-json\/wp\/v2\/categories?post=57074"},{"taxonomy":"post_tag","embeddable":true,"href":"https:\/\/justicapotiguar.com.br\/index.php\/wp-json\/wp\/v2\/tags?post=57074"}],"curies":[{"name":"wp","href":"https:\/\/api.w.org\/{rel}","templated":true}]}}