{"id":57068,"date":"2026-08-31T20:58:03","date_gmt":"2026-08-31T23:58:03","guid":{"rendered":"https:\/\/justicapotiguar.com.br\/?p=57068"},"modified":"2026-08-31T21:00:07","modified_gmt":"2026-09-01T00:00:07","slug":"mae-do-menino-miguel-se-forma-em-direito-e-leva-foto-do-filho-a-cerimonia-no-recife","status":"publish","type":"post","link":"https:\/\/justicapotiguar.com.br\/index.php\/2026\/08\/31\/mae-do-menino-miguel-se-forma-em-direito-e-leva-foto-do-filho-a-cerimonia-no-recife\/","title":{"rendered":"M\u00e3e do menino Miguel se forma em direito e leva foto do filho \u00e0 cerim\u00f4nia no Recife"},"content":{"rendered":"\n<figure class=\"wp-block-image size-large\"><img loading=\"lazy\" width=\"800\" height=\"560\" src=\"https:\/\/justicapotiguar.com.br\/wp-content\/uploads\/2026\/08\/mae_miguel.jpeg\" alt=\"\" class=\"wp-image-57071\" srcset=\"https:\/\/justicapotiguar.com.br\/wp-content\/uploads\/2026\/08\/mae_miguel.jpeg 800w, https:\/\/justicapotiguar.com.br\/wp-content\/uploads\/2026\/08\/mae_miguel-300x210.jpeg 300w, https:\/\/justicapotiguar.com.br\/wp-content\/uploads\/2026\/08\/mae_miguel-768x538.jpeg 768w\" sizes=\"(max-width: 800px) 100vw, 800px\" \/><figcaption>Foto: Reprodu\u00e7\u00e3o\/ Instagram \/ @mirtesrenata<\/figcaption><\/figure>\n\n\n\n<p>Mirtes Renata Santana, m\u00e3e de Miguel Ot\u00e1vio, concluiu a gradua\u00e7\u00e3o em Direito e homenageou o filho durante a cerim\u00f4nia de formatura, realizada no s\u00e1bado (29), no Recife.<\/p>\n\n\n\n<p>Ao entrar no sal\u00e3o, Mirtes carregava um porta-retrato com uma fotografia do menino. O momento foi acompanhado pela m\u00fasica Maria, Maria, de Milton Nascimento e Fernando Brant.<\/p>\n\n\n\n<p>Imagens de Miguel tamb\u00e9m foram projetadas no tel\u00e3o da cerim\u00f4nia. De p\u00e9, os convidados acompanharam a homenagem e aplaudiram Mirtes enquanto ela atravessava o sal\u00e3o.<\/p>\n\n\n\n<p>A formanda entrou acompanhada da m\u00e3e, Marta Santana, da irm\u00e3, Fabiana Patr\u00edcia, e de duas amigas. A presen\u00e7a da fam\u00edlia marcou a conclus\u00e3o de uma trajet\u00f3ria iniciada ap\u00f3s a morte de Miguel, em 2020.<\/p>\n\n\n\n<p>Mirtes decidiu cursar Direito depois de perder o filho e passou a associar a forma\u00e7\u00e3o acad\u00eamica \u00e0 busca por justi\u00e7a e \u00e0 defesa de pessoas em situa\u00e7\u00e3o de vulnerabilidade.<br><br>\u201cFoi uma caminhada muito dif\u00edcil, marcada por muita dor, muitos desafios. Muitas vezes pensei que n\u00e3o ia conseguir chegar at\u00e9 essa data, mas Miguel sempre foi o meu prop\u00f3sito para continuar. Cada passo dessa caminhada \u00e9 sobre ele, \u00e9 para honrar ele\u201d, afirmou.<\/p>\n\n\n\n<p>Em 2025, Mirtes obteve nota m\u00e1xima no trabalho de conclus\u00e3o de curso (TCC). O estudo abordou a escravid\u00e3o contempor\u00e2nea e as viola\u00e7\u00f5es enfrentadas por trabalhadoras dom\u00e9sticas no Brasil.<\/p><div class=\"gzfwy6a966b7d4fb3b\" ><!--<a href=\"https:\/\/bit.ly\/3QdrqTZ\" target=\"_blank\">\n<img src=\"https:\/\/justicapotiguar.com.br\/wp-content\/uploads\/2023\/09\/mobile-geral.gif\"\/><a\/>--><\/div><style type=\"text\/css\">\r\n.gzfwy6a966b7d4fb3b {\r\ntext-align: center;\r\n}\r\n@media screen and (min-width: 1201px) {\r\n.gzfwy6a966b7d4fb3b {\r\ndisplay: none;\r\n}\r\n}\r\n@media screen and (min-width: 993px) and (max-width: 1200px) {\r\n.gzfwy6a966b7d4fb3b {\r\ndisplay: none;\r\n}\r\n}\r\n@media screen and (min-width: 769px) and (max-width: 992px) {\r\n.gzfwy6a966b7d4fb3b {\r\ndisplay: none;\r\n}\r\n}\r\n@media screen and (min-width: 768px) and (max-width: 768px) {\r\n.gzfwy6a966b7d4fb3b {\r\ndisplay: block;\r\n}\r\n}\r\n@media screen and (max-width: 767px) {\r\n.gzfwy6a966b7d4fb3b {\r\ndisplay: block;\r\n}\r\n}\r\n<\/style>\r\n<div class=\"mjpgk6a966b7d4fb26\" ><!--<a href=\"https:\/\/bit.ly\/3QdrqTZ\" target=\"_blank\">\n<img src=\"https:\/\/justicapotiguar.com.br\/wp-content\/uploads\/2023\/09\/desktop-geral.gif\"\/><a\/>--><\/div><style type=\"text\/css\">\r\n.mjpgk6a966b7d4fb26 {\r\ntext-align: center;\nmargin-bottom: 1em;\r\n}\r\n@media screen and (min-width: 1201px) {\r\n.mjpgk6a966b7d4fb26 {\r\ndisplay: block;\r\n}\r\n}\r\n@media screen and (min-width: 993px) and (max-width: 1200px) {\r\n.mjpgk6a966b7d4fb26 {\r\ndisplay: block;\r\n}\r\n}\r\n@media screen and (min-width: 769px) and (max-width: 992px) {\r\n.mjpgk6a966b7d4fb26 {\r\ndisplay: block;\r\n}\r\n}\r\n@media screen and (min-width: 768px) and (max-width: 768px) {\r\n.mjpgk6a966b7d4fb26 {\r\ndisplay: none;\r\n}\r\n}\r\n@media screen and (max-width: 767px) {\r\n.mjpgk6a966b7d4fb26 {\r\ndisplay: none;\r\n}\r\n}\r\n<\/style>\r\n\n\n\n\n<p>Miguel Ot\u00e1vio Santana da Silva morreu em 2 de junho de 2020, aos 5 anos, ap\u00f3s cair do nono andar de um edif\u00edcio de luxo no bairro de S\u00e3o Jos\u00e9, na regi\u00e3o central do Recife.<\/p>\n\n\n\n<p>Naquele dia, Mirtes trabalhava como empregada dom\u00e9stica e havia sa\u00eddo para passear com os cachorros dos patr\u00f5es. Miguel permaneceu no apartamento sob os cuidados de Sar\u00ed Corte Real, ent\u00e3o empregadora de Mirtes.<\/p>\n\n\n\n<p>Imagens das c\u00e2meras de seguran\u00e7a registraram o menino entrando sozinho no elevador. Ele chegou ao nono andar, acessou uma \u00e1rea t\u00e9cnica do pr\u00e9dio e caiu de uma altura de aproximadamente 35 metros.<\/p>\n\n\n\n<p>Sar\u00ed Corte Real foi condenada por abandono de incapaz com resultado morte. Em maio de 2026, a Se\u00e7\u00e3o Criminal do Tribunal de Justi\u00e7a de Pernambuco manteve a pena de sete anos de pris\u00e3o, em regime inicial fechado.<\/p>\n\n\n\n<p>A condenada, no entanto, permanece respondendo ao processo em liberdade enquanto ainda houver possibilidade de recurso.<br><br><em>Com informa\u00e7\u00f5es do portal Terra<\/em><\/p>\n","protected":false},"excerpt":{"rendered":"<p>Miguel Ot\u00e1vio Santana da Silva morreu em 2 de junho de 2020, aos 5 anos, ap\u00f3s cair do nono andar de um edif\u00edcio de luxo no bairro de S\u00e3o Jos\u00e9, na regi\u00e3o central do Recife.<br \/><a class=\"more-link\" href=\"https:\/\/justicapotiguar.com.br\/index.php\/2026\/08\/31\/mae-do-menino-miguel-se-forma-em-direito-e-leva-foto-do-filho-a-cerimonia-no-recife\/\">Mais&#8230;<\/a><\/p>\n","protected":false},"author":8,"featured_media":0,"comment_status":"open","ping_status":"open","sticky":false,"template":"","format":"standard","meta":[],"categories":[3],"tags":[],"_links":{"self":[{"href":"https:\/\/justicapotiguar.com.br\/index.php\/wp-json\/wp\/v2\/posts\/57068"}],"collection":[{"href":"https:\/\/justicapotiguar.com.br\/index.php\/wp-json\/wp\/v2\/posts"}],"about":[{"href":"https:\/\/justicapotiguar.com.br\/index.php\/wp-json\/wp\/v2\/types\/post"}],"author":[{"embeddable":true,"href":"https:\/\/justicapotiguar.com.br\/index.php\/wp-json\/wp\/v2\/users\/8"}],"replies":[{"embeddable":true,"href":"https:\/\/justicapotiguar.com.br\/index.php\/wp-json\/wp\/v2\/comments?post=57068"}],"version-history":[{"count":3,"href":"https:\/\/justicapotiguar.com.br\/index.php\/wp-json\/wp\/v2\/posts\/57068\/revisions"}],"predecessor-version":[{"id":57073,"href":"https:\/\/justicapotiguar.com.br\/index.php\/wp-json\/wp\/v2\/posts\/57068\/revisions\/57073"}],"wp:attachment":[{"href":"https:\/\/justicapotiguar.com.br\/index.php\/wp-json\/wp\/v2\/media?parent=57068"}],"wp:term":[{"taxonomy":"category","embeddable":true,"href":"https:\/\/justicapotiguar.com.br\/index.php\/wp-json\/wp\/v2\/categories?post=57068"},{"taxonomy":"post_tag","embeddable":true,"href":"https:\/\/justicapotiguar.com.br\/index.php\/wp-json\/wp\/v2\/tags?post=57068"}],"curies":[{"name":"wp","href":"https:\/\/api.w.org\/{rel}","templated":true}]}}