{"id":57065,"date":"2026-08-31T12:56:36","date_gmt":"2026-08-31T15:56:36","guid":{"rendered":"https:\/\/justicapotiguar.com.br\/?p=57065"},"modified":"2026-08-31T12:56:36","modified_gmt":"2026-08-31T15:56:36","slug":"procuradora-iadya-gama-lanca-livro-sobre-aposentadoria-compulsoria-e-etarismo-no-servico-publico","status":"publish","type":"post","link":"https:\/\/justicapotiguar.com.br\/index.php\/2026\/08\/31\/procuradora-iadya-gama-lanca-livro-sobre-aposentadoria-compulsoria-e-etarismo-no-servico-publico\/","title":{"rendered":"Procuradora Iadya Gama lan\u00e7a livro sobre aposentadoria compuls\u00f3ria e etarismo no servi\u00e7o p\u00fablico"},"content":{"rendered":"\n<p>A procuradora de Justi\u00e7a Iadya Gama Maio vai lan\u00e7ar o livro Aposentadoria Compuls\u00f3ria e o Paradoxo Constitucional do Etarismo \u2013 Direitos Humanos e o Controle de Convencionalidade no dia 8 de setembro, \u00e0s 17h, na sede da Associa\u00e7\u00e3o do Minist\u00e9rio P\u00fablico do Rio Grande do Norte (Ampern), em Natal.<\/p>\n\n\n\n<p>A obra analisa a regra da aposentadoria compuls\u00f3ria por idade no servi\u00e7o p\u00fablico brasileiro, que atualmente ocorre aos 75 anos. O texto aborda o conflito existente na Constitui\u00e7\u00e3o Federal, que pro\u00edbe a discrimina\u00e7\u00e3o por idade, mas ao mesmo tempo fixa um limite de idade para o afastamento obrigat\u00f3rio do servidor p\u00fablico.<\/p>\n\n\n\n<p>Iadya Gama Maio, que \u00e9 titular da 7\u00aa Procuradoria de Justi\u00e7a e membro do Minist\u00e9rio P\u00fablico do Rio Grande do Norte, questiona a presun\u00e7\u00e3o de incapacidade para o trabalho fundamentada exclusivamente na idade cronol\u00f3gica. O estudo utiliza como par\u00e2metros os direitos humanos, o princ\u00edpio da igualdade e o controle de convencionalidade para discutir a perman\u00eancia dessa forma de sa\u00edda do servi\u00e7o p\u00fablico diante do aumento da longevidade e das mudan\u00e7as sociais.<\/p><div class=\"sgbux6a966b5938fe7\" ><!--<a href=\"https:\/\/bit.ly\/3QdrqTZ\" target=\"_blank\">\n<img src=\"https:\/\/justicapotiguar.com.br\/wp-content\/uploads\/2023\/09\/mobile-geral.gif\"\/><a\/>--><\/div><style type=\"text\/css\">\r\n.sgbux6a966b5938fe7 {\r\ntext-align: center;\r\n}\r\n@media screen and (min-width: 1201px) {\r\n.sgbux6a966b5938fe7 {\r\ndisplay: none;\r\n}\r\n}\r\n@media screen and (min-width: 993px) and (max-width: 1200px) {\r\n.sgbux6a966b5938fe7 {\r\ndisplay: none;\r\n}\r\n}\r\n@media screen and (min-width: 769px) and (max-width: 992px) {\r\n.sgbux6a966b5938fe7 {\r\ndisplay: none;\r\n}\r\n}\r\n@media screen and (min-width: 768px) and (max-width: 768px) {\r\n.sgbux6a966b5938fe7 {\r\ndisplay: block;\r\n}\r\n}\r\n@media screen and (max-width: 767px) {\r\n.sgbux6a966b5938fe7 {\r\ndisplay: block;\r\n}\r\n}\r\n<\/style>\r\n<div class=\"ixhmx6a966b5938fd1\" ><!--<a href=\"https:\/\/bit.ly\/3QdrqTZ\" target=\"_blank\">\n<img src=\"https:\/\/justicapotiguar.com.br\/wp-content\/uploads\/2023\/09\/desktop-geral.gif\"\/><a\/>--><\/div><style type=\"text\/css\">\r\n.ixhmx6a966b5938fd1 {\r\ntext-align: center;\nmargin-bottom: 1em;\r\n}\r\n@media screen and (min-width: 1201px) {\r\n.ixhmx6a966b5938fd1 {\r\ndisplay: block;\r\n}\r\n}\r\n@media screen and (min-width: 993px) and (max-width: 1200px) {\r\n.ixhmx6a966b5938fd1 {\r\ndisplay: block;\r\n}\r\n}\r\n@media screen and (min-width: 769px) and (max-width: 992px) {\r\n.ixhmx6a966b5938fd1 {\r\ndisplay: block;\r\n}\r\n}\r\n@media screen and (min-width: 768px) and (max-width: 768px) {\r\n.ixhmx6a966b5938fd1 {\r\ndisplay: none;\r\n}\r\n}\r\n@media screen and (max-width: 767px) {\r\n.ixhmx6a966b5938fd1 {\r\ndisplay: none;\r\n}\r\n}\r\n<\/style>\r\n\n\n\n\n<p>O livro cita diretrizes de organismos internacionais, como a Organiza\u00e7\u00e3o das Na\u00e7\u00f5es Unidas, a Organiza\u00e7\u00e3o Mundial da Sa\u00fade e a Conven\u00e7\u00e3o Interamericana sobre a Prote\u00e7\u00e3o dos Direitos Humanos dos Idosos.<\/p>\n\n\n\n<p>A obra, publicada pela Juru\u00e1 Editora, menciona tamb\u00e9m o Plano de A\u00e7\u00e3o de Madri de 2002, que trata do envelhecimento ativo e da elimina\u00e7\u00e3o de barreiras ao trabalho das pessoas idosas. A publica\u00e7\u00e3o sustenta que existem meios de avaliar a capacidade funcional do servidor de forma individual sem a necessidade de aplicar um limite de idade gen\u00e9rico.<\/p>\n\n\n\n<p>A obra defende a necessidade de reformar a regra atual de aposentadoria compuls\u00f3ria para adequar o servi\u00e7o p\u00fablico aos acordos internacionais e aos direitos de decis\u00e3o sobre o encerramento da vida de trabalho. A an\u00e1lise apresentada no livro abrange os impactos da perda do conhecimento de profissionais experientes para o setor p\u00fablico e prop\u00f5e o debate sobre a autonomia individual no momento da aposentadoria. O evento de lan\u00e7amento \u00e9 aberto a todos os interessados no tema.<\/p>\n","protected":false},"excerpt":{"rendered":"<p>Iadya Gama Maio, que \u00e9 titular da 7\u00aa Procuradoria de Justi\u00e7a e membro do MPRN questiona a presun\u00e7\u00e3o de incapacidade para o trabalho fundamentada exclusivamente na idade cronol\u00f3gica. <br \/><a class=\"more-link\" href=\"https:\/\/justicapotiguar.com.br\/index.php\/2026\/08\/31\/procuradora-iadya-gama-lanca-livro-sobre-aposentadoria-compulsoria-e-etarismo-no-servico-publico\/\">Mais&#8230;<\/a><\/p>\n","protected":false},"author":8,"featured_media":0,"comment_status":"open","ping_status":"open","sticky":false,"template":"","format":"standard","meta":[],"categories":[3],"tags":[],"_links":{"self":[{"href":"https:\/\/justicapotiguar.com.br\/index.php\/wp-json\/wp\/v2\/posts\/57065"}],"collection":[{"href":"https:\/\/justicapotiguar.com.br\/index.php\/wp-json\/wp\/v2\/posts"}],"about":[{"href":"https:\/\/justicapotiguar.com.br\/index.php\/wp-json\/wp\/v2\/types\/post"}],"author":[{"embeddable":true,"href":"https:\/\/justicapotiguar.com.br\/index.php\/wp-json\/wp\/v2\/users\/8"}],"replies":[{"embeddable":true,"href":"https:\/\/justicapotiguar.com.br\/index.php\/wp-json\/wp\/v2\/comments?post=57065"}],"version-history":[{"count":2,"href":"https:\/\/justicapotiguar.com.br\/index.php\/wp-json\/wp\/v2\/posts\/57065\/revisions"}],"predecessor-version":[{"id":57067,"href":"https:\/\/justicapotiguar.com.br\/index.php\/wp-json\/wp\/v2\/posts\/57065\/revisions\/57067"}],"wp:attachment":[{"href":"https:\/\/justicapotiguar.com.br\/index.php\/wp-json\/wp\/v2\/media?parent=57065"}],"wp:term":[{"taxonomy":"category","embeddable":true,"href":"https:\/\/justicapotiguar.com.br\/index.php\/wp-json\/wp\/v2\/categories?post=57065"},{"taxonomy":"post_tag","embeddable":true,"href":"https:\/\/justicapotiguar.com.br\/index.php\/wp-json\/wp\/v2\/tags?post=57065"}],"curies":[{"name":"wp","href":"https:\/\/api.w.org\/{rel}","templated":true}]}}