{"id":57053,"date":"2026-08-30T16:11:02","date_gmt":"2026-08-30T19:11:02","guid":{"rendered":"https:\/\/justicapotiguar.com.br\/?p=57053"},"modified":"2026-08-30T16:12:47","modified_gmt":"2026-08-30T19:12:47","slug":"novo-filtro-de-relevancia-dos-recursos-especiais-entra-em-vigor-no-stj-em-setembro","status":"publish","type":"post","link":"https:\/\/justicapotiguar.com.br\/index.php\/2026\/08\/30\/novo-filtro-de-relevancia-dos-recursos-especiais-entra-em-vigor-no-stj-em-setembro\/","title":{"rendered":"Novo filtro de relev\u00e2ncia dos recursos especiais entra em vigor no STJ em setembro"},"content":{"rendered":"\n<figure class=\"wp-block-image size-large\"><img loading=\"lazy\" width=\"799\" height=\"533\" src=\"https:\/\/justicapotiguar.com.br\/wp-content\/uploads\/2026\/08\/STJ-1.jpg\" alt=\"\" class=\"wp-image-57057\" srcset=\"https:\/\/justicapotiguar.com.br\/wp-content\/uploads\/2026\/08\/STJ-1.jpg 799w, https:\/\/justicapotiguar.com.br\/wp-content\/uploads\/2026\/08\/STJ-1-300x200.jpg 300w, https:\/\/justicapotiguar.com.br\/wp-content\/uploads\/2026\/08\/STJ-1-768x512.jpg 768w\" sizes=\"(max-width: 799px) 100vw, 799px\" \/><figcaption>Cr\u00e9ditos: Gustavo Lima\/STJ<\/figcaption><\/figure>\n\n\n\n<p>O Superior Tribunal de Justi\u00e7a (STJ) come\u00e7a a aplicar, em 3 de setembro, o novo filtro de relev\u00e2ncia dos recursos especiais. A mudan\u00e7a estabelece crit\u00e9rios para definir quais quest\u00f5es de direito federal merecem ser analisadas pelo tribunal e cria dois caminhos para os processos: a forma\u00e7\u00e3o de precedentes qualificados, com efeitos que ultrapassam as partes, e o julgamento do caso concreto, restrito aos envolvidos na a\u00e7\u00e3o.<\/p>\n\n\n\n<p>A partir da entrada em vigor da Emenda Regimental 55, todo recurso especial dever\u00e1 conter um t\u00f3pico espec\u00edfico e fundamentado demonstrando a relev\u00e2ncia da quest\u00e3o de direito federal infraconstitucional. A aus\u00eancia dessa justificativa poder\u00e1 levar \u00e0 inadmiss\u00e3o do recurso na origem ou ao seu n\u00e3o conhecimento pelo STJ. Para ser considerada relevante, a quest\u00e3o dever\u00e1 apresentar impacto econ\u00f4mico, pol\u00edtico, social ou jur\u00eddico que ultrapasse os interesses individuais das partes.<\/p>\n\n\n\n<p>Nos casos com potencial para forma\u00e7\u00e3o de precedente qualificado, a an\u00e1lise ficar\u00e1 a cargo da Corte Especial ou da se\u00e7\u00e3o competente. Reconhecida a relev\u00e2ncia, o STJ poder\u00e1 suspender, por seis meses, prorrog\u00e1veis uma vez pelo mesmo per\u00edodo, os processos que discutam a mesma quest\u00e3o em todo o pa\u00eds. Depois da instru\u00e7\u00e3o, o tribunal julgar\u00e1 o m\u00e9rito e fixar\u00e1 uma tese de observ\u00e2ncia obrigat\u00f3ria pelos ju\u00edzes e tribunais. Se a relev\u00e2ncia for rejeitada, o m\u00e9rito n\u00e3o ser\u00e1 analisado e os tribunais de origem dever\u00e3o negar seguimento aos recursos que tratem da mesma controv\u00e9rsia.<\/p>\n\n\n\n<p>O reconhecimento da relev\u00e2ncia, contudo, n\u00e3o significa necessariamente a cria\u00e7\u00e3o de um precedente qualificado. Quando a controv\u00e9rsia n\u00e3o for adequada a esse procedimento, o julgamento permanecer\u00e1 nas turmas do STJ e produzir\u00e1 efeitos apenas no caso concreto.<\/p><div class=\"jwrti6a94cc51359d2\" ><!--<a href=\"https:\/\/bit.ly\/3QdrqTZ\" target=\"_blank\">\n<img src=\"https:\/\/justicapotiguar.com.br\/wp-content\/uploads\/2023\/09\/mobile-geral.gif\"\/><a\/>--><\/div><style type=\"text\/css\">\r\n.jwrti6a94cc51359d2 {\r\ntext-align: center;\r\n}\r\n@media screen and (min-width: 1201px) {\r\n.jwrti6a94cc51359d2 {\r\ndisplay: none;\r\n}\r\n}\r\n@media screen and (min-width: 993px) and (max-width: 1200px) {\r\n.jwrti6a94cc51359d2 {\r\ndisplay: none;\r\n}\r\n}\r\n@media screen and (min-width: 769px) and (max-width: 992px) {\r\n.jwrti6a94cc51359d2 {\r\ndisplay: none;\r\n}\r\n}\r\n@media screen and (min-width: 768px) and (max-width: 768px) {\r\n.jwrti6a94cc51359d2 {\r\ndisplay: block;\r\n}\r\n}\r\n@media screen and (max-width: 767px) {\r\n.jwrti6a94cc51359d2 {\r\ndisplay: block;\r\n}\r\n}\r\n<\/style>\r\n<div class=\"gcrwh6a94cc51359b8\" ><!--<a href=\"https:\/\/bit.ly\/3QdrqTZ\" target=\"_blank\">\n<img src=\"https:\/\/justicapotiguar.com.br\/wp-content\/uploads\/2023\/09\/desktop-geral.gif\"\/><a\/>--><\/div><style type=\"text\/css\">\r\n.gcrwh6a94cc51359b8 {\r\ntext-align: center;\nmargin-bottom: 1em;\r\n}\r\n@media screen and (min-width: 1201px) {\r\n.gcrwh6a94cc51359b8 {\r\ndisplay: block;\r\n}\r\n}\r\n@media screen and (min-width: 993px) and (max-width: 1200px) {\r\n.gcrwh6a94cc51359b8 {\r\ndisplay: block;\r\n}\r\n}\r\n@media screen and (min-width: 769px) and (max-width: 992px) {\r\n.gcrwh6a94cc51359b8 {\r\ndisplay: block;\r\n}\r\n}\r\n@media screen and (min-width: 768px) and (max-width: 768px) {\r\n.gcrwh6a94cc51359b8 {\r\ndisplay: none;\r\n}\r\n}\r\n@media screen and (max-width: 767px) {\r\n.gcrwh6a94cc51359b8 {\r\ndisplay: none;\r\n}\r\n}\r\n<\/style>\r\n\n\n\n\n<p>O novo modelo tamb\u00e9m prev\u00ea mecanismos para lidar com situa\u00e7\u00f5es em que a controv\u00e9rsia seja diferente de um tema j\u00e1 julgado ou em que haja necessidade de revis\u00e3o de entendimento. Nesse contexto, recursos que apresentem argumentos de distin\u00e7\u00e3o ou supera\u00e7\u00e3o poder\u00e3o ser submetidos novamente ao procedimento de relev\u00e2ncia, al\u00e9m da possibilidade de apresenta\u00e7\u00e3o de Proposta de Revis\u00e3o de Tese (PRT).<\/p>\n\n\n\n<p>Os recursos repetitivos j\u00e1 afetados e pendentes de julgamento quando a nova sistem\u00e1tica entrar em vigor ser\u00e3o considerados relevantes, salvo decis\u00e3o em sentido contr\u00e1rio do \u00f3rg\u00e3o competente.<\/p>\n\n\n\n<p>A mudan\u00e7a aproxima, em parte, o STJ do modelo de repercuss\u00e3o geral adotado pelo Supremo Tribunal Federal, mas preserva a possibilidade de julgamento de quest\u00f5es relevantes pelas turmas quando n\u00e3o houver forma\u00e7\u00e3o de precedente qualificado. Para a advocacia, a principal consequ\u00eancia \u00e9 pr\u00e1tica: a demonstra\u00e7\u00e3o da relev\u00e2ncia passa a integrar a estrat\u00e9gia do recurso especial e dever\u00e1 explicar, de maneira objetiva e fundamentada, por que determinada quest\u00e3o federal ultrapassa os interesses das partes e merece a an\u00e1lise do tribunal.<br><br><em>Com informa\u00e7\u00f5es do JOTA<\/em><\/p>\n","protected":false},"excerpt":{"rendered":"<p>Todo recurso especial dever\u00e1 conter um t\u00f3pico espec\u00edfico e fundamentado demonstrando a relev\u00e2ncia da quest\u00e3o de direito federal infraconstitucional.<br \/><a class=\"more-link\" href=\"https:\/\/justicapotiguar.com.br\/index.php\/2026\/08\/30\/novo-filtro-de-relevancia-dos-recursos-especiais-entra-em-vigor-no-stj-em-setembro\/\">Mais&#8230;<\/a><\/p>\n","protected":false},"author":8,"featured_media":0,"comment_status":"open","ping_status":"open","sticky":false,"template":"","format":"standard","meta":[],"categories":[3],"tags":[],"_links":{"self":[{"href":"https:\/\/justicapotiguar.com.br\/index.php\/wp-json\/wp\/v2\/posts\/57053"}],"collection":[{"href":"https:\/\/justicapotiguar.com.br\/index.php\/wp-json\/wp\/v2\/posts"}],"about":[{"href":"https:\/\/justicapotiguar.com.br\/index.php\/wp-json\/wp\/v2\/types\/post"}],"author":[{"embeddable":true,"href":"https:\/\/justicapotiguar.com.br\/index.php\/wp-json\/wp\/v2\/users\/8"}],"replies":[{"embeddable":true,"href":"https:\/\/justicapotiguar.com.br\/index.php\/wp-json\/wp\/v2\/comments?post=57053"}],"version-history":[{"count":3,"href":"https:\/\/justicapotiguar.com.br\/index.php\/wp-json\/wp\/v2\/posts\/57053\/revisions"}],"predecessor-version":[{"id":57058,"href":"https:\/\/justicapotiguar.com.br\/index.php\/wp-json\/wp\/v2\/posts\/57053\/revisions\/57058"}],"wp:attachment":[{"href":"https:\/\/justicapotiguar.com.br\/index.php\/wp-json\/wp\/v2\/media?parent=57053"}],"wp:term":[{"taxonomy":"category","embeddable":true,"href":"https:\/\/justicapotiguar.com.br\/index.php\/wp-json\/wp\/v2\/categories?post=57053"},{"taxonomy":"post_tag","embeddable":true,"href":"https:\/\/justicapotiguar.com.br\/index.php\/wp-json\/wp\/v2\/tags?post=57053"}],"curies":[{"name":"wp","href":"https:\/\/api.w.org\/{rel}","templated":true}]}}